{"id":8777,"date":"2011-11-01T16:52:03","date_gmt":"2011-11-01T16:52:03","guid":{"rendered":"http:\/\/www.hoymercedes.com.ar\/principal\/?p=8777"},"modified":"2011-11-01T16:52:03","modified_gmt":"2011-11-01T16:52:03","slug":"inauguraron-hogar-de-abrigo","status":"publish","type":"post","link":"https:\/\/www.hoymercedes.com.ar\/principal\/2011\/11\/01\/inauguraron-hogar-de-abrigo\/","title":{"rendered":"Inauguraron Hogar de Abrigo"},"content":{"rendered":"<p><a href=\"https:\/\/www.hoymercedes.com.ar\/principal\/wp-content\/uploads\/2011\/11\/Inauguracion-abrigo.jpg\"><img loading=\"lazy\" decoding=\"async\" data-attachment-id=\"8779\" data-permalink=\"https:\/\/www.hoymercedes.com.ar\/principal\/2011\/11\/01\/inauguraron-hogar-de-abrigo\/inauguracion-abrigo\/#main\" data-orig-file=\"https:\/\/www.hoymercedes.com.ar\/principal\/wp-content\/uploads\/2011\/11\/Inauguracion-abrigo.jpg\" data-orig-size=\"612,459\" data-comments-opened=\"1\" data-image-meta=\"{&quot;aperture&quot;:&quot;0&quot;,&quot;credit&quot;:&quot;&quot;,&quot;camera&quot;:&quot;BlackBerry 9300&quot;,&quot;caption&quot;:&quot;&quot;,&quot;created_timestamp&quot;:&quot;0&quot;,&quot;copyright&quot;:&quot;&quot;,&quot;focal_length&quot;:&quot;0&quot;,&quot;iso&quot;:&quot;0&quot;,&quot;shutter_speed&quot;:&quot;0&quot;,&quot;title&quot;:&quot;&quot;}\" data-image-title=\"Inauguracion-abrigo\" data-image-description=\"\" data-image-caption=\"\" data-large-file=\"https:\/\/www.hoymercedes.com.ar\/principal\/wp-content\/uploads\/2011\/11\/Inauguracion-abrigo.jpg\" class=\"aligncenter size-full wp-image-8779\" title=\"Inauguracion-abrigo\" src=\"https:\/\/www.hoymercedes.com.ar\/principal\/wp-content\/uploads\/2011\/11\/Inauguracion-abrigo.jpg\" alt=\"\" width=\"612\" height=\"459\" \/><\/a><\/p>\n<p>Hoy por la ma\u00f1ana el Intendente Municipal Carlos Selva, acompa\u00f1o la inauguracion del Hogar de Abrigo \u201cMadre Teresa\u201d, en calle 31 casi esquina 14. La fundaci\u00f3n Despertar Mercedes, va en busca de la defensa, promoci\u00f3n y protecci\u00f3n de la familia y de toda la vida humana, y con el Hogar, brinda abrigo, contenci\u00f3n y acompa\u00f1amiento a mamas menores en situaci\u00f3n de riesgo; brind\u00e1ndoles herramientas para poder desempe\u00f1ar su maternidad y desarrollar sus habilidades para una futura autonom\u00eda.<\/p>\n<p>Ser\u00e1n distintos los servicios que se brindaran desde el lugar, incluyendo charlas y talleres<\/p>\n","protected":false},"excerpt":{"rendered":"<p>Hoy por la ma\u00f1ana el Intendente Municipal Carlos Selva, acompa\u00f1o la inauguracion del Hogar de Abrigo \u201cMadre Teresa\u201d, en calle &#8230; <a title=\"Inauguraron Hogar de Abrigo\" class=\"read-more\" href=\"https:\/\/www.hoymercedes.com.ar\/principal\/2011\/11\/01\/inauguraron-hogar-de-abrigo\/\" aria-label=\"Leer m\u00e1s sobre Inauguraron Hogar de Abrigo\">Leer m\u00e1s<\/a><\/p>\n","protected":false},"author":1,"featured_media":0,"comment_status":"open","ping_status":"open","sticky":false,"template":"","format":"standard","meta":{"_monsterinsights_skip_tracking":false,"_monsterinsights_sitenote_active":false,"_monsterinsights_sitenote_note":"","_monsterinsights_sitenote_category":0,"jetpack_post_was_ever_published":false,"_jetpack_newsletter_access":"","_jetpack_dont_email_post_to_subs":false,"_jetpack_newsletter_tier_id":0,"_jetpack_memberships_contains_paywalled_content":false,"_jetpack_memberships_contains_paid_content":false,"footnotes":"","jetpack_publicize_message":"","jetpack_publicize_feature_enabled":true,"jetpack_social_post_already_shared":false,"jetpack_social_options":{"image_generator_settings":{"template":"highway","default_image_id":0,"font":"","enabled":false},"version":2},"_wpas_customize_per_network":false},"categories":[30],"tags":[1532],"class_list":["post-8777","post","type-post","status-publish","format-standard","hentry","category-municipio","tag-hogar-de-abrigo","generate-columns","tablet-grid-50","mobile-grid-100","grid-parent","grid-50"],"jetpack_publicize_connections":[],"jetpack_featured_media_url":"","wps_subtitle":"","jetpack_sharing_enabled":true,"_links":{"self":[{"href":"https:\/\/www.hoymercedes.com.ar\/principal\/wp-json\/wp\/v2\/posts\/8777","targetHints":{"allow":["GET"]}}],"collection":[{"href":"https:\/\/www.hoymercedes.com.ar\/principal\/wp-json\/wp\/v2\/posts"}],"about":[{"href":"https:\/\/www.hoymercedes.com.ar\/principal\/wp-json\/wp\/v2\/types\/post"}],"author":[{"embeddable":true,"href":"https:\/\/www.hoymercedes.com.ar\/principal\/wp-json\/wp\/v2\/users\/1"}],"replies":[{"embeddable":true,"href":"https:\/\/www.hoymercedes.com.ar\/principal\/wp-json\/wp\/v2\/comments?post=8777"}],"version-history":[{"count":0,"href":"https:\/\/www.hoymercedes.com.ar\/principal\/wp-json\/wp\/v2\/posts\/8777\/revisions"}],"wp:attachment":[{"href":"https:\/\/www.hoymercedes.com.ar\/principal\/wp-json\/wp\/v2\/media?parent=8777"}],"wp:term":[{"taxonomy":"category","embeddable":true,"href":"https:\/\/www.hoymercedes.com.ar\/principal\/wp-json\/wp\/v2\/categories?post=8777"},{"taxonomy":"post_tag","embeddable":true,"href":"https:\/\/www.hoymercedes.com.ar\/principal\/wp-json\/wp\/v2\/tags?post=8777"}],"curies":[{"name":"wp","href":"https:\/\/api.w.org\/{rel}","templated":true}]}}