{"id":87777,"date":"2019-02-05T20:33:08","date_gmt":"2019-02-05T23:33:08","guid":{"rendered":"http:\/\/www.hoymercedes.com.ar\/principal\/?p=87777"},"modified":"2019-02-05T20:33:14","modified_gmt":"2019-02-05T23:33:14","slug":"buena-actuacion-de-santiago-sosa-en-la-goleada-de-argentina-ante-venezuela","status":"publish","type":"post","link":"https:\/\/www.hoymercedes.com.ar\/principal\/2019\/02\/05\/buena-actuacion-de-santiago-sosa-en-la-goleada-de-argentina-ante-venezuela\/","title":{"rendered":"Buena actuaci\u00f3n de Santiago Sosa en la goleada de Argentina ante Venezuela"},"content":{"rendered":"\n<p><strong>La P\u00e1gina Millonaria.<\/strong> Un enorme triunfo consigui\u00f3 la noche de este lunes el seleccionado sub 20 de f\u00fatbol argentino frente a Venezuela, en el marco del Torneo Sudamericano de la categor\u00eda.\u00a0<strong>Los representantes del conjunto nacional\u00a0vencieron por 3 a 0 al equipo \u00abvinotinto\u00bb con presencia riverplatense desde el inicio<\/strong>, ya que\u00a0Santiago Sosa y Juli\u00e1n \u00c1lvarez estuvieron desde el arranque.<\/p>\n\n\n\n<figure class=\"wp-block-image\"><img loading=\"lazy\" decoding=\"async\" width=\"678\" height=\"381\" data-attachment-id=\"87783\" data-permalink=\"https:\/\/www.hoymercedes.com.ar\/principal\/2019\/02\/05\/buena-actuacion-de-santiago-sosa-en-la-goleada-de-argentina-ante-venezuela\/santiago-sosa-seleccion-3\/#main\" data-orig-file=\"https:\/\/www.hoymercedes.com.ar\/principal\/wp-content\/uploads\/2019\/02\/Santiago-Sosa-Seleccion-1.jpg\" data-orig-size=\"678,381\" data-comments-opened=\"0\" data-image-meta=\"{&quot;aperture&quot;:&quot;0&quot;,&quot;credit&quot;:&quot;&quot;,&quot;camera&quot;:&quot;&quot;,&quot;caption&quot;:&quot;&quot;,&quot;created_timestamp&quot;:&quot;0&quot;,&quot;copyright&quot;:&quot;&quot;,&quot;focal_length&quot;:&quot;0&quot;,&quot;iso&quot;:&quot;0&quot;,&quot;shutter_speed&quot;:&quot;0&quot;,&quot;title&quot;:&quot;&quot;,&quot;orientation&quot;:&quot;0&quot;}\" data-image-title=\"Santiago Sosa Seleccion\" data-image-description=\"\" data-image-caption=\"\" data-large-file=\"https:\/\/www.hoymercedes.com.ar\/principal\/wp-content\/uploads\/2019\/02\/Santiago-Sosa-Seleccion-1.jpg\" src=\"https:\/\/www.hoymercedes.com.ar\/principal\/wp-content\/uploads\/2019\/02\/Santiago-Sosa-Seleccion-1.jpg\" alt=\"\" class=\"wp-image-87783\" srcset=\"https:\/\/www.hoymercedes.com.ar\/principal\/wp-content\/uploads\/2019\/02\/Santiago-Sosa-Seleccion-1.jpg 678w, https:\/\/www.hoymercedes.com.ar\/principal\/wp-content\/uploads\/2019\/02\/Santiago-Sosa-Seleccion-1-150x84.jpg 150w, https:\/\/www.hoymercedes.com.ar\/principal\/wp-content\/uploads\/2019\/02\/Santiago-Sosa-Seleccion-1-630x354.jpg 630w\" sizes=\"auto, (max-width: 678px) 100vw, 678px\" \/><\/figure>\n\n\n\n<p>La victoria se dio de la mano de todo el cuadro de Batista en general, muy s\u00f3lido en todas sus l\u00edneas, y con un&nbsp;<strong>Adolfo Gaich como gran figura<\/strong>anotando los tres goles del partido.<\/p>\n\n\n\n<p>Sin embargo, para el mundo River obviamente llam\u00f3 la atenci\u00f3n<strong>&nbsp;la presencia de Juli\u00e1n \u00c1lvarez&nbsp;y Santiago Sosa, quienes fueron otros de los destacados del encuentro.&nbsp;<\/strong>\u00c1lvarez fue el encargado de generar juego cuando sus compa\u00f1eros lo necesitaban, y fue preciso en su tarea.<\/p>\n\n\n\n<p>De esta manera, el equipo nacional&nbsp;<strong>lleg\u00f3&nbsp;a las 6&nbsp;unidades y qued\u00f3 a un punto del l\u00edder Uruguay<\/strong>, en el certamen que por estos d\u00edas se disputa en el Estadio El Teniente de Rancagua en pleno hexagonal final, y a falta de solo dos jornadas para el cierre.<\/p>\n\n\n\n<p>Incluso si se dan algunos resultados,<strong>\u00a0en la jornada venidera el equipo argentino podr\u00eda sellar su clasificaci\u00f3n al Mundial de Polonia 2019<\/strong>. En dicha fecha, pactada para el jueves 7, desde las 17.30, la Argentina se medir\u00e1 ante el puntero. \u00a1Vamos\u00a0los pibes!<\/p>\n\n\n\n<p><strong>El Puntaje<\/strong><\/p>\n\n\n\n<p><strong>Santiago Sosa (6)<\/strong>: Algo impreciso en el arranque, fue mejorando con el correr de los minutos. Redonde\u00f3 un partido correcto. <\/p>\n","protected":false},"excerpt":{"rendered":"<p>La P\u00e1gina Millonaria. Un enorme triunfo consigui\u00f3 la noche de este lunes el seleccionado sub 20 de f\u00fatbol argentino frente &#8230; <a title=\"Buena actuaci\u00f3n de Santiago Sosa en la goleada de Argentina ante Venezuela\" class=\"read-more\" href=\"https:\/\/www.hoymercedes.com.ar\/principal\/2019\/02\/05\/buena-actuacion-de-santiago-sosa-en-la-goleada-de-argentina-ante-venezuela\/\" aria-label=\"Leer m\u00e1s sobre Buena actuaci\u00f3n de Santiago Sosa en la goleada de Argentina ante Venezuela\">Leer m\u00e1s<\/a><\/p>\n","protected":false},"author":1,"featured_media":87783,"comment_status":"closed","ping_status":"open","sticky":false,"template":"","format":"standard","meta":{"_monsterinsights_skip_tracking":false,"_monsterinsights_sitenote_active":false,"_monsterinsights_sitenote_note":"","_monsterinsights_sitenote_category":0,"jetpack_post_was_ever_published":false,"_jetpack_newsletter_access":"","_jetpack_dont_email_post_to_subs":false,"_jetpack_newsletter_tier_id":0,"_jetpack_memberships_contains_paywalled_content":false,"_jetpack_memberships_contains_paid_content":false,"footnotes":"","jetpack_publicize_message":"","jetpack_publicize_feature_enabled":true,"jetpack_social_post_already_shared":true,"jetpack_social_options":{"image_generator_settings":{"template":"highway","default_image_id":0,"font":"","enabled":false},"version":2},"_wpas_customize_per_network":false},"categories":[21],"tags":[14476,12706],"class_list":["post-87777","post","type-post","status-publish","format-standard","has-post-thumbnail","hentry","category-deportes","tag-argentina-3-venezuela-0","tag-santiago-sosa","generate-columns","tablet-grid-50","mobile-grid-100","grid-parent","grid-50"],"jetpack_publicize_connections":[],"jetpack_featured_media_url":"https:\/\/www.hoymercedes.com.ar\/principal\/wp-content\/uploads\/2019\/02\/Santiago-Sosa-Seleccion-1.jpg","wps_subtitle":"La Legi\u00f3n","jetpack_sharing_enabled":true,"_links":{"self":[{"href":"https:\/\/www.hoymercedes.com.ar\/principal\/wp-json\/wp\/v2\/posts\/87777","targetHints":{"allow":["GET"]}}],"collection":[{"href":"https:\/\/www.hoymercedes.com.ar\/principal\/wp-json\/wp\/v2\/posts"}],"about":[{"href":"https:\/\/www.hoymercedes.com.ar\/principal\/wp-json\/wp\/v2\/types\/post"}],"author":[{"embeddable":true,"href":"https:\/\/www.hoymercedes.com.ar\/principal\/wp-json\/wp\/v2\/users\/1"}],"replies":[{"embeddable":true,"href":"https:\/\/www.hoymercedes.com.ar\/principal\/wp-json\/wp\/v2\/comments?post=87777"}],"version-history":[{"count":0,"href":"https:\/\/www.hoymercedes.com.ar\/principal\/wp-json\/wp\/v2\/posts\/87777\/revisions"}],"wp:featuredmedia":[{"embeddable":true,"href":"https:\/\/www.hoymercedes.com.ar\/principal\/wp-json\/wp\/v2\/media\/87783"}],"wp:attachment":[{"href":"https:\/\/www.hoymercedes.com.ar\/principal\/wp-json\/wp\/v2\/media?parent=87777"}],"wp:term":[{"taxonomy":"category","embeddable":true,"href":"https:\/\/www.hoymercedes.com.ar\/principal\/wp-json\/wp\/v2\/categories?post=87777"},{"taxonomy":"post_tag","embeddable":true,"href":"https:\/\/www.hoymercedes.com.ar\/principal\/wp-json\/wp\/v2\/tags?post=87777"}],"curies":[{"name":"wp","href":"https:\/\/api.w.org\/{rel}","templated":true}]}}