{"id":87794,"date":"2019-02-06T08:04:29","date_gmt":"2019-02-06T11:04:29","guid":{"rendered":"http:\/\/www.hoymercedes.com.ar\/principal\/?p=87794"},"modified":"2019-02-06T09:01:01","modified_gmt":"2019-02-06T12:01:01","slug":"boragno-la-provincia-aumenta-la-energia-y-eso-golpea-a-todos-los-vecinos-y-comerciantes-%ef%bb%bf","status":"publish","type":"post","link":"https:\/\/www.hoymercedes.com.ar\/principal\/2019\/02\/06\/boragno-la-provincia-aumenta-la-energia-y-eso-golpea-a-todos-los-vecinos-y-comerciantes-%ef%bb%bf\/","title":{"rendered":"Boragno \u201cLa Provincia aumenta la energ\u00eda y eso golpea a todos los vecinos y comerciantes  \ufeff"},"content":{"rendered":"\n<p><br><\/p>\n\n\n\n<figure class=\"wp-block-image is-resized\"><img loading=\"lazy\" decoding=\"async\" data-attachment-id=\"74154\" data-permalink=\"https:\/\/www.hoymercedes.com.ar\/principal\/2018\/03\/31\/otro-golpe-al-bolsillo-con-fuertes-aumentos-y-las-consultas-en-omic-crecen\/boragno\/#main\" data-orig-file=\"https:\/\/www.hoymercedes.com.ar\/principal\/wp-content\/uploads\/2018\/03\/boragno.jpg\" data-orig-size=\"555,575\" data-comments-opened=\"0\" data-image-meta=\"{&quot;aperture&quot;:&quot;0&quot;,&quot;credit&quot;:&quot;SEBASTIANAMBROSSIO&quot;,&quot;camera&quot;:&quot;&quot;,&quot;caption&quot;:&quot;&quot;,&quot;created_timestamp&quot;:&quot;0&quot;,&quot;copyright&quot;:&quot;SebastianAmbrossio&quot;,&quot;focal_length&quot;:&quot;0&quot;,&quot;iso&quot;:&quot;0&quot;,&quot;shutter_speed&quot;:&quot;0&quot;,&quot;title&quot;:&quot;&quot;,&quot;orientation&quot;:&quot;0&quot;}\" data-image-title=\"boragno\" data-image-description=\"\" data-image-caption=\"&lt;p&gt;Mart\u00edn Boragno responsable de Defensa del Consumidor en Mercedes &lt;\/p&gt;\n\" data-large-file=\"https:\/\/www.hoymercedes.com.ar\/principal\/wp-content\/uploads\/2018\/03\/boragno.jpg\" src=\"https:\/\/www.hoymercedes.com.ar\/principal\/wp-content\/uploads\/2018\/03\/boragno.jpg\" alt=\"\" class=\"wp-image-74154\" width=\"595\" height=\"616\" srcset=\"https:\/\/www.hoymercedes.com.ar\/principal\/wp-content\/uploads\/2018\/03\/boragno.jpg 555w, https:\/\/www.hoymercedes.com.ar\/principal\/wp-content\/uploads\/2018\/03\/boragno-145x150.jpg 145w\" sizes=\"auto, (max-width: 595px) 100vw, 595px\" \/><figcaption>Mart\u00edn Boragno responsable de Defensa del Consumidor en Mercedes <\/figcaption><\/figure>\n\n\n\n<p>Un nuevo aumento se dio en el servicio de energ\u00eda el\u00e9ctrica. En esta ocasi\u00f3n es del 38% y ya est\u00e1 publicada la resoluci\u00f3n de la Provincia de Buenos Aires por medio del OCEBA para su implementaci\u00f3n. \u201cSin duda es un fuerte golpe a los bolsillos de todos los mercedinos que en \u00e9pocas de hiper inflaci\u00f3n, recesi\u00f3n y contracci\u00f3n econ\u00f3mica vemos como siguen metiendo la mano en el bolsillo de los trabajadores en beneficio de las grandes empresas\u201d dijo Mart\u00edn Boragno.<br>La gobernadora Vidal autoriz\u00f3 hizo mediante la Resoluci\u00f3n 186 del Ministerio de Infraestructura publicada hoy en el Bolet\u00edn Oficial bonaerense. \u201cLa decisi\u00f3n se da en el marco de una ca\u00edda del salario por la devaluaci\u00f3n, el aumento de todos los precios y las tarifas, desde peaje a energ\u00eda, gas, tel\u00e9fono, nafta, todo\u201d dijo Boragno y mencion\u00f3 que \u201ctambi\u00e9n en garrafas, donde vimos que la garrafa social peg\u00f3 un salto de valor incluso superior a la no social, es decir, otro enorme y ya escandaloso golpe a los que menos tienen\u201d coment\u00f3 el responsable de la oficina de defensa del consumidor local recordando que la garrafa subi\u00f3 un 37%.<br>\u201cNosotros como hicimos siempre por decisi\u00f3n del intendente Ustarroz vamos a hacer todo lo posible por defender a nuestros vecinos, como cuando presentamos amparos por gas, energ\u00eda, la quita de beneficios a las personas con discapacidad, pero sin duda el gobierno provincial de Cambiemos no tiene l\u00edmites. Este aumento adem\u00e1s es acumulativos de todos los que ya dieron y se sabe vendr\u00e1 otro m\u00e1s adelante\u201d inform\u00f3 y coment\u00f3 \u201cmuchos vecinos est\u00e1n enojados. Ven que hay cortes de energ\u00eda, que aumenta todo. Es un coctel que destruye las econom\u00edas familiares y conduce inevitablemente a m\u00e1s pobreza\u201d dijo.<br>Lo cierto es que la resoluci\u00f3n 186 del Ministerio provincial determin\u00f3 que se aplique el aumento desde este 1 de febrero, pero en el marco del anuncio gubernamental que para el a\u00f1o ser\u00e1 no menor del 55%.<br>Vale mencionar que el art\u00edculo dos de la citada resoluci\u00f3n de la Provincia aparece EDEN. S.A entre las empresas autorizadas a aumentar la tarifa ante lo cual, los mercedinos, no estaremos ajenos al nuevo tarifazo.&nbsp;\n\n<\/p>\n","protected":false},"excerpt":{"rendered":"<p>Un nuevo aumento se dio en el servicio de energ\u00eda el\u00e9ctrica. En esta ocasi\u00f3n es del 38% y ya est\u00e1 &#8230; <a title=\"Boragno \u201cLa Provincia aumenta la energ\u00eda y eso golpea a todos los vecinos y comerciantes  \ufeff\" class=\"read-more\" href=\"https:\/\/www.hoymercedes.com.ar\/principal\/2019\/02\/06\/boragno-la-provincia-aumenta-la-energia-y-eso-golpea-a-todos-los-vecinos-y-comerciantes-%ef%bb%bf\/\" aria-label=\"Leer m\u00e1s sobre Boragno \u201cLa Provincia aumenta la energ\u00eda y eso golpea a todos los vecinos y comerciantes  \ufeff\">Leer m\u00e1s<\/a><\/p>\n","protected":false},"author":1,"featured_media":74154,"comment_status":"closed","ping_status":"open","sticky":false,"template":"","format":"standard","meta":{"_monsterinsights_skip_tracking":false,"_monsterinsights_sitenote_active":false,"_monsterinsights_sitenote_note":"","_monsterinsights_sitenote_category":0,"jetpack_post_was_ever_published":false,"_jetpack_newsletter_access":"","_jetpack_dont_email_post_to_subs":false,"_jetpack_newsletter_tier_id":0,"_jetpack_memberships_contains_paywalled_content":false,"_jetpack_memberships_contains_paid_content":false,"footnotes":"","jetpack_publicize_message":"","jetpack_publicize_feature_enabled":true,"jetpack_social_post_already_shared":true,"jetpack_social_options":{"image_generator_settings":{"template":"highway","default_image_id":0,"font":"","enabled":false},"version":2},"_wpas_customize_per_network":false},"categories":[30],"tags":[2102,244,341,8748],"class_list":["post-87794","post","type-post","status-publish","format-standard","has-post-thumbnail","hentry","category-municipio","tag-martin-boragno","tag-municipio-2","tag-omic","tag-opinion","generate-columns","tablet-grid-50","mobile-grid-100","grid-parent","grid-50"],"jetpack_publicize_connections":[],"jetpack_featured_media_url":"https:\/\/www.hoymercedes.com.ar\/principal\/wp-content\/uploads\/2018\/03\/boragno.jpg","wps_subtitle":"Golpe al bolsillo","jetpack_sharing_enabled":true,"_links":{"self":[{"href":"https:\/\/www.hoymercedes.com.ar\/principal\/wp-json\/wp\/v2\/posts\/87794","targetHints":{"allow":["GET"]}}],"collection":[{"href":"https:\/\/www.hoymercedes.com.ar\/principal\/wp-json\/wp\/v2\/posts"}],"about":[{"href":"https:\/\/www.hoymercedes.com.ar\/principal\/wp-json\/wp\/v2\/types\/post"}],"author":[{"embeddable":true,"href":"https:\/\/www.hoymercedes.com.ar\/principal\/wp-json\/wp\/v2\/users\/1"}],"replies":[{"embeddable":true,"href":"https:\/\/www.hoymercedes.com.ar\/principal\/wp-json\/wp\/v2\/comments?post=87794"}],"version-history":[{"count":0,"href":"https:\/\/www.hoymercedes.com.ar\/principal\/wp-json\/wp\/v2\/posts\/87794\/revisions"}],"wp:featuredmedia":[{"embeddable":true,"href":"https:\/\/www.hoymercedes.com.ar\/principal\/wp-json\/wp\/v2\/media\/74154"}],"wp:attachment":[{"href":"https:\/\/www.hoymercedes.com.ar\/principal\/wp-json\/wp\/v2\/media?parent=87794"}],"wp:term":[{"taxonomy":"category","embeddable":true,"href":"https:\/\/www.hoymercedes.com.ar\/principal\/wp-json\/wp\/v2\/categories?post=87794"},{"taxonomy":"post_tag","embeddable":true,"href":"https:\/\/www.hoymercedes.com.ar\/principal\/wp-json\/wp\/v2\/tags?post=87794"}],"curies":[{"name":"wp","href":"https:\/\/api.w.org\/{rel}","templated":true}]}}