{"id":87807,"date":"2019-02-06T10:15:34","date_gmt":"2019-02-06T13:15:34","guid":{"rendered":"http:\/\/www.hoymercedes.com.ar\/principal\/?p=87807"},"modified":"2019-02-06T16:49:11","modified_gmt":"2019-02-06T19:49:11","slug":"cerro-la-escuela-abierta-de-verano-en-la-unidad-n-5","status":"publish","type":"post","link":"https:\/\/www.hoymercedes.com.ar\/principal\/2019\/02\/06\/cerro-la-escuela-abierta-de-verano-en-la-unidad-n-5\/","title":{"rendered":"Cerr\u00f3 la Escuela Abierta de Verano en la Unidad N\u00b0 5"},"content":{"rendered":"\n<p>En la ma\u00f1ana del jueves pasado, la Escuela Media N\u00b0 2 dentro de la Unidad Penitenciaria N\u00ba 5 hizo una muestra de las producciones de los alumnos que asistieron a la Escuela Abierta de Verano. Treinta fueron los internos participaron de la modalidad art\u00edstica a lo largo del mes de enero. <\/p>\n\n\n\n<figure class=\"wp-block-image\"><img loading=\"lazy\" decoding=\"async\" width=\"800\" height=\"598\" data-attachment-id=\"87808\" data-permalink=\"https:\/\/www.hoymercedes.com.ar\/principal\/2019\/02\/06\/cerro-la-escuela-abierta-de-verano-en-la-unidad-n-5\/06-eav-carcel-1\/#main\" data-orig-file=\"https:\/\/www.hoymercedes.com.ar\/principal\/wp-content\/uploads\/2019\/02\/06-EAV-carcel-1.jpg\" data-orig-size=\"800,598\" data-comments-opened=\"0\" data-image-meta=\"{&quot;aperture&quot;:&quot;0&quot;,&quot;credit&quot;:&quot;&quot;,&quot;camera&quot;:&quot;&quot;,&quot;caption&quot;:&quot;&quot;,&quot;created_timestamp&quot;:&quot;0&quot;,&quot;copyright&quot;:&quot;&quot;,&quot;focal_length&quot;:&quot;0&quot;,&quot;iso&quot;:&quot;0&quot;,&quot;shutter_speed&quot;:&quot;0&quot;,&quot;title&quot;:&quot;&quot;,&quot;orientation&quot;:&quot;0&quot;}\" data-image-title=\"06 EAV carcel 1\" data-image-description=\"\" data-image-caption=\"\" data-large-file=\"https:\/\/www.hoymercedes.com.ar\/principal\/wp-content\/uploads\/2019\/02\/06-EAV-carcel-1.jpg\" src=\"https:\/\/www.hoymercedes.com.ar\/principal\/wp-content\/uploads\/2019\/02\/06-EAV-carcel-1.jpg\" alt=\"\" class=\"wp-image-87808\" srcset=\"https:\/\/www.hoymercedes.com.ar\/principal\/wp-content\/uploads\/2019\/02\/06-EAV-carcel-1.jpg 800w, https:\/\/www.hoymercedes.com.ar\/principal\/wp-content\/uploads\/2019\/02\/06-EAV-carcel-1-150x112.jpg 150w, https:\/\/www.hoymercedes.com.ar\/principal\/wp-content\/uploads\/2019\/02\/06-EAV-carcel-1-630x471.jpg 630w, https:\/\/www.hoymercedes.com.ar\/principal\/wp-content\/uploads\/2019\/02\/06-EAV-carcel-1-320x240.jpg 320w, https:\/\/www.hoymercedes.com.ar\/principal\/wp-content\/uploads\/2019\/02\/06-EAV-carcel-1-100x75.jpg 100w\" sizes=\"auto, (max-width: 800px) 100vw, 800px\" \/><\/figure>\n\n\n\n<p>Las docentes Paula Schestopalek y Natividad Ovejero fueron las responsables de organizar las actividades art\u00edsticas entre las cuales hubo dibujo, pintura, esculturas, uso del espacio tridimensional, colores y utilizaci\u00f3n de diversos materiales (reciclado, cart\u00f3n, mascaras, temperas, etc.).<\/p>\n\n\n\n<p>En la muestra final estuvieron presentes el Inspector Jefe distrital Christian Ponce, la Inspectora de las EAV, del \u00e1rea art\u00edstica Mar\u00eda Teresa Mansilla, el Director de la Escuela de Educaci\u00f3n Media N\u00ba 2 Sergio Denapole, el Subdirector de Asistencia y Tratamiento de la Unidad Dar\u00edo Potes, la Directora de la escuela de Arte Maria Barbaglia, personal penitenciario y los alumnos.<\/p>\n\n\n\n<figure class=\"wp-block-image\"><img loading=\"lazy\" decoding=\"async\" width=\"800\" height=\"598\" data-attachment-id=\"87809\" data-permalink=\"https:\/\/www.hoymercedes.com.ar\/principal\/2019\/02\/06\/cerro-la-escuela-abierta-de-verano-en-la-unidad-n-5\/06-eav-carcel\/#main\" data-orig-file=\"https:\/\/www.hoymercedes.com.ar\/principal\/wp-content\/uploads\/2019\/02\/06-EAV-carcel.jpg\" data-orig-size=\"800,598\" data-comments-opened=\"0\" data-image-meta=\"{&quot;aperture&quot;:&quot;0&quot;,&quot;credit&quot;:&quot;&quot;,&quot;camera&quot;:&quot;&quot;,&quot;caption&quot;:&quot;&quot;,&quot;created_timestamp&quot;:&quot;0&quot;,&quot;copyright&quot;:&quot;&quot;,&quot;focal_length&quot;:&quot;0&quot;,&quot;iso&quot;:&quot;0&quot;,&quot;shutter_speed&quot;:&quot;0&quot;,&quot;title&quot;:&quot;&quot;,&quot;orientation&quot;:&quot;0&quot;}\" data-image-title=\"06 EAV carcel\" data-image-description=\"\" data-image-caption=\"\" data-large-file=\"https:\/\/www.hoymercedes.com.ar\/principal\/wp-content\/uploads\/2019\/02\/06-EAV-carcel.jpg\" src=\"https:\/\/www.hoymercedes.com.ar\/principal\/wp-content\/uploads\/2019\/02\/06-EAV-carcel.jpg\" alt=\"\" class=\"wp-image-87809\" srcset=\"https:\/\/www.hoymercedes.com.ar\/principal\/wp-content\/uploads\/2019\/02\/06-EAV-carcel.jpg 800w, https:\/\/www.hoymercedes.com.ar\/principal\/wp-content\/uploads\/2019\/02\/06-EAV-carcel-150x112.jpg 150w, https:\/\/www.hoymercedes.com.ar\/principal\/wp-content\/uploads\/2019\/02\/06-EAV-carcel-630x471.jpg 630w, https:\/\/www.hoymercedes.com.ar\/principal\/wp-content\/uploads\/2019\/02\/06-EAV-carcel-320x240.jpg 320w, https:\/\/www.hoymercedes.com.ar\/principal\/wp-content\/uploads\/2019\/02\/06-EAV-carcel-100x75.jpg 100w\" sizes=\"auto, (max-width: 800px) 100vw, 800px\" \/><\/figure>\n\n\n\n<p>M\u00e1scaras, dibujos de figuras humanas. encastres, cester\u00eda, entre otras elaboraciones. El Director de la EEM N\u00ba 2 agradeci\u00f3 a las docentes y a los alumnos por el gran trabajo que hicieron e invito a seguir buscando el conocimiento en todos los \u00e1mbitos, agrego tambi\u00e9n la coordinaci\u00f3n y la labor conjunta con el Servicio Penitenciario para poder lograr que se lleve adelante.<\/p>\n\n\n\n<p>Por su parte las maestras expresaron su gran satisfacci\u00f3n de haber realizado esta experiencia en adultos y en contexto de encierro, y resaltaron la buena predisposici\u00f3n, el respeto, y el compa\u00f1erismo que vivieron en dentro del aula. Los Inspectores conversaron con los alumnos y felicitaron a todos.<\/p>\n\n\n\n<p><\/p>\n","protected":false},"excerpt":{"rendered":"<p>En la ma\u00f1ana del jueves pasado, la Escuela Media N\u00b0 2 dentro de la Unidad Penitenciaria N\u00ba 5 hizo una &#8230; <a title=\"Cerr\u00f3 la Escuela Abierta de Verano en la Unidad N\u00b0 5\" class=\"read-more\" href=\"https:\/\/www.hoymercedes.com.ar\/principal\/2019\/02\/06\/cerro-la-escuela-abierta-de-verano-en-la-unidad-n-5\/\" aria-label=\"Leer m\u00e1s sobre Cerr\u00f3 la Escuela Abierta de Verano en la Unidad N\u00b0 5\">Leer m\u00e1s<\/a><\/p>\n","protected":false},"author":1,"featured_media":87809,"comment_status":"closed","ping_status":"open","sticky":false,"template":"","format":"standard","meta":{"_monsterinsights_skip_tracking":false,"_monsterinsights_sitenote_active":false,"_monsterinsights_sitenote_note":"","_monsterinsights_sitenote_category":0,"jetpack_post_was_ever_published":false,"_jetpack_newsletter_access":"","_jetpack_dont_email_post_to_subs":false,"_jetpack_newsletter_tier_id":0,"_jetpack_memberships_contains_paywalled_content":false,"_jetpack_memberships_contains_paid_content":false,"footnotes":"","jetpack_publicize_message":"","jetpack_publicize_feature_enabled":true,"jetpack_social_post_already_shared":true,"jetpack_social_options":{"image_generator_settings":{"template":"highway","default_image_id":0,"font":"","enabled":false},"version":2},"_wpas_customize_per_network":false},"categories":[23],"tags":[1011,47,14478,113],"class_list":["post-87807","post","type-post","status-publish","format-standard","has-post-thumbnail","hentry","category-educacion","tag-carcel","tag-educacion-2","tag-escuela-abierta-de-verano","tag-unidad-5","generate-columns","tablet-grid-50","mobile-grid-100","grid-parent","grid-50"],"jetpack_publicize_connections":[],"jetpack_featured_media_url":"https:\/\/www.hoymercedes.com.ar\/principal\/wp-content\/uploads\/2019\/02\/06-EAV-carcel.jpg","wps_subtitle":"Modalidad art\u00edstica","jetpack_sharing_enabled":true,"_links":{"self":[{"href":"https:\/\/www.hoymercedes.com.ar\/principal\/wp-json\/wp\/v2\/posts\/87807","targetHints":{"allow":["GET"]}}],"collection":[{"href":"https:\/\/www.hoymercedes.com.ar\/principal\/wp-json\/wp\/v2\/posts"}],"about":[{"href":"https:\/\/www.hoymercedes.com.ar\/principal\/wp-json\/wp\/v2\/types\/post"}],"author":[{"embeddable":true,"href":"https:\/\/www.hoymercedes.com.ar\/principal\/wp-json\/wp\/v2\/users\/1"}],"replies":[{"embeddable":true,"href":"https:\/\/www.hoymercedes.com.ar\/principal\/wp-json\/wp\/v2\/comments?post=87807"}],"version-history":[{"count":0,"href":"https:\/\/www.hoymercedes.com.ar\/principal\/wp-json\/wp\/v2\/posts\/87807\/revisions"}],"wp:featuredmedia":[{"embeddable":true,"href":"https:\/\/www.hoymercedes.com.ar\/principal\/wp-json\/wp\/v2\/media\/87809"}],"wp:attachment":[{"href":"https:\/\/www.hoymercedes.com.ar\/principal\/wp-json\/wp\/v2\/media?parent=87807"}],"wp:term":[{"taxonomy":"category","embeddable":true,"href":"https:\/\/www.hoymercedes.com.ar\/principal\/wp-json\/wp\/v2\/categories?post=87807"},{"taxonomy":"post_tag","embeddable":true,"href":"https:\/\/www.hoymercedes.com.ar\/principal\/wp-json\/wp\/v2\/tags?post=87807"}],"curies":[{"name":"wp","href":"https:\/\/api.w.org\/{rel}","templated":true}]}}