{"id":87812,"date":"2019-02-06T14:49:20","date_gmt":"2019-02-06T17:49:20","guid":{"rendered":"http:\/\/www.hoymercedes.com.ar\/principal\/?p=87812"},"modified":"2019-02-06T17:13:15","modified_gmt":"2019-02-06T20:13:15","slug":"cuatro-dias-mas-de-bares-y-pizzerias","status":"publish","type":"post","link":"https:\/\/www.hoymercedes.com.ar\/principal\/2019\/02\/06\/cuatro-dias-mas-de-bares-y-pizzerias\/","title":{"rendered":"Cuatro d\u00edas m\u00e1s de Bares y Pizzer\u00edas"},"content":{"rendered":"\n<p>Del 7 al 10 de febrero, se llevar\u00e1 a cabo la segunda parte del ciclo \u00abBares y Pizzer\u00edas\u00bb que llevan adelante los comercios gastron\u00f3micos junto a la Municipalidad de Mercedes. Con m\u00fasica en vivo, el ciclo arranca el jueves 7 en La Cuadra y Puerta Negra (Av. 40 y Av. 29); el viernes 8 ser\u00e1 en Boulevar (30 y 25), el s\u00e1bado el ciclo se traslada a Bacana (Rotonda ruta N\u00b0 5) y el domingo cerrar\u00e1 en Sorrento -que adem\u00e1s celebra 85 a\u00f1os- y Locos x Todo (27 y 20) extendiendo el corte de calle desde la 22 para sumar a Helader\u00eda Aloisio y Caf\u00e9 Mart\u00ednez. <\/p>\n\n\n\n<figure class=\"wp-block-image\"><img loading=\"lazy\" decoding=\"async\" width=\"600\" height=\"600\" data-attachment-id=\"87813\" data-permalink=\"https:\/\/www.hoymercedes.com.ar\/principal\/2019\/02\/06\/cuatro-dias-mas-de-bares-y-pizzerias\/06-pizzerias\/#main\" data-orig-file=\"https:\/\/www.hoymercedes.com.ar\/principal\/wp-content\/uploads\/2019\/02\/06-pizzerias.jpg\" data-orig-size=\"600,600\" data-comments-opened=\"0\" data-image-meta=\"{&quot;aperture&quot;:&quot;0&quot;,&quot;credit&quot;:&quot;&quot;,&quot;camera&quot;:&quot;&quot;,&quot;caption&quot;:&quot;&quot;,&quot;created_timestamp&quot;:&quot;0&quot;,&quot;copyright&quot;:&quot;&quot;,&quot;focal_length&quot;:&quot;0&quot;,&quot;iso&quot;:&quot;0&quot;,&quot;shutter_speed&quot;:&quot;0&quot;,&quot;title&quot;:&quot;&quot;,&quot;orientation&quot;:&quot;0&quot;}\" data-image-title=\"06 pizzerias\" data-image-description=\"\" data-image-caption=\"\" data-large-file=\"https:\/\/www.hoymercedes.com.ar\/principal\/wp-content\/uploads\/2019\/02\/06-pizzerias.jpg\" src=\"https:\/\/www.hoymercedes.com.ar\/principal\/wp-content\/uploads\/2019\/02\/06-pizzerias.jpg\" alt=\"\" class=\"wp-image-87813\" srcset=\"https:\/\/www.hoymercedes.com.ar\/principal\/wp-content\/uploads\/2019\/02\/06-pizzerias.jpg 600w, https:\/\/www.hoymercedes.com.ar\/principal\/wp-content\/uploads\/2019\/02\/06-pizzerias-150x150.jpg 150w, https:\/\/www.hoymercedes.com.ar\/principal\/wp-content\/uploads\/2019\/02\/06-pizzerias-100x100.jpg 100w\" sizes=\"auto, (max-width: 600px) 100vw, 600px\" \/><\/figure>\n","protected":false},"excerpt":{"rendered":"<p>Del 7 al 10 de febrero, se llevar\u00e1 a cabo la segunda parte del ciclo \u00abBares y Pizzer\u00edas\u00bb que llevan &#8230; <a title=\"Cuatro d\u00edas m\u00e1s de Bares y Pizzer\u00edas\" class=\"read-more\" href=\"https:\/\/www.hoymercedes.com.ar\/principal\/2019\/02\/06\/cuatro-dias-mas-de-bares-y-pizzerias\/\" aria-label=\"Leer m\u00e1s sobre Cuatro d\u00edas m\u00e1s de Bares y Pizzer\u00edas\">Leer m\u00e1s<\/a><\/p>\n","protected":false},"author":1,"featured_media":87813,"comment_status":"closed","ping_status":"open","sticky":false,"template":"","format":"standard","meta":{"_monsterinsights_skip_tracking":false,"_monsterinsights_sitenote_active":false,"_monsterinsights_sitenote_note":"","_monsterinsights_sitenote_category":0,"jetpack_post_was_ever_published":false,"_jetpack_newsletter_access":"","_jetpack_dont_email_post_to_subs":false,"_jetpack_newsletter_tier_id":0,"_jetpack_memberships_contains_paywalled_content":false,"_jetpack_memberships_contains_paid_content":false,"footnotes":"","jetpack_publicize_message":"","jetpack_publicize_feature_enabled":true,"jetpack_social_post_already_shared":true,"jetpack_social_options":{"image_generator_settings":{"template":"highway","default_image_id":0,"font":"","enabled":false},"version":2},"_wpas_customize_per_network":false},"categories":[30],"tags":[14479,10358,8539],"class_list":["post-87812","post","type-post","status-publish","format-standard","has-post-thumbnail","hentry","category-municipio","tag-ciclo-gastronomico","tag-municipio","tag-musica","generate-columns","tablet-grid-50","mobile-grid-100","grid-parent","grid-50"],"jetpack_publicize_connections":[],"jetpack_featured_media_url":"https:\/\/www.hoymercedes.com.ar\/principal\/wp-content\/uploads\/2019\/02\/06-pizzerias.jpg","wps_subtitle":"Segunda parte del ciclo","jetpack_sharing_enabled":true,"_links":{"self":[{"href":"https:\/\/www.hoymercedes.com.ar\/principal\/wp-json\/wp\/v2\/posts\/87812","targetHints":{"allow":["GET"]}}],"collection":[{"href":"https:\/\/www.hoymercedes.com.ar\/principal\/wp-json\/wp\/v2\/posts"}],"about":[{"href":"https:\/\/www.hoymercedes.com.ar\/principal\/wp-json\/wp\/v2\/types\/post"}],"author":[{"embeddable":true,"href":"https:\/\/www.hoymercedes.com.ar\/principal\/wp-json\/wp\/v2\/users\/1"}],"replies":[{"embeddable":true,"href":"https:\/\/www.hoymercedes.com.ar\/principal\/wp-json\/wp\/v2\/comments?post=87812"}],"version-history":[{"count":0,"href":"https:\/\/www.hoymercedes.com.ar\/principal\/wp-json\/wp\/v2\/posts\/87812\/revisions"}],"wp:featuredmedia":[{"embeddable":true,"href":"https:\/\/www.hoymercedes.com.ar\/principal\/wp-json\/wp\/v2\/media\/87813"}],"wp:attachment":[{"href":"https:\/\/www.hoymercedes.com.ar\/principal\/wp-json\/wp\/v2\/media?parent=87812"}],"wp:term":[{"taxonomy":"category","embeddable":true,"href":"https:\/\/www.hoymercedes.com.ar\/principal\/wp-json\/wp\/v2\/categories?post=87812"},{"taxonomy":"post_tag","embeddable":true,"href":"https:\/\/www.hoymercedes.com.ar\/principal\/wp-json\/wp\/v2\/tags?post=87812"}],"curies":[{"name":"wp","href":"https:\/\/api.w.org\/{rel}","templated":true}]}}