{"id":87816,"date":"2019-02-06T18:30:36","date_gmt":"2019-02-06T21:30:36","guid":{"rendered":"http:\/\/www.hoymercedes.com.ar\/principal\/?p=87816"},"modified":"2019-02-06T18:24:21","modified_gmt":"2019-02-06T21:24:21","slug":"municipio-entregara-libros-guardapolvos-y-utiles-a-miles-de-ninos","status":"publish","type":"post","link":"https:\/\/www.hoymercedes.com.ar\/principal\/2019\/02\/06\/municipio-entregara-libros-guardapolvos-y-utiles-a-miles-de-ninos\/","title":{"rendered":"Municipio entregar\u00e1 libros, guardapolvos y \u00fatiles a miles de ni\u00f1os"},"content":{"rendered":"\n<figure class=\"wp-block-image\"><img loading=\"lazy\" decoding=\"async\" width=\"1024\" height=\"1024\" data-attachment-id=\"87817\" data-permalink=\"https:\/\/www.hoymercedes.com.ar\/principal\/2019\/02\/06\/municipio-entregara-libros-guardapolvos-y-utiles-a-miles-de-ninos\/img-20190204-wa0062\/#main\" data-orig-file=\"https:\/\/www.hoymercedes.com.ar\/principal\/wp-content\/uploads\/2019\/02\/IMG-20190204-WA0062.jpg\" data-orig-size=\"1280,1280\" data-comments-opened=\"0\" data-image-meta=\"{&quot;aperture&quot;:&quot;0&quot;,&quot;credit&quot;:&quot;&quot;,&quot;camera&quot;:&quot;&quot;,&quot;caption&quot;:&quot;&quot;,&quot;created_timestamp&quot;:&quot;0&quot;,&quot;copyright&quot;:&quot;&quot;,&quot;focal_length&quot;:&quot;0&quot;,&quot;iso&quot;:&quot;0&quot;,&quot;shutter_speed&quot;:&quot;0&quot;,&quot;title&quot;:&quot;&quot;,&quot;orientation&quot;:&quot;0&quot;}\" data-image-title=\"IMG-20190204-WA0062\" data-image-description=\"\" data-image-caption=\"\" data-large-file=\"https:\/\/www.hoymercedes.com.ar\/principal\/wp-content\/uploads\/2019\/02\/IMG-20190204-WA0062-1024x1024.jpg\" src=\"https:\/\/www.hoymercedes.com.ar\/principal\/wp-content\/uploads\/2019\/02\/IMG-20190204-WA0062-1024x1024.jpg\" alt=\"\" class=\"wp-image-87817\" srcset=\"https:\/\/www.hoymercedes.com.ar\/principal\/wp-content\/uploads\/2019\/02\/IMG-20190204-WA0062-1024x1024.jpg 1024w, https:\/\/www.hoymercedes.com.ar\/principal\/wp-content\/uploads\/2019\/02\/IMG-20190204-WA0062-150x150.jpg 150w, https:\/\/www.hoymercedes.com.ar\/principal\/wp-content\/uploads\/2019\/02\/IMG-20190204-WA0062-620x620.jpg 620w, https:\/\/www.hoymercedes.com.ar\/principal\/wp-content\/uploads\/2019\/02\/IMG-20190204-WA0062-100x100.jpg 100w, https:\/\/www.hoymercedes.com.ar\/principal\/wp-content\/uploads\/2019\/02\/IMG-20190204-WA0062.jpg 1280w\" sizes=\"auto, (max-width: 1024px) 100vw, 1024px\" \/><figcaption>Programa Mercedes Aprende<\/figcaption><\/figure>\n\n\n\n<p><br><\/p>\n\n\n\n<p>Con m\u00e1s de 5 millones invertidos, casi 10 mil libros y miles de\ndelantales y \u00fatiles la comuna contin\u00faa \u201cdemostrando que la educaci\u00f3n es una\nprioridad\u201d. Se realiza en el marco del Programa Mercedes Aprende y tras una\nlarga tarea de los actores e instituciones educativas. \u201cEste a\u00f1o buscamos\nllegar a todos porque entendemos que es una pol\u00edtica p\u00fablica, universal\u201d,\ndestac\u00f3 el intendente Juan I. Ustarroz.<\/p>\n\n\n\n<p>Se trata de una nueva iniciativa mediante la cual el municipio\notorgar\u00e1 a todos los estudiantes de las escuelas p\u00fablicas de la ciudad un\naporte importante para el inicio del ciclo lectivo. Se har\u00e1 entrega de\nguardapolvos, kits escolares, libros y manuales seg\u00fan cada ciclo. La inversi\u00f3n\nalcanza los cinco millones de pesos. Estuvieron presentes la Lic. Gabriela\nOlivella, directora de ni\u00f1ez, la prof. Pamela Herrera, coordinadora de\neducaci\u00f3n, el consejero escolar Jos\u00e9 Lu\u00eds Pisano y la coordinadora del programa\nde educaci\u00f3n barrial. <\/p>\n\n\n\n<figure class=\"wp-block-image\"><img loading=\"lazy\" decoding=\"async\" width=\"1024\" height=\"470\" data-attachment-id=\"87818\" data-permalink=\"https:\/\/www.hoymercedes.com.ar\/principal\/2019\/02\/06\/municipio-entregara-libros-guardapolvos-y-utiles-a-miles-de-ninos\/mercedesaprende-12\/#main\" data-orig-file=\"https:\/\/www.hoymercedes.com.ar\/principal\/wp-content\/uploads\/2019\/02\/mercedesaprende.12.jpg\" data-orig-size=\"1257,577\" data-comments-opened=\"0\" data-image-meta=\"{&quot;aperture&quot;:&quot;0&quot;,&quot;credit&quot;:&quot;&quot;,&quot;camera&quot;:&quot;&quot;,&quot;caption&quot;:&quot;&quot;,&quot;created_timestamp&quot;:&quot;0&quot;,&quot;copyright&quot;:&quot;&quot;,&quot;focal_length&quot;:&quot;0&quot;,&quot;iso&quot;:&quot;0&quot;,&quot;shutter_speed&quot;:&quot;0&quot;,&quot;title&quot;:&quot;&quot;,&quot;orientation&quot;:&quot;0&quot;}\" data-image-title=\"mercedesaprende.12\" data-image-description=\"\" data-image-caption=\"\" data-large-file=\"https:\/\/www.hoymercedes.com.ar\/principal\/wp-content\/uploads\/2019\/02\/mercedesaprende.12-1024x470.jpg\" src=\"https:\/\/www.hoymercedes.com.ar\/principal\/wp-content\/uploads\/2019\/02\/mercedesaprende.12-1024x470.jpg\" alt=\"\" class=\"wp-image-87818\" srcset=\"https:\/\/www.hoymercedes.com.ar\/principal\/wp-content\/uploads\/2019\/02\/mercedesaprende.12-1024x470.jpg 1024w, https:\/\/www.hoymercedes.com.ar\/principal\/wp-content\/uploads\/2019\/02\/mercedesaprende.12-150x69.jpg 150w, https:\/\/www.hoymercedes.com.ar\/principal\/wp-content\/uploads\/2019\/02\/mercedesaprende.12-630x289.jpg 630w, https:\/\/www.hoymercedes.com.ar\/principal\/wp-content\/uploads\/2019\/02\/mercedesaprende.12.jpg 1257w\" sizes=\"auto, (max-width: 1024px) 100vw, 1024px\" \/><\/figure>\n\n\n\n<p>En la ma\u00f1ana de hoy, el intendente comunal Juan I. Ustarroz llev\u00f3\nadelante una conferencia de prensa acompa\u00f1ado por representantes de diferentes\n\u00e1reas municipales relacionados con la Educaci\u00f3n&nbsp;\ny la Ni\u00f1ez. La convocatoria fue para comunicar a toda la sociedad\nmercedina del lanzamiento del programa \u201cMercedes Aprende\u201d, mediante el cual la\ncomuna realiza un importante aporte a todas las familias en la previa del ciclo\nlectivo 2019.<\/p>\n\n\n\n<p>\u201cEste a\u00f1o buscamos llegar a todos porque entendemos que es una\npol\u00edtica p\u00fablica, universal, no focalizada para un sector sino para todos;\nentendiendo que hoy en d\u00eda los hijos de los trabajadores y toda la familia se\nver\u00e1 afectada por la p\u00e9rdida del poder adquisitivo como consecuencia de la\ninflaci\u00f3n\u201d, sostuvo el dr. Juan I. Ustarroz.<\/p>\n\n\n\n<figure class=\"wp-block-image\"><img loading=\"lazy\" decoding=\"async\" width=\"1024\" height=\"1024\" data-attachment-id=\"87819\" data-permalink=\"https:\/\/www.hoymercedes.com.ar\/principal\/2019\/02\/06\/municipio-entregara-libros-guardapolvos-y-utiles-a-miles-de-ninos\/img-20190204-wa0061\/#main\" data-orig-file=\"https:\/\/www.hoymercedes.com.ar\/principal\/wp-content\/uploads\/2019\/02\/IMG-20190204-WA0061.jpg\" data-orig-size=\"1280,1280\" data-comments-opened=\"0\" data-image-meta=\"{&quot;aperture&quot;:&quot;0&quot;,&quot;credit&quot;:&quot;&quot;,&quot;camera&quot;:&quot;&quot;,&quot;caption&quot;:&quot;&quot;,&quot;created_timestamp&quot;:&quot;0&quot;,&quot;copyright&quot;:&quot;&quot;,&quot;focal_length&quot;:&quot;0&quot;,&quot;iso&quot;:&quot;0&quot;,&quot;shutter_speed&quot;:&quot;0&quot;,&quot;title&quot;:&quot;&quot;,&quot;orientation&quot;:&quot;0&quot;}\" data-image-title=\"IMG-20190204-WA0061\" data-image-description=\"\" data-image-caption=\"\" data-large-file=\"https:\/\/www.hoymercedes.com.ar\/principal\/wp-content\/uploads\/2019\/02\/IMG-20190204-WA0061-1024x1024.jpg\" src=\"https:\/\/www.hoymercedes.com.ar\/principal\/wp-content\/uploads\/2019\/02\/IMG-20190204-WA0061-1024x1024.jpg\" alt=\"\" class=\"wp-image-87819\" srcset=\"https:\/\/www.hoymercedes.com.ar\/principal\/wp-content\/uploads\/2019\/02\/IMG-20190204-WA0061-1024x1024.jpg 1024w, https:\/\/www.hoymercedes.com.ar\/principal\/wp-content\/uploads\/2019\/02\/IMG-20190204-WA0061-150x150.jpg 150w, https:\/\/www.hoymercedes.com.ar\/principal\/wp-content\/uploads\/2019\/02\/IMG-20190204-WA0061-620x620.jpg 620w, https:\/\/www.hoymercedes.com.ar\/principal\/wp-content\/uploads\/2019\/02\/IMG-20190204-WA0061-100x100.jpg 100w, https:\/\/www.hoymercedes.com.ar\/principal\/wp-content\/uploads\/2019\/02\/IMG-20190204-WA0061.jpg 1280w\" sizes=\"auto, (max-width: 1024px) 100vw, 1024px\" \/><\/figure>\n\n\n\n<p>En el marco del encuentro con la prensa, el Primer Mandatario\nsostuvo: \u201cEstamos muy contentos y orgullosos del lanzar el programa Mercedes\nAprende, que realmente va a ser de una gran ayuda para la educaci\u00f3n de nuestra\nciudad; tambi\u00e9n para las familias y los ni\u00f1os. Este programa fue pensado\ndurante el 2018, y dise\u00f1ado para poder llegar ahora a todas las escuelas\np\u00fablicas de nuestra ciudad con kits escolares, guardapolvos y en el caso del primer\nciclo lectivo con libros\u201d y explic\u00f3 que \u201cen concreto, el municipio va a hacer\nesta entrega y la idea de esta conferencia de prensa es poder transmitir a\ntodos los hogares para que no salgan a comprar guardapolvos tanto para jard\u00edn,\npara escuela primaria, as\u00ed como para secundaria para las escuelas Normal,\nNacional y las Escuelas T\u00e9cnicas. Para todos est\u00e1 garantizado un guardapolvo\npor chico\u201d.<\/p>\n\n\n\n<p><strong>Importante\naporte<\/strong><\/p>\n\n\n\n<p>Seg\u00fan destac\u00f3 el Jefe Comunal \u201centendemos en este contexto, donde\nya el a\u00f1o pasado todos los trabajadores han perdido con relaci\u00f3n a la inflaci\u00f3n\nsu poder adquisitivo, un a\u00f1o que se va a hacer cuesta arriba. Sabemos que marzo\nes un mes muy duro por estas erogaciones que deben hacer los hogares en la\ncompra de kits escolares, libros y guardapolvos, y dem\u00e1s. Entonces el municipio\nrealiza un esfuerzo, invierte en algo que es central como la educaci\u00f3n. Creo\nque garantizarle a todos las condiciones elementales, m\u00ednimas e indispensables\nes un acto de justicia, de necesidad. Esto genera igualdad. Sabemos que en no\nen todos los cursos no siempre todos tienen los libros, y muchas veces hay\nchicos que tienen fotocopias y algunos ni esa posibilidad\u201d a la vez que se\u00f1al\u00f3\nque: \u201chubo mucho trabajo de distintas \u00e1reas, en conjunto. \u00c9ramos conscientes\nsobre la realidad inflacionaria del pa\u00eds y por ello la compra la realizamos el\na\u00f1o pasado para poder congelar precios. Pero queremos remarcar que es un hecho\nconsumado, una realidad de un programa nuevo que lanza el municipio de\nMercedes, y que es un compromiso desde el primer d\u00eda de gesti\u00f3n el de\nincorporar programas para la educaci\u00f3n\u201d. <\/p>\n\n\n\n<p>Con respecto a los libros se van a entregar 2500 libros a los\njardines, al primer ciclo escolar (1\u00b0, 2\u00b0 y 3\u00b0) que \u201cfueron elegidos por los\ndirectivos y docentes&nbsp; de las escuelas, a\ntrav\u00e9s de un&nbsp; trabajo realizado con los\ninspectores y directivos el a\u00f1o pasado. El municipio ya realiz\u00f3 esa compra\u201d. <\/p>\n\n\n\n<p>\u201cSon aproximadamente 2500 kits de jardines, 2.500 de secundaria y\n5.000 de escuela primaria, que significan una inversi\u00f3n de cinco millones de\npesos, en el que se incluyen todos los elementos que ser\u00e1n aportados para cada\nalumnos de los distintos ciclos\u201d, inform\u00f3 y explic\u00f3: \u201cHist\u00f3ricamente el\nmunicipio entregaba guardapolvos para las familias que no pod\u00edan comprarlo.\nEste a\u00f1o buscamos llegar a todos porque entendemos que es una pol\u00edtica p\u00fablica,\nuniversal, no focalizada para un sector sino para todos; entendiendo que hoy en\nd\u00eda los hijos de los trabajadores y toda la familia se ver\u00e1 afectada por la\np\u00e9rdida del poder adquisitivo como consecuencia de la inflaci\u00f3n\u201d.<\/p>\n\n\n\n<p><strong>Preocupaci\u00f3n\n<\/strong><\/p>\n\n\n\n<p>Por otro lado, el Dr. Ustarroz cuestion\u00f3: \u201cUno mira con mucha\npreocupaci\u00f3n, y quiero ser cr\u00edtico con esta postura de enfrentar padres con\ndocentes, como est\u00e1n haciendo en estas mesas de educaci\u00f3n; el buscar endilgarle\na los docentes el no inicio de clases cuando todav\u00eda estamos a tiempo de poder\nllegar a un acuerdo y un consenso\u201d dijo haciendo referencia a la apertura por\nparte de la Provincia a \u201cMesas de Di\u00e1logo\u201d sin abrir a\u00fan la paritaria a pesar\nde la petici\u00f3n de los sectores docentes. <\/p>\n\n\n\n<p>\u201cPor ello el municipio toma esta iniciativa desde una l\u00f3gica\npropositiva, invitando al sector y escuchando los docentes. Hemos recorrido\npr\u00e1cticamente todas las escuelas, hemos recibido a much\u00edsimos directivos,\npadres, cooperadoras ante la falta de respuesta de las instancias que\ncorresponden. Y el municipio nunca ha hecho, ni har\u00e1 de ello ninguna bandera.\nNuestra \u00fanica bandera es la de la educaci\u00f3n p\u00fablica para nuestros chicos.\nIncluso hemos trabajado con escuelas privadas que presentaban diferentes dificultades\u201d,\nsostuvo.<\/p>\n\n\n\n<p><strong>Renovando\ncompromisos<\/strong><\/p>\n\n\n\n<p>Por otro lado, y haciendo referencias a las pol\u00edticas establecidas\ndurante su gesti\u00f3n, el Intente Ustarroz se\u00f1al\u00f3: \u201cEste a\u00f1o continuar\u00e1 el Proeba,\nya hay m\u00e1s de 20 sedes en los barrios y un club; la semana pasada pudimos\ninaugurar el ciclo en los jardines maternales\u201d y agreg\u00f3: \u201cEn materia de obras\nhoy el municipio contin\u00faa realizando much\u00edsimos trabajos en las escuelas. En el\n2018 nos iniciamos con una serie de tareas de las cuales hemos iniciado\npr\u00e1cticamente todas; siendo que la Provincia no inici\u00f3 ninguna de las que se\ncomprometi\u00f3 en el anterior ejercicio\u201d.<\/p>\n\n\n\n<p>\u201cNosotros entendemos que la educaci\u00f3n es central y transversal a\ntodo; que debemos hacer todos los esfuerzos como Estado y como ciudad para\npoder mejorarla\u201d, expres\u00f3. <\/p>\n\n\n\n<p><strong>Distribuci\u00f3n<\/strong><\/p>\n\n\n\n<p>Finalmente, se inform\u00f3 que la pr\u00f3xima semana se dar\u00e1 a conocer, en\nconjunto con el sector educativo, la forma a trav\u00e9s de la cual las familias y\nlos j\u00f3venes van a poder acceder a esta entrega.<\/p>\n\n\n\n<p>\u201cLa semana que viene van a estar llegando los kits y guardapolvos y se har\u00e1 una log\u00edstica muy compleja para hacer la entrega correspondiente por el tema de los talles. Todo ello lo informaremos debidamente\u201d, remarc\u00f3 y expres\u00f3 que la idea de esta informaci\u00f3n dada a los medios fue para \u201cque los padres se enteren y tengan informaci\u00f3n de este programa para que puedan acceder al mismo\u201d.<\/p>\n\n\n\n<p class=\"has-text-color has-cyan-bluish-gray-color\">Fuente: Municipio<\/p>\n","protected":false},"excerpt":{"rendered":"<p>Con m\u00e1s de 5 millones invertidos, casi 10 mil libros y miles de delantales y \u00fatiles la comuna contin\u00faa \u201cdemostrando &#8230; <a title=\"Municipio entregar\u00e1 libros, guardapolvos y \u00fatiles a miles de ni\u00f1os\" class=\"read-more\" href=\"https:\/\/www.hoymercedes.com.ar\/principal\/2019\/02\/06\/municipio-entregara-libros-guardapolvos-y-utiles-a-miles-de-ninos\/\" aria-label=\"Leer m\u00e1s sobre Municipio entregar\u00e1 libros, guardapolvos y \u00fatiles a miles de ni\u00f1os\">Leer m\u00e1s<\/a><\/p>\n","protected":false},"author":1,"featured_media":87817,"comment_status":"closed","ping_status":"open","sticky":false,"template":"","format":"standard","meta":{"_monsterinsights_skip_tracking":false,"_monsterinsights_sitenote_active":false,"_monsterinsights_sitenote_note":"","_monsterinsights_sitenote_category":0,"jetpack_post_was_ever_published":false,"_jetpack_newsletter_access":"","_jetpack_dont_email_post_to_subs":false,"_jetpack_newsletter_tier_id":0,"_jetpack_memberships_contains_paywalled_content":false,"_jetpack_memberships_contains_paid_content":false,"footnotes":"","jetpack_publicize_message":"","jetpack_publicize_feature_enabled":true,"jetpack_social_post_already_shared":true,"jetpack_social_options":{"image_generator_settings":{"template":"highway","default_image_id":0,"font":"","enabled":false},"version":2},"_wpas_customize_per_network":false},"categories":[30],"tags":[47,14480,244],"class_list":["post-87816","post","type-post","status-publish","format-standard","has-post-thumbnail","hentry","category-municipio","tag-educacion-2","tag-entrega-de-utiles","tag-municipio-2","generate-columns","tablet-grid-50","mobile-grid-100","grid-parent","grid-50"],"jetpack_publicize_connections":[],"jetpack_featured_media_url":"https:\/\/www.hoymercedes.com.ar\/principal\/wp-content\/uploads\/2019\/02\/IMG-20190204-WA0062.jpg","wps_subtitle":"Mercedes aprende","jetpack_sharing_enabled":true,"_links":{"self":[{"href":"https:\/\/www.hoymercedes.com.ar\/principal\/wp-json\/wp\/v2\/posts\/87816","targetHints":{"allow":["GET"]}}],"collection":[{"href":"https:\/\/www.hoymercedes.com.ar\/principal\/wp-json\/wp\/v2\/posts"}],"about":[{"href":"https:\/\/www.hoymercedes.com.ar\/principal\/wp-json\/wp\/v2\/types\/post"}],"author":[{"embeddable":true,"href":"https:\/\/www.hoymercedes.com.ar\/principal\/wp-json\/wp\/v2\/users\/1"}],"replies":[{"embeddable":true,"href":"https:\/\/www.hoymercedes.com.ar\/principal\/wp-json\/wp\/v2\/comments?post=87816"}],"version-history":[{"count":0,"href":"https:\/\/www.hoymercedes.com.ar\/principal\/wp-json\/wp\/v2\/posts\/87816\/revisions"}],"wp:featuredmedia":[{"embeddable":true,"href":"https:\/\/www.hoymercedes.com.ar\/principal\/wp-json\/wp\/v2\/media\/87817"}],"wp:attachment":[{"href":"https:\/\/www.hoymercedes.com.ar\/principal\/wp-json\/wp\/v2\/media?parent=87816"}],"wp:term":[{"taxonomy":"category","embeddable":true,"href":"https:\/\/www.hoymercedes.com.ar\/principal\/wp-json\/wp\/v2\/categories?post=87816"},{"taxonomy":"post_tag","embeddable":true,"href":"https:\/\/www.hoymercedes.com.ar\/principal\/wp-json\/wp\/v2\/tags?post=87816"}],"curies":[{"name":"wp","href":"https:\/\/api.w.org\/{rel}","templated":true}]}}