{"id":8782,"date":"2011-11-01T18:36:02","date_gmt":"2011-11-01T18:36:02","guid":{"rendered":"http:\/\/www.hoymercedes.com.ar\/principal\/?p=8782"},"modified":"2011-11-01T18:36:02","modified_gmt":"2011-11-01T18:36:02","slug":"invitan-a-formar-parte-de-nueva-comparsa-para-carnavales-20112","status":"publish","type":"post","link":"https:\/\/www.hoymercedes.com.ar\/principal\/2011\/11\/01\/invitan-a-formar-parte-de-nueva-comparsa-para-carnavales-20112\/","title":{"rendered":"Invitan a formar parte de nueva comparsa para Carnavales 20112"},"content":{"rendered":"<p>Los tradicionales carnavales mercedinos a\u00f1o a a\u00f1o van sumando atractivos. Son varios los grupos de trabajo que durante el a\u00f1o desarrollan actividades diversas para poder presentar excelentes espect\u00e1culos en el mes de febrero.<\/p>\n<p>Las comparsas y murgas son parte de los atractivos y muy especialmente cuando est\u00e1n conformadas por integrantes de nuestra comunidad.<\/p>\n<p>En este caso invitan a la ciudadan\u00eda a ser parte de un nuevo emprendimiento.<\/p>\n<p>La convocatoria dice lo siguiente:<\/p>\n<blockquote><p><em>Te invitamos a participar de la nueva comparsa, trae tu alegr\u00eda y divertirte tocando y bailando! chicos y chicas a partir de 15 a\u00f1os.<\/em><\/p>\n<p><em>Organizadores estamos trabajando desde principio de a\u00f1o&#8230;Seremos la novedad 2012!<\/em><\/p>\n<p><em>Tambi\u00e9n se elegir\u00e1 reina de la comparsa.<\/em><\/p>\n<p><em>TE ESPERAMOS!!<\/em><\/p>\n<p><em>Viernes, 04 de noviembre \u00b7 20:00 hs<\/em><\/p>\n<p><em>Sociedad de fomento calle 16 y 101<\/em><\/p>\n<p><em>\u00a0M\u00e1s informaci\u00f3n llamar al tel\u00e9fono: 2324-432641 preguntar por Margarita<\/em><\/p><\/blockquote>\n<p>&nbsp;<\/p>\n","protected":false},"excerpt":{"rendered":"<p>Los tradicionales carnavales mercedinos a\u00f1o a a\u00f1o van sumando atractivos. Son varios los grupos de trabajo que durante el a\u00f1o &#8230; <a title=\"Invitan a formar parte de nueva comparsa para Carnavales 20112\" class=\"read-more\" href=\"https:\/\/www.hoymercedes.com.ar\/principal\/2011\/11\/01\/invitan-a-formar-parte-de-nueva-comparsa-para-carnavales-20112\/\" aria-label=\"Leer m\u00e1s sobre Invitan a formar parte de nueva comparsa para Carnavales 20112\">Leer m\u00e1s<\/a><\/p>\n","protected":false},"author":1,"featured_media":0,"comment_status":"open","ping_status":"open","sticky":false,"template":"","format":"standard","meta":{"_monsterinsights_skip_tracking":false,"_monsterinsights_sitenote_active":false,"_monsterinsights_sitenote_note":"","_monsterinsights_sitenote_category":0,"jetpack_post_was_ever_published":false,"_jetpack_newsletter_access":"","_jetpack_dont_email_post_to_subs":false,"_jetpack_newsletter_tier_id":0,"_jetpack_memberships_contains_paywalled_content":false,"_jetpack_memberships_contains_paid_content":false,"footnotes":"","jetpack_publicize_message":"","jetpack_publicize_feature_enabled":true,"jetpack_social_post_already_shared":false,"jetpack_social_options":{"image_generator_settings":{"template":"highway","default_image_id":0,"font":"","enabled":false},"version":2},"_wpas_customize_per_network":false},"categories":[8],"tags":[1533],"class_list":["post-8782","post","type-post","status-publish","format-standard","hentry","category-sociedad","tag-carnavales-2012-mercedes","generate-columns","tablet-grid-50","mobile-grid-100","grid-parent","grid-50"],"jetpack_publicize_connections":[],"jetpack_featured_media_url":"","wps_subtitle":"","jetpack_sharing_enabled":true,"_links":{"self":[{"href":"https:\/\/www.hoymercedes.com.ar\/principal\/wp-json\/wp\/v2\/posts\/8782","targetHints":{"allow":["GET"]}}],"collection":[{"href":"https:\/\/www.hoymercedes.com.ar\/principal\/wp-json\/wp\/v2\/posts"}],"about":[{"href":"https:\/\/www.hoymercedes.com.ar\/principal\/wp-json\/wp\/v2\/types\/post"}],"author":[{"embeddable":true,"href":"https:\/\/www.hoymercedes.com.ar\/principal\/wp-json\/wp\/v2\/users\/1"}],"replies":[{"embeddable":true,"href":"https:\/\/www.hoymercedes.com.ar\/principal\/wp-json\/wp\/v2\/comments?post=8782"}],"version-history":[{"count":0,"href":"https:\/\/www.hoymercedes.com.ar\/principal\/wp-json\/wp\/v2\/posts\/8782\/revisions"}],"wp:attachment":[{"href":"https:\/\/www.hoymercedes.com.ar\/principal\/wp-json\/wp\/v2\/media?parent=8782"}],"wp:term":[{"taxonomy":"category","embeddable":true,"href":"https:\/\/www.hoymercedes.com.ar\/principal\/wp-json\/wp\/v2\/categories?post=8782"},{"taxonomy":"post_tag","embeddable":true,"href":"https:\/\/www.hoymercedes.com.ar\/principal\/wp-json\/wp\/v2\/tags?post=8782"}],"curies":[{"name":"wp","href":"https:\/\/api.w.org\/{rel}","templated":true}]}}