{"id":87822,"date":"2019-02-06T19:15:50","date_gmt":"2019-02-06T22:15:50","guid":{"rendered":"http:\/\/www.hoymercedes.com.ar\/principal\/?p=87822"},"modified":"2019-02-06T18:24:34","modified_gmt":"2019-02-06T21:24:34","slug":"policia-logra-esclarecer-estafa-a-empresa-harinera","status":"publish","type":"post","link":"https:\/\/www.hoymercedes.com.ar\/principal\/2019\/02\/06\/policia-logra-esclarecer-estafa-a-empresa-harinera\/","title":{"rendered":"Polic\u00eda logra esclarecer estafa a empresa harinera"},"content":{"rendered":"\n<p style=\"text-align:left\">La Polic\u00eda de nuestra ciudad logr\u00f3 esclarecer y poner a disposici\u00f3n de la justicia la intenci\u00f3n de un vecino de la ciudad de <strong>Chivilcoy<\/strong> que efectu\u00f3 una falsa denuncia por robo de mercader\u00eda en la com\u00fanmente llamada \u201cpiratas del asfalto\u201d. <\/p>\n\n\n\n<p>Su masculino de apellido\nClemente, de 55 a\u00f1os de edad, empleado de una molinera de Chiviloy se hixo\npresente en la Comisar\u00eda Primera de Mercedes present\u00e1ndose como encargado de\nlog\u00edstica de una empresa harinera. El mismo narr\u00f3 a los miembros de la fuerza\nde seguridad que el pasado viernes hab\u00eda sido v\u00edctima de un robo a la altura\ndel km 95 en su cami\u00f3n Volvo mientras se dirig\u00eda a San Miguel.<\/p>\n\n\n\n<p>Ante lo expuesto se inicia, como\nes habitual por parte de los miembros de la Polic\u00eda Comunal miembros del GTO,\nuna investigaci\u00f3n sobre las 200 bolsas que el mismo manifest\u00f3 transportar que\nhab\u00edan sido parte de un atraco bajo modalidad \u201cpiratas del asfalto\u201d.<\/p>\n\n\n\n<p>Tras una fina tarea el personal de la <strong>Comisar\u00eda 1era Mercedes <\/strong>con actuaciones de la <strong>UFI N\u00b02 del Departamento Judicia<\/strong>l local logran determinar que tal situaci\u00f3n no hab\u00eda sucedido como se narr\u00f3 por parte del denunciante sino que el mismo las hab\u00eda entregado a un tercero a cambio de $20.000. <\/p>\n\n\n\n<p>El comisario Sergio Macedo ante\nla consulta de los medios tuvo palabras de agradecimiento y felicitaciones\nhacia el personal que no descartaron nunca ninguna hip\u00f3tesis, detectando los\n\u201cpuntos inconexos\u201d de la historia y llegando a la verdad de los hechos. Un fino\ntrabajo que fue avalado por la justicia con quien cotidianamente trabajan\njuntos ambas instituciones para llevar tranquilidad a los vecinos y esclareces\nlos hechos, como se ha visto \u00faltimamente. <\/p>\n","protected":false},"excerpt":{"rendered":"<p>La Polic\u00eda de nuestra ciudad logr\u00f3 esclarecer y poner a disposici\u00f3n de la justicia la intenci\u00f3n de un vecino de &#8230; <a title=\"Polic\u00eda logra esclarecer estafa a empresa harinera\" class=\"read-more\" href=\"https:\/\/www.hoymercedes.com.ar\/principal\/2019\/02\/06\/policia-logra-esclarecer-estafa-a-empresa-harinera\/\" aria-label=\"Leer m\u00e1s sobre Polic\u00eda logra esclarecer estafa a empresa harinera\">Leer m\u00e1s<\/a><\/p>\n","protected":false},"author":1,"featured_media":87799,"comment_status":"closed","ping_status":"open","sticky":false,"template":"","format":"standard","meta":{"_monsterinsights_skip_tracking":false,"_monsterinsights_sitenote_active":false,"_monsterinsights_sitenote_note":"","_monsterinsights_sitenote_category":0,"jetpack_post_was_ever_published":false,"_jetpack_newsletter_access":"","_jetpack_dont_email_post_to_subs":false,"_jetpack_newsletter_tier_id":0,"_jetpack_memberships_contains_paywalled_content":false,"_jetpack_memberships_contains_paid_content":false,"footnotes":"","jetpack_publicize_message":"","jetpack_publicize_feature_enabled":true,"jetpack_social_post_already_shared":true,"jetpack_social_options":{"image_generator_settings":{"template":"highway","default_image_id":0,"font":"","enabled":false},"version":2},"_wpas_customize_per_network":false},"categories":[85],"tags":[14481,96],"class_list":["post-87822","post","type-post","status-publish","format-standard","has-post-thumbnail","hentry","category-policial","tag-estafa","tag-policial-2","generate-columns","tablet-grid-50","mobile-grid-100","grid-parent","grid-50"],"jetpack_publicize_connections":[],"jetpack_featured_media_url":"https:\/\/www.hoymercedes.com.ar\/principal\/wp-content\/uploads\/2019\/02\/Detendio-robo-harina.jpg","wps_subtitle":"","jetpack_sharing_enabled":true,"_links":{"self":[{"href":"https:\/\/www.hoymercedes.com.ar\/principal\/wp-json\/wp\/v2\/posts\/87822","targetHints":{"allow":["GET"]}}],"collection":[{"href":"https:\/\/www.hoymercedes.com.ar\/principal\/wp-json\/wp\/v2\/posts"}],"about":[{"href":"https:\/\/www.hoymercedes.com.ar\/principal\/wp-json\/wp\/v2\/types\/post"}],"author":[{"embeddable":true,"href":"https:\/\/www.hoymercedes.com.ar\/principal\/wp-json\/wp\/v2\/users\/1"}],"replies":[{"embeddable":true,"href":"https:\/\/www.hoymercedes.com.ar\/principal\/wp-json\/wp\/v2\/comments?post=87822"}],"version-history":[{"count":0,"href":"https:\/\/www.hoymercedes.com.ar\/principal\/wp-json\/wp\/v2\/posts\/87822\/revisions"}],"wp:featuredmedia":[{"embeddable":true,"href":"https:\/\/www.hoymercedes.com.ar\/principal\/wp-json\/wp\/v2\/media\/87799"}],"wp:attachment":[{"href":"https:\/\/www.hoymercedes.com.ar\/principal\/wp-json\/wp\/v2\/media?parent=87822"}],"wp:term":[{"taxonomy":"category","embeddable":true,"href":"https:\/\/www.hoymercedes.com.ar\/principal\/wp-json\/wp\/v2\/categories?post=87822"},{"taxonomy":"post_tag","embeddable":true,"href":"https:\/\/www.hoymercedes.com.ar\/principal\/wp-json\/wp\/v2\/tags?post=87822"}],"curies":[{"name":"wp","href":"https:\/\/api.w.org\/{rel}","templated":true}]}}