{"id":87828,"date":"2019-02-06T19:42:57","date_gmt":"2019-02-06T22:42:57","guid":{"rendered":"http:\/\/www.hoymercedes.com.ar\/principal\/?p=87828"},"modified":"2019-02-06T19:43:42","modified_gmt":"2019-02-06T22:43:42","slug":"cuevas-fue-quien-se-quedo-con-una-accidentada-tercera-etapa-de-la-doble-bragado","status":"publish","type":"post","link":"https:\/\/www.hoymercedes.com.ar\/principal\/2019\/02\/06\/cuevas-fue-quien-se-quedo-con-una-accidentada-tercera-etapa-de-la-doble-bragado\/","title":{"rendered":"Cuevas fue quien se qued\u00f3 con una accidentada tercera etapa de la Doble Bragado"},"content":{"rendered":"\n<p><strong>Adolfo Carrizo (CiclismoXXII)<\/strong> Tom\u00e1s Cuevas (Giant) se alz\u00f3 con la 3\u00aa etapa de la Doble Bragado que este martes arrib\u00f3 a Pergamino luego de casi 170 kil\u00f3metros. Federico Vivas (SAT) se mantiene al frente de la general individual y recuper\u00f3 la malla de metas sprint y Nahuel D\u2019Aquila es el mejor Sub 23.<\/p>\n\n\n\n<figure class=\"wp-block-image\"><img loading=\"lazy\" decoding=\"async\" width=\"1024\" height=\"587\" data-attachment-id=\"87829\" data-permalink=\"https:\/\/www.hoymercedes.com.ar\/principal\/2019\/02\/06\/cuevas-fue-quien-se-quedo-con-una-accidentada-tercera-etapa-de-la-doble-bragado\/sin-titulo-22\/#main\" data-orig-file=\"https:\/\/www.hoymercedes.com.ar\/principal\/wp-content\/uploads\/2019\/02\/Sin-t\u00edtulo-22.jpg\" data-orig-size=\"1261,723\" data-comments-opened=\"0\" data-image-meta=\"{&quot;aperture&quot;:&quot;0&quot;,&quot;credit&quot;:&quot;&quot;,&quot;camera&quot;:&quot;&quot;,&quot;caption&quot;:&quot;&quot;,&quot;created_timestamp&quot;:&quot;0&quot;,&quot;copyright&quot;:&quot;&quot;,&quot;focal_length&quot;:&quot;0&quot;,&quot;iso&quot;:&quot;0&quot;,&quot;shutter_speed&quot;:&quot;0&quot;,&quot;title&quot;:&quot;&quot;,&quot;orientation&quot;:&quot;0&quot;}\" data-image-title=\"Sin-t\u00edtulo-22\" data-image-description=\"\" data-image-caption=\"\" data-large-file=\"https:\/\/www.hoymercedes.com.ar\/principal\/wp-content\/uploads\/2019\/02\/Sin-t\u00edtulo-22-1024x587.jpg\" src=\"https:\/\/www.hoymercedes.com.ar\/principal\/wp-content\/uploads\/2019\/02\/Sin-t\u00edtulo-22-1024x587.jpg\" alt=\"\" class=\"wp-image-87829\" srcset=\"https:\/\/www.hoymercedes.com.ar\/principal\/wp-content\/uploads\/2019\/02\/Sin-t\u00edtulo-22-1024x587.jpg 1024w, https:\/\/www.hoymercedes.com.ar\/principal\/wp-content\/uploads\/2019\/02\/Sin-t\u00edtulo-22-150x86.jpg 150w, https:\/\/www.hoymercedes.com.ar\/principal\/wp-content\/uploads\/2019\/02\/Sin-t\u00edtulo-22-630x361.jpg 630w, https:\/\/www.hoymercedes.com.ar\/principal\/wp-content\/uploads\/2019\/02\/Sin-t\u00edtulo-22.jpg 1261w\" sizes=\"auto, (max-width: 1024px) 100vw, 1024px\" \/><\/figure>\n\n\n\n<p>La 84\u00aa Doble Bragado avanza sobre las rutas del oeste bonaerense y este martes Tom\u00e1s Cuevas (Giant) logr\u00f3 la victoria en el tercer parcial que uni\u00f3 Chivilcoy con Pergamino en 3 horas y 43 minutos, fueron 169,8 kil\u00f3metros en donde Juan Curuchet y Federico L\u00f3pez, ambos del Shania, fueron los escoltas.<\/p>\n\n\n\n<p>La etapa parti\u00f3 desde la Municipalidad de Chivilcoy y r\u00e1pidamente empezaron los movimientos para tratar de romper al pelot\u00f3n, aunque ninguna de las fugas lograron prosperar demasiado.<\/p>\n\n\n\n<p>Al paso por Chacabuco se disput\u00f3 la primera meta sprint del d\u00eda en donde Sergio Fredes (Ciudad de Chivilcoy) se qued\u00f3 con los puntos del primer puesto al pasar en solitario y un poco m\u00e1s atr\u00e1s bonificaron Juan Curuchet (Shania) y Federico Vivas (SAT).<\/p>\n\n\n\n<p>Luego de algunos intentos m\u00e1s de fuga, lleg\u00f3 el paso por Salto y una nueva meta sprint a donde el pelot\u00f3n lleg\u00f3 compacto para buscar la segunda meta bonificada en donde Nahuel D\u2019Aquila (Mirasal Citti Bikes) super\u00f3 a Federico Vivas (SAT) y An\u00edbal Borrajo (Ciudad de Chivilcoy).<\/p>\n\n\n\n<p>Pese a la ca\u00edda ocurrida en los \u00faltimos metros de la competencia en donde estuvieron involucrados los l\u00edderes de las generales, no hubo cambios significativos en la carrera, Federico Vivas sigue al frente de la general y recuper\u00f3 la malla de metas sprint y Nahuel D\u2019Aquila es el l\u00edder de sub 23.<\/p>\n\n\n\n<p>Este mi\u00e9rcoles la prueba organizada por el Club Ciclista Naci\u00f3n e Imagen Deportiva disputar\u00e1 la 4\u00aa etapa en el tradicional circuito de las 4 Avenidas de Pergamino, ser\u00e1n 114 kil\u00f3metros divididos en 30 giros y habr\u00e1 dos metas sprint m\u00e1s.<\/p>\n\n\n\n<p><strong>Meta Sprint en Chacabuco&nbsp;<\/strong><br>1\u00b0 Sergio Fredes (Ciudad de Chivilcoy).<br>2\u00b0 Juan Curuchet (Shania).<br>3\u00b0 Federico Vivas (SAT).<\/p>\n\n\n\n<p><strong>Meta Sprint en Salto<\/strong><br>1\u00b0 Nahuel D\u2019Aquila (Mirasal City Bikes).<br>2\u00b0 Federico Vivas (SAT).<br>3\u00b0 An\u00edbal Borrajo (Ciudad de Chivilcoy).<\/p>\n\n\n\n<p><strong>Tercera Etapa \u2013 Chivilcoy-Pergamino 169 km<\/strong><br>1\u00b0 Adalberto Cuevas (Giant) 3 horas 43\u2019 18\u201d.<br>2\u00b0 Juan Curuchet (Shania) mt.<br>3\u00b0 Federico L\u00f3pez (Shania) mt.<br>4\u00b0 Cristian Clavero (KTM) mt.<br>5\u00b0 Alejandro Borrajo (Chivilcoy) mt.<br>6\u00b0 Leandro Tocha (Ciudad de Pehuaj\u00f3).<br>7\u00b0 Facundo Lezica (Bragado Club) mt.<br>8\u00b0 Mat\u00edas Presa (CC Cerro Largo) mt.<br>9\u00b0 Marcelo Godoy (Carlos Casares) mt.<br>10\u00b0 Cristian Ranquehue (Mirasal \u2013 City Bike) mt.<br>14\u00b0 Juan Aguirre Colom\u00e9 (KTM) mt.<br>31\u00b0 Juan Bold\u00fa (Mercedes) mt.<br>32\u00b0 Franco Buchanan (Mercedes) mt.<br>42\u00b0 Eduardo Luj\u00e1n (KTM).<br>54\u00b0 Pablo Rey (KTM) mt.<br>68\u00b0 Hugo Contte (Mercedes) mt.<br>73\u00b0 Dar\u00edo Oliva (Mercedes) mt.<br>81\u00b0 Sebasti\u00e1n Lorido (Mercedes) mt.<br>86\u00b0 Francisco Dal Santo (KTM) mt.<br>92\u00b0 Leandro Mignacco (KTM) mt.<br>107\u00b0 Franco Prieto (Mercedes) 3 horas 49\u2019 6\u201d.<br>110\u00b0 H\u00e9ctor Ortiz (Mercedes) 3 horas 49\u2019 6\u201d.<br>116\u00b0 Gino Tornesse (Mercedes) 3 horas 49\u2019 56\u201d.<\/p>\n\n\n\n<p><strong>General&nbsp;<\/strong><br>1\u00b0 Federico Vivas (SAT) 9 horas 6\u2019 51\u201d.<br>2\u00b0 An\u00edbal Borrajo (Chivilcoy) 9 hora 7\u2019 4\u201d.<br>3\u00b0 Nahuel D\u2019Aquila (Mirasal) 9 hora 7\u2019 10\u201d.<br>4\u00b0 Juan Curuchet (Shania) 9 horas 7\u2019 12\u201d.<br>5\u00b0 Mat\u00edas Presa (CC Cerro Largo) 9 horas 7\u2019 13\u201d.<br>6\u00b0 Sergio Fredes (Chivilcoy) 9 horas 7\u2019 15\u201d.<br>7\u00b0 Federico L\u00f3pez (Shania) 9 horas 7\u2019 16\u201d.<br>8\u00b0 Sebasti\u00e1n Medina (Pehuaj\u00f3) 9 horas 7\u2019 17\u201d.<br>9\u00b0 Hern\u00e1n Taddeo (Giant) 9 horas 7\u2019 17\u201d.<br>10\u00b0 Cristian Clavero (KTM) 9 horas 7\u2019 18\u201d.<br>25\u00b0 Leandro Mignacco (KTM) 9 hora 7\u2019 20\u201d.<br>32\u00b0 Juan Bold\u00fa (Mercedes) mt.<br>40\u00b0 Juan Aguirre (KTM) mt.<br>43\u00b0 Dar\u00edo Oliva (KTM) mt.<br>44\u00b0 Francisco Dal Santo (KTM) mt.<br>51\u00b0 Franco Buchanan (Mercedes) mt.<br>52\u00b0 Eduardo Luj\u00e1n (KTM) mt.<br>67\u00b0 Hugo Contte (Mercedes) 9 hora 8\u2019 32\u201d.<br>71\u00b0 H\u00e9ctor Ortiz (Mercedes) 9 horas 8\u2019 53\u201d.<br>76\u00b0 Pablo Rey (KTM) 9 hora 9\u2019 52\u201d.<br>77\u00b0 Sebasti\u00e1n Lorido (Mercedes) 9 hora 9\u2019 52\u201d.<br>112\u00b0 Franco Prieto (Mercedes) 9 horas 22\u2019 47\u201d.<br>115\u00b0 Gino Tornesse (Mercedes) 9 horas 42\u2019 52\u201d.<\/p>\n","protected":false},"excerpt":{"rendered":"<p>Adolfo Carrizo (CiclismoXXII) Tom\u00e1s Cuevas (Giant) se alz\u00f3 con la 3\u00aa etapa de la Doble Bragado que este martes arrib\u00f3 &#8230; <a title=\"Cuevas fue quien se qued\u00f3 con una accidentada tercera etapa de la Doble Bragado\" class=\"read-more\" href=\"https:\/\/www.hoymercedes.com.ar\/principal\/2019\/02\/06\/cuevas-fue-quien-se-quedo-con-una-accidentada-tercera-etapa-de-la-doble-bragado\/\" aria-label=\"Leer m\u00e1s sobre Cuevas fue quien se qued\u00f3 con una accidentada tercera etapa de la Doble Bragado\">Leer m\u00e1s<\/a><\/p>\n","protected":false},"author":1,"featured_media":87829,"comment_status":"closed","ping_status":"open","sticky":false,"template":"","format":"standard","meta":{"_monsterinsights_skip_tracking":false,"_monsterinsights_sitenote_active":false,"_monsterinsights_sitenote_note":"","_monsterinsights_sitenote_category":0,"jetpack_post_was_ever_published":false,"_jetpack_newsletter_access":"","_jetpack_dont_email_post_to_subs":false,"_jetpack_newsletter_tier_id":0,"_jetpack_memberships_contains_paywalled_content":false,"_jetpack_memberships_contains_paid_content":false,"footnotes":"","jetpack_publicize_message":"","jetpack_publicize_feature_enabled":true,"jetpack_social_post_already_shared":true,"jetpack_social_options":{"image_generator_settings":{"template":"highway","default_image_id":0,"font":"","enabled":false},"version":2},"_wpas_customize_per_network":false},"categories":[21],"tags":[1453,14485],"class_list":["post-87828","post","type-post","status-publish","format-standard","has-post-thumbnail","hentry","category-deportes","tag-ciclismo","tag-doble-bragado-84","generate-columns","tablet-grid-50","mobile-grid-100","grid-parent","grid-50"],"jetpack_publicize_connections":[],"jetpack_featured_media_url":"https:\/\/www.hoymercedes.com.ar\/principal\/wp-content\/uploads\/2019\/02\/Sin-t\u00edtulo-22.jpg","wps_subtitle":"Ciclismo","jetpack_sharing_enabled":true,"_links":{"self":[{"href":"https:\/\/www.hoymercedes.com.ar\/principal\/wp-json\/wp\/v2\/posts\/87828","targetHints":{"allow":["GET"]}}],"collection":[{"href":"https:\/\/www.hoymercedes.com.ar\/principal\/wp-json\/wp\/v2\/posts"}],"about":[{"href":"https:\/\/www.hoymercedes.com.ar\/principal\/wp-json\/wp\/v2\/types\/post"}],"author":[{"embeddable":true,"href":"https:\/\/www.hoymercedes.com.ar\/principal\/wp-json\/wp\/v2\/users\/1"}],"replies":[{"embeddable":true,"href":"https:\/\/www.hoymercedes.com.ar\/principal\/wp-json\/wp\/v2\/comments?post=87828"}],"version-history":[{"count":0,"href":"https:\/\/www.hoymercedes.com.ar\/principal\/wp-json\/wp\/v2\/posts\/87828\/revisions"}],"wp:featuredmedia":[{"embeddable":true,"href":"https:\/\/www.hoymercedes.com.ar\/principal\/wp-json\/wp\/v2\/media\/87829"}],"wp:attachment":[{"href":"https:\/\/www.hoymercedes.com.ar\/principal\/wp-json\/wp\/v2\/media?parent=87828"}],"wp:term":[{"taxonomy":"category","embeddable":true,"href":"https:\/\/www.hoymercedes.com.ar\/principal\/wp-json\/wp\/v2\/categories?post=87828"},{"taxonomy":"post_tag","embeddable":true,"href":"https:\/\/www.hoymercedes.com.ar\/principal\/wp-json\/wp\/v2\/tags?post=87828"}],"curies":[{"name":"wp","href":"https:\/\/api.w.org\/{rel}","templated":true}]}}