{"id":87832,"date":"2019-02-06T20:14:51","date_gmt":"2019-02-06T23:14:51","guid":{"rendered":"http:\/\/www.hoymercedes.com.ar\/principal\/?p=87832"},"modified":"2019-02-06T20:14:53","modified_gmt":"2019-02-06T23:14:53","slug":"quilmes-comenzara-a-entrenar-de-cara-a-la-proxima-temporada-chivilcoyana","status":"publish","type":"post","link":"https:\/\/www.hoymercedes.com.ar\/principal\/2019\/02\/06\/quilmes-comenzara-a-entrenar-de-cara-a-la-proxima-temporada-chivilcoyana\/","title":{"rendered":"Quilmes comenzar\u00e1 a entrenar de cara a la pr\u00f3xima temporada chivilcoyana"},"content":{"rendered":"\n<p>El Club Quilmes pone primera con todas sus categor\u00edas para enfrentar la temporada 2019 de la Asociaci\u00f3n de B\u00e1squet de Chivilcoy ya que desde este mi\u00e9rcoles 13 de febrero comenzar\u00e1n los entrenamientos.<\/p>\n\n\n\n<figure class=\"wp-block-image\"><img loading=\"lazy\" decoding=\"async\" width=\"1024\" height=\"768\" data-attachment-id=\"87833\" data-permalink=\"https:\/\/www.hoymercedes.com.ar\/principal\/2019\/02\/06\/quilmes-comenzara-a-entrenar-de-cara-a-la-proxima-temporada-chivilcoyana\/whatsapp-image-2019-02-03-at-15-22-35\/#main\" data-orig-file=\"https:\/\/www.hoymercedes.com.ar\/principal\/wp-content\/uploads\/2019\/02\/WhatsApp-Image-2019-02-03-at-15.22.35.jpeg\" data-orig-size=\"1024,768\" data-comments-opened=\"0\" data-image-meta=\"{&quot;aperture&quot;:&quot;0&quot;,&quot;credit&quot;:&quot;&quot;,&quot;camera&quot;:&quot;&quot;,&quot;caption&quot;:&quot;&quot;,&quot;created_timestamp&quot;:&quot;0&quot;,&quot;copyright&quot;:&quot;&quot;,&quot;focal_length&quot;:&quot;0&quot;,&quot;iso&quot;:&quot;0&quot;,&quot;shutter_speed&quot;:&quot;0&quot;,&quot;title&quot;:&quot;&quot;,&quot;orientation&quot;:&quot;0&quot;}\" data-image-title=\"WhatsApp Image 2019-02-03 at 15.22.35\" data-image-description=\"\" data-image-caption=\"\" data-large-file=\"https:\/\/www.hoymercedes.com.ar\/principal\/wp-content\/uploads\/2019\/02\/WhatsApp-Image-2019-02-03-at-15.22.35-1024x768.jpeg\" src=\"https:\/\/www.hoymercedes.com.ar\/principal\/wp-content\/uploads\/2019\/02\/WhatsApp-Image-2019-02-03-at-15.22.35-1024x768.jpeg\" alt=\"\" class=\"wp-image-87833\" srcset=\"https:\/\/www.hoymercedes.com.ar\/principal\/wp-content\/uploads\/2019\/02\/WhatsApp-Image-2019-02-03-at-15.22.35.jpeg 1024w, https:\/\/www.hoymercedes.com.ar\/principal\/wp-content\/uploads\/2019\/02\/WhatsApp-Image-2019-02-03-at-15.22.35-150x113.jpeg 150w, https:\/\/www.hoymercedes.com.ar\/principal\/wp-content\/uploads\/2019\/02\/WhatsApp-Image-2019-02-03-at-15.22.35-630x473.jpeg 630w, https:\/\/www.hoymercedes.com.ar\/principal\/wp-content\/uploads\/2019\/02\/WhatsApp-Image-2019-02-03-at-15.22.35-320x240.jpeg 320w, https:\/\/www.hoymercedes.com.ar\/principal\/wp-content\/uploads\/2019\/02\/WhatsApp-Image-2019-02-03-at-15.22.35-100x75.jpeg 100w\" sizes=\"auto, (max-width: 1024px) 100vw, 1024px\" \/><figcaption>Preselecci\u00f3n U17<\/figcaption><\/figure>\n\n\n\n<p>A partir de las 16 lo har\u00e1 la U18 (Categor\u00edas 2002 y 2003), 17.30 ser\u00e1 el turno de pre mini (09 y 10) y Mini (07 y 08). A las 18.30 entrenar\u00e1n U13 (2006) y U15 (04 y 05) y a las 20 U19 y Primera. Seguir\u00e1n como entrenadores Gustavo Retegui y Jos\u00e9 Luis Giallorenzo. La Escuelita comienza en marzo y seguir\u00e1 a cargo de Iv\u00e1n Gallo y Javier Fern\u00e1ndez.<\/p>\n\n\n\n<p>Por otra parte, los tres quilme\u00f1os siguen siendo parte de la preselecci\u00f3n U17 que tiene al propio Giallorenzo a cargo de la misma y ellos son Bautista Brilado, Federico Contardi y Tomas Beyer.<\/p>\n\n\n\n<figure class=\"wp-block-image\"><img loading=\"lazy\" decoding=\"async\" width=\"1024\" height=\"768\" data-attachment-id=\"87834\" data-permalink=\"https:\/\/www.hoymercedes.com.ar\/principal\/2019\/02\/06\/quilmes-comenzara-a-entrenar-de-cara-a-la-proxima-temporada-chivilcoyana\/whatsapp-image-2019-02-03-at-15-25-04\/#main\" data-orig-file=\"https:\/\/www.hoymercedes.com.ar\/principal\/wp-content\/uploads\/2019\/02\/WhatsApp-Image-2019-02-03-at-15.25.04.jpeg\" data-orig-size=\"1032,774\" data-comments-opened=\"0\" data-image-meta=\"{&quot;aperture&quot;:&quot;0&quot;,&quot;credit&quot;:&quot;&quot;,&quot;camera&quot;:&quot;&quot;,&quot;caption&quot;:&quot;&quot;,&quot;created_timestamp&quot;:&quot;0&quot;,&quot;copyright&quot;:&quot;&quot;,&quot;focal_length&quot;:&quot;0&quot;,&quot;iso&quot;:&quot;0&quot;,&quot;shutter_speed&quot;:&quot;0&quot;,&quot;title&quot;:&quot;&quot;,&quot;orientation&quot;:&quot;0&quot;}\" data-image-title=\"WhatsApp Image 2019-02-03 at 15.25.04\" data-image-description=\"\" data-image-caption=\"\" data-large-file=\"https:\/\/www.hoymercedes.com.ar\/principal\/wp-content\/uploads\/2019\/02\/WhatsApp-Image-2019-02-03-at-15.25.04-1024x768.jpeg\" src=\"https:\/\/www.hoymercedes.com.ar\/principal\/wp-content\/uploads\/2019\/02\/WhatsApp-Image-2019-02-03-at-15.25.04-1024x768.jpeg\" alt=\"\" class=\"wp-image-87834\" srcset=\"https:\/\/www.hoymercedes.com.ar\/principal\/wp-content\/uploads\/2019\/02\/WhatsApp-Image-2019-02-03-at-15.25.04-1024x768.jpeg 1024w, https:\/\/www.hoymercedes.com.ar\/principal\/wp-content\/uploads\/2019\/02\/WhatsApp-Image-2019-02-03-at-15.25.04-150x113.jpeg 150w, https:\/\/www.hoymercedes.com.ar\/principal\/wp-content\/uploads\/2019\/02\/WhatsApp-Image-2019-02-03-at-15.25.04-630x473.jpeg 630w, https:\/\/www.hoymercedes.com.ar\/principal\/wp-content\/uploads\/2019\/02\/WhatsApp-Image-2019-02-03-at-15.25.04-320x240.jpeg 320w, https:\/\/www.hoymercedes.com.ar\/principal\/wp-content\/uploads\/2019\/02\/WhatsApp-Image-2019-02-03-at-15.25.04-100x75.jpeg 100w, https:\/\/www.hoymercedes.com.ar\/principal\/wp-content\/uploads\/2019\/02\/WhatsApp-Image-2019-02-03-at-15.25.04.jpeg 1032w\" sizes=\"auto, (max-width: 1024px) 100vw, 1024px\" \/><figcaption>Campus U13 en Bragado.<\/figcaption><\/figure>\n\n\n\n<p>Por otra parte, se hizo un campus el 2 y 3 de febrero en Bragado para la categor\u00eda U13 y los mercedinos que participaron fueron Juan Mart\u00edn Bourdieu y Estanislao Milesi.<\/p>\n","protected":false},"excerpt":{"rendered":"<p>El Club Quilmes pone primera con todas sus categor\u00edas para enfrentar la temporada 2019 de la Asociaci\u00f3n de B\u00e1squet de &#8230; <a title=\"Quilmes comenzar\u00e1 a entrenar de cara a la pr\u00f3xima temporada chivilcoyana\" class=\"read-more\" href=\"https:\/\/www.hoymercedes.com.ar\/principal\/2019\/02\/06\/quilmes-comenzara-a-entrenar-de-cara-a-la-proxima-temporada-chivilcoyana\/\" aria-label=\"Leer m\u00e1s sobre Quilmes comenzar\u00e1 a entrenar de cara a la pr\u00f3xima temporada chivilcoyana\">Leer m\u00e1s<\/a><\/p>\n","protected":false},"author":1,"featured_media":87833,"comment_status":"closed","ping_status":"open","sticky":false,"template":"","format":"standard","meta":{"_monsterinsights_skip_tracking":false,"_monsterinsights_sitenote_active":false,"_monsterinsights_sitenote_note":"","_monsterinsights_sitenote_category":0,"jetpack_post_was_ever_published":false,"_jetpack_newsletter_access":"","_jetpack_dont_email_post_to_subs":false,"_jetpack_newsletter_tier_id":0,"_jetpack_memberships_contains_paywalled_content":false,"_jetpack_memberships_contains_paid_content":false,"footnotes":"","jetpack_publicize_message":"","jetpack_publicize_feature_enabled":true,"jetpack_social_post_already_shared":true,"jetpack_social_options":{"image_generator_settings":{"template":"highway","default_image_id":0,"font":"","enabled":false},"version":2},"_wpas_customize_per_network":false},"categories":[21],"tags":[1058,1350],"class_list":["post-87832","post","type-post","status-publish","format-standard","has-post-thumbnail","hentry","category-deportes","tag-basquet","tag-club-quilmes","generate-columns","tablet-grid-50","mobile-grid-100","grid-parent","grid-50"],"jetpack_publicize_connections":[],"jetpack_featured_media_url":"https:\/\/www.hoymercedes.com.ar\/principal\/wp-content\/uploads\/2019\/02\/WhatsApp-Image-2019-02-03-at-15.22.35.jpeg","wps_subtitle":"Basquet Inferiores","jetpack_sharing_enabled":true,"_links":{"self":[{"href":"https:\/\/www.hoymercedes.com.ar\/principal\/wp-json\/wp\/v2\/posts\/87832","targetHints":{"allow":["GET"]}}],"collection":[{"href":"https:\/\/www.hoymercedes.com.ar\/principal\/wp-json\/wp\/v2\/posts"}],"about":[{"href":"https:\/\/www.hoymercedes.com.ar\/principal\/wp-json\/wp\/v2\/types\/post"}],"author":[{"embeddable":true,"href":"https:\/\/www.hoymercedes.com.ar\/principal\/wp-json\/wp\/v2\/users\/1"}],"replies":[{"embeddable":true,"href":"https:\/\/www.hoymercedes.com.ar\/principal\/wp-json\/wp\/v2\/comments?post=87832"}],"version-history":[{"count":0,"href":"https:\/\/www.hoymercedes.com.ar\/principal\/wp-json\/wp\/v2\/posts\/87832\/revisions"}],"wp:featuredmedia":[{"embeddable":true,"href":"https:\/\/www.hoymercedes.com.ar\/principal\/wp-json\/wp\/v2\/media\/87833"}],"wp:attachment":[{"href":"https:\/\/www.hoymercedes.com.ar\/principal\/wp-json\/wp\/v2\/media?parent=87832"}],"wp:term":[{"taxonomy":"category","embeddable":true,"href":"https:\/\/www.hoymercedes.com.ar\/principal\/wp-json\/wp\/v2\/categories?post=87832"},{"taxonomy":"post_tag","embeddable":true,"href":"https:\/\/www.hoymercedes.com.ar\/principal\/wp-json\/wp\/v2\/tags?post=87832"}],"curies":[{"name":"wp","href":"https:\/\/api.w.org\/{rel}","templated":true}]}}