{"id":87847,"date":"2019-02-07T12:50:11","date_gmt":"2019-02-07T15:50:11","guid":{"rendered":"http:\/\/www.hoymercedes.com.ar\/principal\/?p=87847"},"modified":"2019-02-07T14:57:50","modified_gmt":"2019-02-07T17:57:50","slug":"capacitacion-para-vacunadores-contra-la-fiebre-aftosa","status":"publish","type":"post","link":"https:\/\/www.hoymercedes.com.ar\/principal\/2019\/02\/07\/capacitacion-para-vacunadores-contra-la-fiebre-aftosa\/","title":{"rendered":"Capacitaci\u00f3n para vacunadores contra la fiebre aftosa"},"content":{"rendered":"\n<p>El Servicio Nacional de Sanidad y\nCalidad Agroalimentaria (Senasa) realiz\u00f3, el pasado 4 de febrero, una jornada\nde capacitaci\u00f3n para desempe\u00f1arse como vacunador acreditado en la pr\u00f3xima\ncampa\u00f1a de inoculaci\u00f3n contra la aftosa y la brucelosis.<\/p>\n\n\n\n<p>El\ncurso \u2013organizado por el Centro Regional Pampeano del Senasa\u2013 se llev\u00f3 a cabo\nen las instalaciones que el Organismo posee en Chivilcoy, provincia de Buenos\nAires, y cont\u00f3 con la asistencia de m\u00e1s de 70 veterinarios privados y otras personas\naptas para ser aplicadores.<\/p>\n\n\n\n<p>Quienes\naprobaron el curso recibieron su credencial habilitante que los autoriza a\nrealizar esta actividad sanitaria de aplicar la vacuna antiaftosa y\nantibruc\u00e9lica como lo norma la Resoluci\u00f3n 799\/2006.<\/p>\n\n\n\n<p>La\nagente del Senasa, Felicitas Recalde, expuso sobre las funciones y\nresponsabilidades de los veterinarios privados en el Plan de Vacunaci\u00f3n del\nSenasa establecido por su Resoluci\u00f3n N\u00b0 368\/2011.<\/p>\n\n\n\n<p>Tambi\u00e9n\nexplic\u00f3 la epidemiolog\u00eda de la fiebre aftosa, su contagio y capacidad de\ntransmisi\u00f3n del virus, resaltando los distintos procedimientos reglamentados\npor el Senasa en la campa\u00f1a de vacunaci\u00f3n, el r\u00e9gimen de comercializaci\u00f3n de la\nvacuna y su procedimiento de aplicaci\u00f3n en forma simult\u00e1nea con la vacuna\nantibruc\u00e9lica.<\/p>\n\n\n\n<p>Posteriormente\nse realiz\u00f3 la evaluaci\u00f3n, paso necesario y obligatorio para complementar el\nproceso de acreditaci\u00f3n.<\/p>\n\n\n\n<p>El\ncurso tuvo una nutrida presencia de trabajadores del sector provenientes de\ndistintos puntos del pa\u00eds, entre los que se destacan: Reconquista, Lobos,\nGeneral Villegas, Trenque Lauquen, Pila, San Vicente, Carlos Tejedor,\nExaltaci\u00f3n de la Cruz, Gorostiaga, Capilla del Se\u00f1or, Lincoln, Chivilcoy, San\nAntonio de Areco, Mercedes, Pergamino, Pehuaj\u00f3, Villegas, Bragado, La Plata,\nMonte, San Andr\u00e9s de Giles, San Pedro, Carlos Casares, Norberto de la Riestra,\nLaprida, Tigre, San Isidro, Darregueira y San Vicente, entre otros.<\/p>\n","protected":false},"excerpt":{"rendered":"<p>El Servicio Nacional de Sanidad y Calidad Agroalimentaria (Senasa) realiz\u00f3, el pasado 4 de febrero, una jornada de capacitaci\u00f3n para &#8230; <a title=\"Capacitaci\u00f3n para vacunadores contra la fiebre aftosa\" class=\"read-more\" href=\"https:\/\/www.hoymercedes.com.ar\/principal\/2019\/02\/07\/capacitacion-para-vacunadores-contra-la-fiebre-aftosa\/\" aria-label=\"Leer m\u00e1s sobre Capacitaci\u00f3n para vacunadores contra la fiebre aftosa\">Leer m\u00e1s<\/a><\/p>\n","protected":false},"author":1,"featured_media":87848,"comment_status":"closed","ping_status":"open","sticky":false,"template":"","format":"standard","meta":{"_monsterinsights_skip_tracking":false,"_monsterinsights_sitenote_active":false,"_monsterinsights_sitenote_note":"","_monsterinsights_sitenote_category":0,"jetpack_post_was_ever_published":false,"_jetpack_newsletter_access":"","_jetpack_dont_email_post_to_subs":false,"_jetpack_newsletter_tier_id":0,"_jetpack_memberships_contains_paywalled_content":false,"_jetpack_memberships_contains_paid_content":false,"footnotes":"","jetpack_publicize_message":"","jetpack_publicize_feature_enabled":true,"jetpack_social_post_already_shared":true,"jetpack_social_options":{"image_generator_settings":{"template":"highway","default_image_id":0,"font":"","enabled":false},"version":2},"_wpas_customize_per_network":false},"categories":[8],"tags":[14487,8450],"class_list":["post-87847","post","type-post","status-publish","format-standard","has-post-thumbnail","hentry","category-sociedad","tag-fiebre-aftosa","tag-senasa","generate-columns","tablet-grid-50","mobile-grid-100","grid-parent","grid-50"],"jetpack_publicize_connections":[],"jetpack_featured_media_url":"https:\/\/www.hoymercedes.com.ar\/principal\/wp-content\/uploads\/2019\/02\/07-senasa.jpg","wps_subtitle":"","jetpack_sharing_enabled":true,"_links":{"self":[{"href":"https:\/\/www.hoymercedes.com.ar\/principal\/wp-json\/wp\/v2\/posts\/87847","targetHints":{"allow":["GET"]}}],"collection":[{"href":"https:\/\/www.hoymercedes.com.ar\/principal\/wp-json\/wp\/v2\/posts"}],"about":[{"href":"https:\/\/www.hoymercedes.com.ar\/principal\/wp-json\/wp\/v2\/types\/post"}],"author":[{"embeddable":true,"href":"https:\/\/www.hoymercedes.com.ar\/principal\/wp-json\/wp\/v2\/users\/1"}],"replies":[{"embeddable":true,"href":"https:\/\/www.hoymercedes.com.ar\/principal\/wp-json\/wp\/v2\/comments?post=87847"}],"version-history":[{"count":0,"href":"https:\/\/www.hoymercedes.com.ar\/principal\/wp-json\/wp\/v2\/posts\/87847\/revisions"}],"wp:featuredmedia":[{"embeddable":true,"href":"https:\/\/www.hoymercedes.com.ar\/principal\/wp-json\/wp\/v2\/media\/87848"}],"wp:attachment":[{"href":"https:\/\/www.hoymercedes.com.ar\/principal\/wp-json\/wp\/v2\/media?parent=87847"}],"wp:term":[{"taxonomy":"category","embeddable":true,"href":"https:\/\/www.hoymercedes.com.ar\/principal\/wp-json\/wp\/v2\/categories?post=87847"},{"taxonomy":"post_tag","embeddable":true,"href":"https:\/\/www.hoymercedes.com.ar\/principal\/wp-json\/wp\/v2\/tags?post=87847"}],"curies":[{"name":"wp","href":"https:\/\/api.w.org\/{rel}","templated":true}]}}