{"id":87854,"date":"2019-02-07T18:32:43","date_gmt":"2019-02-07T21:32:43","guid":{"rendered":"http:\/\/www.hoymercedes.com.ar\/principal\/?p=87854"},"modified":"2019-02-07T17:58:38","modified_gmt":"2019-02-07T20:58:38","slug":"municipio-incorporo-dos-camiones-0-km","status":"publish","type":"post","link":"https:\/\/www.hoymercedes.com.ar\/principal\/2019\/02\/07\/municipio-incorporo-dos-camiones-0-km\/","title":{"rendered":"Municipio incorpor\u00f3 dos camiones 0 km"},"content":{"rendered":"\n<p><br>Con una inversi\u00f3n de $4.400.000, el Municipio de Mercedes adquiri\u00f3 dos camiones con volcadora que ser\u00e1n afectados al mantenimiento y limpieza del sector urbano de la ciudad. <\/p>\n\n\n\n<figure class=\"wp-block-image\"><img loading=\"lazy\" decoding=\"async\" width=\"800\" height=\"337\" data-attachment-id=\"87855\" data-permalink=\"https:\/\/www.hoymercedes.com.ar\/principal\/2019\/02\/07\/municipio-incorporo-dos-camiones-0-km\/07-camiones-2019-2\/#main\" data-orig-file=\"https:\/\/www.hoymercedes.com.ar\/principal\/wp-content\/uploads\/2019\/02\/07-Camiones-2019-2.jpg\" data-orig-size=\"800,337\" data-comments-opened=\"0\" data-image-meta=\"{&quot;aperture&quot;:&quot;0&quot;,&quot;credit&quot;:&quot;&quot;,&quot;camera&quot;:&quot;&quot;,&quot;caption&quot;:&quot;&quot;,&quot;created_timestamp&quot;:&quot;0&quot;,&quot;copyright&quot;:&quot;&quot;,&quot;focal_length&quot;:&quot;0&quot;,&quot;iso&quot;:&quot;0&quot;,&quot;shutter_speed&quot;:&quot;0&quot;,&quot;title&quot;:&quot;&quot;,&quot;orientation&quot;:&quot;0&quot;}\" data-image-title=\"07 Camiones-2019-2\" data-image-description=\"\" data-image-caption=\"\" data-large-file=\"https:\/\/www.hoymercedes.com.ar\/principal\/wp-content\/uploads\/2019\/02\/07-Camiones-2019-2.jpg\" src=\"https:\/\/www.hoymercedes.com.ar\/principal\/wp-content\/uploads\/2019\/02\/07-Camiones-2019-2.jpg\" alt=\"\" class=\"wp-image-87855\" srcset=\"https:\/\/www.hoymercedes.com.ar\/principal\/wp-content\/uploads\/2019\/02\/07-Camiones-2019-2.jpg 800w, https:\/\/www.hoymercedes.com.ar\/principal\/wp-content\/uploads\/2019\/02\/07-Camiones-2019-2-150x63.jpg 150w, https:\/\/www.hoymercedes.com.ar\/principal\/wp-content\/uploads\/2019\/02\/07-Camiones-2019-2-630x265.jpg 630w\" sizes=\"auto, (max-width: 800px) 100vw, 800px\" \/><\/figure>\n\n\n\n<p>El Intendente Juan Ignacio Ustarroz junto al Jefe del Corral\u00f3n municipal, Luis Ponce y los trabajadores fueron parte de la presentaci\u00f3n de dos nuevas unidades que se suman a la flota municipal. De esta manera, con la nueva adquisici\u00f3n en la actualidad se cuenta con 55 veh\u00edculos 0 km que fueron adquiridos por la comuna. En este caso, signific\u00f3 una inversi\u00f3n de 4.200.000 pesos, abonado de contado.<\/p>\n\n\n\n<p>Ante los medios presentes, el Jefe Comunal destac\u00f3: \u201cEstamos muy orgullosos de seguir invirtiendo en maquinaria y herramientas para los trabajadores. Hoy nos acompa\u00f1an quienes son choferes, y seguimos con la pr\u00e1ctica de presentar las unidades junto a ellos porque ellos son fundamentales en el trabajo de todos los d\u00edas as\u00ed como en el cuidado\u201d y a\u00f1adi\u00f3 que \u201cse han hecho, junto a la empresa Agrale, capacitaciones para los choferes para el cuidado y mantenimiento de los mismos\u201d.<\/p>\n\n\n\n<p>Adem\u00e1s, expres\u00f3 que los veh\u00edculos fueron adquiridos \u00abpara herramientas de trabajo, y ninguno para alg\u00fan funcionario. Con esta inversi\u00f3n, que es para la mejora de los servicios p\u00fablicos, podremos atender la gran demanda que tenemos en la ciudad. La gente al ver que la ciudad est\u00e1 m\u00e1s linda, exige y demanda m\u00e1s\u00bb. <\/p>\n\n\n\n<p>Por su parte, el Jefe del Corral\u00f3n, Luis Ponce se\u00f1al\u00f3 que los veh\u00edculos adquiridos son Agrale 14000, con una volcadora que se adquirido a trav\u00e9s de licitaciones p\u00fablicas; y ser\u00e1n utilizados para el mantenimiento y limpieza del sector urbano de la ciudad.<\/p>\n","protected":false},"excerpt":{"rendered":"<p>Con una inversi\u00f3n de $4.400.000, el Municipio de Mercedes adquiri\u00f3 dos camiones con volcadora que ser\u00e1n afectados al mantenimiento y &#8230; <a title=\"Municipio incorpor\u00f3 dos camiones 0 km\" class=\"read-more\" href=\"https:\/\/www.hoymercedes.com.ar\/principal\/2019\/02\/07\/municipio-incorporo-dos-camiones-0-km\/\" aria-label=\"Leer m\u00e1s sobre Municipio incorpor\u00f3 dos camiones 0 km\">Leer m\u00e1s<\/a><\/p>\n","protected":false},"author":1,"featured_media":87855,"comment_status":"closed","ping_status":"open","sticky":false,"template":"","format":"standard","meta":{"_monsterinsights_skip_tracking":false,"_monsterinsights_sitenote_active":false,"_monsterinsights_sitenote_note":"","_monsterinsights_sitenote_category":0,"jetpack_post_was_ever_published":false,"_jetpack_newsletter_access":"","_jetpack_dont_email_post_to_subs":false,"_jetpack_newsletter_tier_id":0,"_jetpack_memberships_contains_paywalled_content":false,"_jetpack_memberships_contains_paid_content":false,"footnotes":"","jetpack_publicize_message":"","jetpack_publicize_feature_enabled":true,"jetpack_social_post_already_shared":true,"jetpack_social_options":{"image_generator_settings":{"template":"highway","default_image_id":0,"font":"","enabled":false},"version":2},"_wpas_customize_per_network":false},"categories":[30],"tags":[244,8628],"class_list":["post-87854","post","type-post","status-publish","format-standard","has-post-thumbnail","hentry","category-municipio","tag-municipio-2","tag-servicios-publicos","generate-columns","tablet-grid-50","mobile-grid-100","grid-parent","grid-50"],"jetpack_publicize_connections":[],"jetpack_featured_media_url":"https:\/\/www.hoymercedes.com.ar\/principal\/wp-content\/uploads\/2019\/02\/07-Camiones-2019-2.jpg","wps_subtitle":"Inversi\u00f3n municipal","jetpack_sharing_enabled":true,"_links":{"self":[{"href":"https:\/\/www.hoymercedes.com.ar\/principal\/wp-json\/wp\/v2\/posts\/87854","targetHints":{"allow":["GET"]}}],"collection":[{"href":"https:\/\/www.hoymercedes.com.ar\/principal\/wp-json\/wp\/v2\/posts"}],"about":[{"href":"https:\/\/www.hoymercedes.com.ar\/principal\/wp-json\/wp\/v2\/types\/post"}],"author":[{"embeddable":true,"href":"https:\/\/www.hoymercedes.com.ar\/principal\/wp-json\/wp\/v2\/users\/1"}],"replies":[{"embeddable":true,"href":"https:\/\/www.hoymercedes.com.ar\/principal\/wp-json\/wp\/v2\/comments?post=87854"}],"version-history":[{"count":0,"href":"https:\/\/www.hoymercedes.com.ar\/principal\/wp-json\/wp\/v2\/posts\/87854\/revisions"}],"wp:featuredmedia":[{"embeddable":true,"href":"https:\/\/www.hoymercedes.com.ar\/principal\/wp-json\/wp\/v2\/media\/87855"}],"wp:attachment":[{"href":"https:\/\/www.hoymercedes.com.ar\/principal\/wp-json\/wp\/v2\/media?parent=87854"}],"wp:term":[{"taxonomy":"category","embeddable":true,"href":"https:\/\/www.hoymercedes.com.ar\/principal\/wp-json\/wp\/v2\/categories?post=87854"},{"taxonomy":"post_tag","embeddable":true,"href":"https:\/\/www.hoymercedes.com.ar\/principal\/wp-json\/wp\/v2\/tags?post=87854"}],"curies":[{"name":"wp","href":"https:\/\/api.w.org\/{rel}","templated":true}]}}