{"id":87861,"date":"2019-02-07T20:53:58","date_gmt":"2019-02-07T23:53:58","guid":{"rendered":"http:\/\/www.hoymercedes.com.ar\/principal\/?p=87861"},"modified":"2019-02-08T09:15:16","modified_gmt":"2019-02-08T12:15:16","slug":"policia-investiga-y-resuelve-caso-de-estafa-con-una-camioneta-y-plan-de-ahorro%ef%bb%bf","status":"publish","type":"post","link":"https:\/\/www.hoymercedes.com.ar\/principal\/2019\/02\/07\/policia-investiga-y-resuelve-caso-de-estafa-con-una-camioneta-y-plan-de-ahorro%ef%bb%bf\/","title":{"rendered":"Polic\u00eda investiga y resuelve caso de estafa con una camioneta y plan de ahorro\ufeff"},"content":{"rendered":"\n<p><br><\/p>\n\n\n\n<figure class=\"wp-block-image\"><img loading=\"lazy\" decoding=\"async\" width=\"704\" height=\"809\" data-attachment-id=\"87862\" data-permalink=\"https:\/\/www.hoymercedes.com.ar\/principal\/2019\/02\/07\/policia-investiga-y-resuelve-caso-de-estafa-con-una-camioneta-y-plan-de-ahorro%ef%bb%bf\/secuestro-fiorino-1-2\/#main\" data-orig-file=\"https:\/\/www.hoymercedes.com.ar\/principal\/wp-content\/uploads\/2019\/02\/secuestro-fiorino-1-1.jpg\" data-orig-size=\"704,809\" data-comments-opened=\"0\" data-image-meta=\"{&quot;aperture&quot;:&quot;0&quot;,&quot;credit&quot;:&quot;&quot;,&quot;camera&quot;:&quot;&quot;,&quot;caption&quot;:&quot;&quot;,&quot;created_timestamp&quot;:&quot;0&quot;,&quot;copyright&quot;:&quot;&quot;,&quot;focal_length&quot;:&quot;0&quot;,&quot;iso&quot;:&quot;0&quot;,&quot;shutter_speed&quot;:&quot;0&quot;,&quot;title&quot;:&quot;&quot;,&quot;orientation&quot;:&quot;0&quot;}\" data-image-title=\"secuestro fiorino (1)\" data-image-description=\"\" data-image-caption=\"\" data-large-file=\"https:\/\/www.hoymercedes.com.ar\/principal\/wp-content\/uploads\/2019\/02\/secuestro-fiorino-1-1.jpg\" src=\"https:\/\/www.hoymercedes.com.ar\/principal\/wp-content\/uploads\/2019\/02\/secuestro-fiorino-1-1.jpg\" alt=\"\" class=\"wp-image-87862\" srcset=\"https:\/\/www.hoymercedes.com.ar\/principal\/wp-content\/uploads\/2019\/02\/secuestro-fiorino-1-1.jpg 704w, https:\/\/www.hoymercedes.com.ar\/principal\/wp-content\/uploads\/2019\/02\/secuestro-fiorino-1-1-131x150.jpg 131w, https:\/\/www.hoymercedes.com.ar\/principal\/wp-content\/uploads\/2019\/02\/secuestro-fiorino-1-1-540x620.jpg 540w\" sizes=\"auto, (max-width: 704px) 100vw, 704px\" \/><\/figure>\n\n\n\n<p>Baja una investigaci\u00f3n con\ncar\u00e1tula de \u201cEstafa\u201d el Grupo T\u00e9cnico Operativo de la Seccional&nbsp; 1ra de la Polic\u00eda Comunal logr\u00f3 esclarecer un\nhecho en un trabajo en conjunto con la Fiscal\u00eda N\u00b02 del Departamento Judicial. <\/p>\n\n\n\n<p>Los dirigidos por el Comisario\nMacedo actuaron inclusivo bajo la modalidad de \u201cencubiertos\u201d, para poder\nverificar cada dato que los llev\u00f3 finalmente a esclarecer el hecho.<\/p>\n\n\n\n<p>En la localidad de Moreno se\ntrabaj\u00f3 desde acciones operativas e investigativas radicadas en nuestra ciudad\nprocediendo finalmente al secuestro de una camionera Fiat Fiorino cuyo\npropietario hab\u00eda oportunamente entregado como parte de pago de un plan de auto\nahorro, habiendo sido enga\u00f1ado tras la transacci\u00f3n. <\/p>\n\n\n\n<p>Tras lograr recuperar el veh\u00edculo\ne identificar a las partes intervinientes se reintegr\u00f3 el veh\u00edculo al vecino\nque hab\u00eda sido v\u00edctima en su buena fe de la estafa mencionada.\n\nEl Comisario Macedo record\u00f3 que este tipo de\nestafas como as\u00ed tambi\u00e9n el cuento del t\u00edo son pr\u00e1cticas habituales de quienes\nse aprovechan del vecino y sus buenas intenciones, agradeciendo y poniendo en\nvalor la tarea del personal de la Estaci\u00f3n Comunal Mercedes que desde todos los\n\u00e1ngulos y formas interactu\u00f3 con el caso hasta su resoluci\u00f3n\n\n\n\n<\/p>\n","protected":false},"excerpt":{"rendered":"<p>Baja una investigaci\u00f3n con car\u00e1tula de \u201cEstafa\u201d el Grupo T\u00e9cnico Operativo de la Seccional&nbsp; 1ra de la Polic\u00eda Comunal logr\u00f3 &#8230; <a title=\"Polic\u00eda investiga y resuelve caso de estafa con una camioneta y plan de ahorro\ufeff\" class=\"read-more\" href=\"https:\/\/www.hoymercedes.com.ar\/principal\/2019\/02\/07\/policia-investiga-y-resuelve-caso-de-estafa-con-una-camioneta-y-plan-de-ahorro%ef%bb%bf\/\" aria-label=\"Leer m\u00e1s sobre Polic\u00eda investiga y resuelve caso de estafa con una camioneta y plan de ahorro\ufeff\">Leer m\u00e1s<\/a><\/p>\n","protected":false},"author":1,"featured_media":87862,"comment_status":"closed","ping_status":"open","sticky":false,"template":"","format":"standard","meta":{"_monsterinsights_skip_tracking":false,"_monsterinsights_sitenote_active":false,"_monsterinsights_sitenote_note":"","_monsterinsights_sitenote_category":0,"jetpack_post_was_ever_published":false,"_jetpack_newsletter_access":"","_jetpack_dont_email_post_to_subs":false,"_jetpack_newsletter_tier_id":0,"_jetpack_memberships_contains_paywalled_content":false,"_jetpack_memberships_contains_paid_content":false,"footnotes":"","jetpack_publicize_message":"","jetpack_publicize_feature_enabled":true,"jetpack_social_post_already_shared":true,"jetpack_social_options":{"image_generator_settings":{"template":"highway","default_image_id":0,"font":"","enabled":false},"version":2},"_wpas_customize_per_network":false},"categories":[85],"tags":[14481,14488,96],"class_list":["post-87861","post","type-post","status-publish","format-standard","has-post-thumbnail","hentry","category-policial","tag-estafa","tag-plan-de-ahorro","tag-policial-2","generate-columns","tablet-grid-50","mobile-grid-100","grid-parent","grid-50"],"jetpack_publicize_connections":[],"jetpack_featured_media_url":"https:\/\/www.hoymercedes.com.ar\/principal\/wp-content\/uploads\/2019\/02\/secuestro-fiorino-1-1.jpg","wps_subtitle":"Polic\u00eda Comunal","jetpack_sharing_enabled":true,"_links":{"self":[{"href":"https:\/\/www.hoymercedes.com.ar\/principal\/wp-json\/wp\/v2\/posts\/87861","targetHints":{"allow":["GET"]}}],"collection":[{"href":"https:\/\/www.hoymercedes.com.ar\/principal\/wp-json\/wp\/v2\/posts"}],"about":[{"href":"https:\/\/www.hoymercedes.com.ar\/principal\/wp-json\/wp\/v2\/types\/post"}],"author":[{"embeddable":true,"href":"https:\/\/www.hoymercedes.com.ar\/principal\/wp-json\/wp\/v2\/users\/1"}],"replies":[{"embeddable":true,"href":"https:\/\/www.hoymercedes.com.ar\/principal\/wp-json\/wp\/v2\/comments?post=87861"}],"version-history":[{"count":0,"href":"https:\/\/www.hoymercedes.com.ar\/principal\/wp-json\/wp\/v2\/posts\/87861\/revisions"}],"wp:featuredmedia":[{"embeddable":true,"href":"https:\/\/www.hoymercedes.com.ar\/principal\/wp-json\/wp\/v2\/media\/87862"}],"wp:attachment":[{"href":"https:\/\/www.hoymercedes.com.ar\/principal\/wp-json\/wp\/v2\/media?parent=87861"}],"wp:term":[{"taxonomy":"category","embeddable":true,"href":"https:\/\/www.hoymercedes.com.ar\/principal\/wp-json\/wp\/v2\/categories?post=87861"},{"taxonomy":"post_tag","embeddable":true,"href":"https:\/\/www.hoymercedes.com.ar\/principal\/wp-json\/wp\/v2\/tags?post=87861"}],"curies":[{"name":"wp","href":"https:\/\/api.w.org\/{rel}","templated":true}]}}