{"id":87874,"date":"2019-02-08T10:31:33","date_gmt":"2019-02-08T13:31:33","guid":{"rendered":"http:\/\/www.hoymercedes.com.ar\/principal\/?p=87874"},"modified":"2019-02-08T18:10:01","modified_gmt":"2019-02-08T21:10:01","slug":"arrancaron-las-nuevas-fechas-de-bares-y-pizzerias","status":"publish","type":"post","link":"https:\/\/www.hoymercedes.com.ar\/principal\/2019\/02\/08\/arrancaron-las-nuevas-fechas-de-bares-y-pizzerias\/","title":{"rendered":"Arrancaron las nuevas fechas de Bares y Pizzer\u00edas"},"content":{"rendered":"\n<p>La noche del jueves 7 de febrero fue la primera de las fechas de esta segunda parte del ciclo gastron\u00f3mico musical bajo el t\u00edtulo \u00abBares y Pizzer\u00edas\u00bb que llevan adelante los comercios locales con la Municipalidad de Mercedes. <\/p>\n\n\n\n<figure class=\"wp-block-image\"><img loading=\"lazy\" decoding=\"async\" width=\"750\" height=\"500\" data-attachment-id=\"87875\" data-permalink=\"https:\/\/www.hoymercedes.com.ar\/principal\/2019\/02\/08\/arrancaron-las-nuevas-fechas-de-bares-y-pizzerias\/08-muni-pizzerias\/#main\" data-orig-file=\"https:\/\/www.hoymercedes.com.ar\/principal\/wp-content\/uploads\/2019\/02\/08-muni-pizzerias.jpg\" data-orig-size=\"750,500\" data-comments-opened=\"0\" data-image-meta=\"{&quot;aperture&quot;:&quot;0&quot;,&quot;credit&quot;:&quot;&quot;,&quot;camera&quot;:&quot;&quot;,&quot;caption&quot;:&quot;&quot;,&quot;created_timestamp&quot;:&quot;0&quot;,&quot;copyright&quot;:&quot;&quot;,&quot;focal_length&quot;:&quot;0&quot;,&quot;iso&quot;:&quot;0&quot;,&quot;shutter_speed&quot;:&quot;0&quot;,&quot;title&quot;:&quot;&quot;,&quot;orientation&quot;:&quot;0&quot;}\" data-image-title=\"08 muni pizzerias\" data-image-description=\"\" data-image-caption=\"\" data-large-file=\"https:\/\/www.hoymercedes.com.ar\/principal\/wp-content\/uploads\/2019\/02\/08-muni-pizzerias.jpg\" src=\"https:\/\/www.hoymercedes.com.ar\/principal\/wp-content\/uploads\/2019\/02\/08-muni-pizzerias.jpg\" alt=\"\" class=\"wp-image-87875\" srcset=\"https:\/\/www.hoymercedes.com.ar\/principal\/wp-content\/uploads\/2019\/02\/08-muni-pizzerias.jpg 750w, https:\/\/www.hoymercedes.com.ar\/principal\/wp-content\/uploads\/2019\/02\/08-muni-pizzerias-150x100.jpg 150w, https:\/\/www.hoymercedes.com.ar\/principal\/wp-content\/uploads\/2019\/02\/08-muni-pizzerias-630x420.jpg 630w, https:\/\/www.hoymercedes.com.ar\/principal\/wp-content\/uploads\/2019\/02\/08-muni-pizzerias-720x480.jpg 720w, https:\/\/www.hoymercedes.com.ar\/principal\/wp-content\/uploads\/2019\/02\/08-muni-pizzerias-360x240.jpg 360w\" sizes=\"auto, (max-width: 750px) 100vw, 750px\" \/><\/figure>\n\n\n\n<p>El primer d\u00eda, los vecinos se hicieron presentes en la pizzer\u00eda de avenida 40, entre 29 y 31, y disfrutaron de la m\u00fasica de Mamabora, Santiago Respuesla y un DJ en vivo para la noche extendida en La Cuadra y Puerta Negra. <\/p>\n\n\n\n<p>Este viernes, el ciclo de bares y pizzer\u00edas sigue. Vuelve al centro. En Boulevar (30 y 25) actuar\u00e1n Menta y Lim\u00f3n, Tren Misterioso y tambi\u00e9n terminar\u00e1 con un DJ en vivo. El s\u00e1bado 9 el ciclo se traslada a Bacana (Rotonda ruta N\u00b0 5) con Pura Tierra y Menta y Lim\u00f3n. <\/p>\n\n\n\n<p>El domingo 10 cerrar\u00e1 en Sorrento -que adem\u00e1s celebra 85 a\u00f1os- y Locos x Todo (27 y 20) extendiendo el corte de calle desde la 22 para sumar a Helader\u00eda Aloisio y Caf\u00e9 Mart\u00ednez con las presentaciones de Bajame un tono, La Clave y Batucada del Barrio San Francisco.<br><\/p>\n","protected":false},"excerpt":{"rendered":"<p>La noche del jueves 7 de febrero fue la primera de las fechas de esta segunda parte del ciclo gastron\u00f3mico &#8230; <a title=\"Arrancaron las nuevas fechas de Bares y Pizzer\u00edas\" class=\"read-more\" href=\"https:\/\/www.hoymercedes.com.ar\/principal\/2019\/02\/08\/arrancaron-las-nuevas-fechas-de-bares-y-pizzerias\/\" aria-label=\"Leer m\u00e1s sobre Arrancaron las nuevas fechas de Bares y Pizzer\u00edas\">Leer m\u00e1s<\/a><\/p>\n","protected":false},"author":1,"featured_media":87875,"comment_status":"closed","ping_status":"open","sticky":false,"template":"","format":"standard","meta":{"_monsterinsights_skip_tracking":false,"_monsterinsights_sitenote_active":false,"_monsterinsights_sitenote_note":"","_monsterinsights_sitenote_category":0,"jetpack_post_was_ever_published":false,"_jetpack_newsletter_access":"","_jetpack_dont_email_post_to_subs":false,"_jetpack_newsletter_tier_id":0,"_jetpack_memberships_contains_paywalled_content":false,"_jetpack_memberships_contains_paid_content":false,"footnotes":"","jetpack_publicize_message":"","jetpack_publicize_feature_enabled":true,"jetpack_social_post_already_shared":true,"jetpack_social_options":{"image_generator_settings":{"template":"highway","default_image_id":0,"font":"","enabled":false},"version":2},"_wpas_customize_per_network":false},"categories":[104],"tags":[14448,14412,7805],"class_list":["post-87874","post","type-post","status-publish","format-standard","has-post-thumbnail","hentry","category-cultura","tag-agenda","tag-bares-y-pizzerias","tag-cultura","generate-columns","tablet-grid-50","mobile-grid-100","grid-parent","grid-50"],"jetpack_publicize_connections":[],"jetpack_featured_media_url":"https:\/\/www.hoymercedes.com.ar\/principal\/wp-content\/uploads\/2019\/02\/08-muni-pizzerias.jpg","wps_subtitle":"Hasta el domingo sigue el ciclo","jetpack_sharing_enabled":true,"_links":{"self":[{"href":"https:\/\/www.hoymercedes.com.ar\/principal\/wp-json\/wp\/v2\/posts\/87874","targetHints":{"allow":["GET"]}}],"collection":[{"href":"https:\/\/www.hoymercedes.com.ar\/principal\/wp-json\/wp\/v2\/posts"}],"about":[{"href":"https:\/\/www.hoymercedes.com.ar\/principal\/wp-json\/wp\/v2\/types\/post"}],"author":[{"embeddable":true,"href":"https:\/\/www.hoymercedes.com.ar\/principal\/wp-json\/wp\/v2\/users\/1"}],"replies":[{"embeddable":true,"href":"https:\/\/www.hoymercedes.com.ar\/principal\/wp-json\/wp\/v2\/comments?post=87874"}],"version-history":[{"count":0,"href":"https:\/\/www.hoymercedes.com.ar\/principal\/wp-json\/wp\/v2\/posts\/87874\/revisions"}],"wp:featuredmedia":[{"embeddable":true,"href":"https:\/\/www.hoymercedes.com.ar\/principal\/wp-json\/wp\/v2\/media\/87875"}],"wp:attachment":[{"href":"https:\/\/www.hoymercedes.com.ar\/principal\/wp-json\/wp\/v2\/media?parent=87874"}],"wp:term":[{"taxonomy":"category","embeddable":true,"href":"https:\/\/www.hoymercedes.com.ar\/principal\/wp-json\/wp\/v2\/categories?post=87874"},{"taxonomy":"post_tag","embeddable":true,"href":"https:\/\/www.hoymercedes.com.ar\/principal\/wp-json\/wp\/v2\/tags?post=87874"}],"curies":[{"name":"wp","href":"https:\/\/api.w.org\/{rel}","templated":true}]}}