{"id":8788,"date":"2011-11-02T00:19:46","date_gmt":"2011-11-02T00:19:46","guid":{"rendered":"http:\/\/www.hoymercedes.com.ar\/principal\/?p=8788"},"modified":"2011-11-02T00:35:16","modified_gmt":"2011-11-02T00:35:16","slug":"el-hospital-y-la-comisaria-enfrentado-en-un-partido-de-futbol","status":"publish","type":"post","link":"https:\/\/www.hoymercedes.com.ar\/principal\/2011\/11\/02\/el-hospital-y-la-comisaria-enfrentado-en-un-partido-de-futbol\/","title":{"rendered":"El Hospital y la Comisar\u00eda enfrentado en un partido de f\u00fatbol"},"content":{"rendered":"<p><a href=\"https:\/\/www.hoymercedes.com.ar\/principal\/wp-content\/uploads\/2011\/11\/F\u00fatbol-hospital-policias.jpg\"><img loading=\"lazy\" decoding=\"async\" data-attachment-id=\"8807\" data-permalink=\"https:\/\/www.hoymercedes.com.ar\/principal\/2011\/11\/02\/el-hospital-y-la-comisaria-enfrentado-en-un-partido-de-futbol\/futbol-hospital-policias\/#main\" data-orig-file=\"https:\/\/www.hoymercedes.com.ar\/principal\/wp-content\/uploads\/2011\/11\/F\u00fatbol-hospital-policias.jpg\" data-orig-size=\"612,459\" data-comments-opened=\"1\" data-image-meta=\"{&quot;aperture&quot;:&quot;5.6&quot;,&quot;credit&quot;:&quot;&quot;,&quot;camera&quot;:&quot;COOLPIX L10&quot;,&quot;caption&quot;:&quot;&quot;,&quot;created_timestamp&quot;:&quot;1319786970&quot;,&quot;copyright&quot;:&quot;Copyright 2006&quot;,&quot;focal_length&quot;:&quot;6.2&quot;,&quot;iso&quot;:&quot;64&quot;,&quot;shutter_speed&quot;:&quot;0.0030845157310302&quot;,&quot;title&quot;:&quot;&quot;}\" data-image-title=\"F\u00fatbol-hospital-policias\" data-image-description=\"\" data-image-caption=\"\" data-large-file=\"https:\/\/www.hoymercedes.com.ar\/principal\/wp-content\/uploads\/2011\/11\/F\u00fatbol-hospital-policias.jpg\" class=\"aligncenter size-full wp-image-8807\" title=\"F\u00fatbol-hospital-policias\" src=\"https:\/\/www.hoymercedes.com.ar\/principal\/wp-content\/uploads\/2011\/11\/F\u00fatbol-hospital-policias.jpg\" alt=\"\" width=\"612\" height=\"459\" \/><\/a><\/p>\n<p>El encuentro denominado \u201cde camarader\u00eda entre ambas reparticiones\u201d se llev\u00f3 a cabo en domingo desde las 11.00 en el estadio de la Liga Mercedina de Futbol. Como siempre pasa el cierre fue una asado conjunto.<\/p>\n<p>Encabezados por sus respectivos m\u00e1ximos responsables, el Comisario Miguel Fabio Flores y el Dr. Rodolfo Principi quienes tambi\u00e9n se pusieron la camiseta, los cortos y los botines, se llev\u00f3 a cabo en el estadio de la Liga Mercedina de Futbol un partido de camarader\u00eda entre personal de la Estaci\u00f3n Comunal Mercedes de la Polic\u00eda de la Provincia y el Hospital Blas L Dubarry, encuentro que m\u00e1s all\u00e1 del resultado que solo sirvi\u00f3 para las cargadas del momento, termin\u00f3 con ambos grupos compartiendo un asado en el cual adem\u00e1s delos protagonistas propiamente dichos participaron algunos invitados especiales.<\/p>\n<p>Tanto el Comisario Flores como el Dr. Principi coincidieron en sostener \u201csi bien muchos de nosotros ya no est\u00e1 para jugar un partido de once en cancha grande por que los a\u00f1os no vienen solo, hoy nos encontramos para jugar este partido como una manera de mostrar la convivencia existente entre quienes desarrollan sus tareas diarias en ambas reparticiones p\u00fablicas, tareas que en innumerables ocasiones se realizan casi en forma conjunta debido a las caracter\u00edsticas de las mismas.<\/p>\n<p>Estamos convencidos que este tipo de acercamiento es realmente muy bueno para todos porque nos permite formar un verdadero \u00e1mbito de camarader\u00eda que luego claramente se ve evidenciado en el momento de tener que realizar esos trabajos conjuntos que hemos mencionado que sin lugar a duda repercuten en beneficio de la comunidad toda\u201d<\/p>\n<p>Como no pod\u00eda ser de otra manera al concluir el partido vinieron las fotos recordatorias del grupo en su conjunto y despu\u00e9s el asado compartido en torno a una mesa com\u00fan.<\/p>\n","protected":false},"excerpt":{"rendered":"<p>El encuentro denominado \u201cde camarader\u00eda entre ambas reparticiones\u201d se llev\u00f3 a cabo en domingo desde las 11.00 en el estadio &#8230; <a title=\"El Hospital y la Comisar\u00eda enfrentado en un partido de f\u00fatbol\" class=\"read-more\" href=\"https:\/\/www.hoymercedes.com.ar\/principal\/2011\/11\/02\/el-hospital-y-la-comisaria-enfrentado-en-un-partido-de-futbol\/\" aria-label=\"Leer m\u00e1s sobre El Hospital y la Comisar\u00eda enfrentado en un partido de f\u00fatbol\">Leer m\u00e1s<\/a><\/p>\n","protected":false},"author":1,"featured_media":0,"comment_status":"open","ping_status":"open","sticky":false,"template":"","format":"standard","meta":{"_monsterinsights_skip_tracking":false,"_monsterinsights_sitenote_active":false,"_monsterinsights_sitenote_note":"","_monsterinsights_sitenote_category":0,"jetpack_post_was_ever_published":false,"_jetpack_newsletter_access":"","_jetpack_dont_email_post_to_subs":false,"_jetpack_newsletter_tier_id":0,"_jetpack_memberships_contains_paywalled_content":false,"_jetpack_memberships_contains_paid_content":false,"footnotes":"","jetpack_publicize_message":"","jetpack_publicize_feature_enabled":true,"jetpack_social_post_already_shared":false,"jetpack_social_options":{"image_generator_settings":{"template":"highway","default_image_id":0,"font":"","enabled":false},"version":2},"_wpas_customize_per_network":false},"categories":[8],"tags":[1003,1535,1536],"class_list":["post-8788","post","type-post","status-publish","format-standard","hentry","category-sociedad","tag-futbol","tag-hispital","tag-poilicia","generate-columns","tablet-grid-50","mobile-grid-100","grid-parent","grid-50"],"jetpack_publicize_connections":[],"jetpack_featured_media_url":"","wps_subtitle":"","jetpack_sharing_enabled":true,"_links":{"self":[{"href":"https:\/\/www.hoymercedes.com.ar\/principal\/wp-json\/wp\/v2\/posts\/8788","targetHints":{"allow":["GET"]}}],"collection":[{"href":"https:\/\/www.hoymercedes.com.ar\/principal\/wp-json\/wp\/v2\/posts"}],"about":[{"href":"https:\/\/www.hoymercedes.com.ar\/principal\/wp-json\/wp\/v2\/types\/post"}],"author":[{"embeddable":true,"href":"https:\/\/www.hoymercedes.com.ar\/principal\/wp-json\/wp\/v2\/users\/1"}],"replies":[{"embeddable":true,"href":"https:\/\/www.hoymercedes.com.ar\/principal\/wp-json\/wp\/v2\/comments?post=8788"}],"version-history":[{"count":0,"href":"https:\/\/www.hoymercedes.com.ar\/principal\/wp-json\/wp\/v2\/posts\/8788\/revisions"}],"wp:attachment":[{"href":"https:\/\/www.hoymercedes.com.ar\/principal\/wp-json\/wp\/v2\/media?parent=8788"}],"wp:term":[{"taxonomy":"category","embeddable":true,"href":"https:\/\/www.hoymercedes.com.ar\/principal\/wp-json\/wp\/v2\/categories?post=8788"},{"taxonomy":"post_tag","embeddable":true,"href":"https:\/\/www.hoymercedes.com.ar\/principal\/wp-json\/wp\/v2\/tags?post=8788"}],"curies":[{"name":"wp","href":"https:\/\/api.w.org\/{rel}","templated":true}]}}