{"id":87906,"date":"2019-02-08T20:04:40","date_gmt":"2019-02-08T23:04:40","guid":{"rendered":"http:\/\/www.hoymercedes.com.ar\/principal\/?p=87906"},"modified":"2019-02-08T20:04:46","modified_gmt":"2019-02-08T23:04:46","slug":"la-quinta-etapa-de-la-doble-bragado-fue-para-julian-barrientos","status":"publish","type":"post","link":"https:\/\/www.hoymercedes.com.ar\/principal\/2019\/02\/08\/la-quinta-etapa-de-la-doble-bragado-fue-para-julian-barrientos\/","title":{"rendered":"La quinta etapa de la Doble Bragado fue para Juli\u00e1n Barrientos"},"content":{"rendered":"\n<p><strong>Por Adolfo Carrizo (Ciclismo XXI).<\/strong> El pampeano Juli\u00e1n Barrientos (Mi Man\u00ed Zabala) logr\u00f3 la victoria en la 5\u00aa etapa de la 84\u00aa Doble Bragado, luego de casi 35 kil\u00f3metros de fuga en solitario lleg\u00f3 a meta con 3 horas y 23 minutos, qued\u00e1ndose con el parcial que arrib\u00f3 a Jun\u00edn.<\/p>\n\n\n\n<figure class=\"wp-block-image\"><img loading=\"lazy\" decoding=\"async\" width=\"1024\" height=\"683\" data-attachment-id=\"87907\" data-permalink=\"https:\/\/www.hoymercedes.com.ar\/principal\/2019\/02\/08\/la-quinta-etapa-de-la-doble-bragado-fue-para-julian-barrientos\/julian-barrientos\/#main\" data-orig-file=\"https:\/\/www.hoymercedes.com.ar\/principal\/wp-content\/uploads\/2019\/02\/julian-barrientos.jpg\" data-orig-size=\"1024,683\" data-comments-opened=\"0\" data-image-meta=\"{&quot;aperture&quot;:&quot;0&quot;,&quot;credit&quot;:&quot;&quot;,&quot;camera&quot;:&quot;&quot;,&quot;caption&quot;:&quot;&quot;,&quot;created_timestamp&quot;:&quot;0&quot;,&quot;copyright&quot;:&quot;&quot;,&quot;focal_length&quot;:&quot;0&quot;,&quot;iso&quot;:&quot;0&quot;,&quot;shutter_speed&quot;:&quot;0&quot;,&quot;title&quot;:&quot;&quot;,&quot;orientation&quot;:&quot;0&quot;}\" data-image-title=\"julian barrientos\" data-image-description=\"\" data-image-caption=\"\" data-large-file=\"https:\/\/www.hoymercedes.com.ar\/principal\/wp-content\/uploads\/2019\/02\/julian-barrientos-1024x683.jpg\" src=\"https:\/\/www.hoymercedes.com.ar\/principal\/wp-content\/uploads\/2019\/02\/julian-barrientos-1024x683.jpg\" alt=\"\" class=\"wp-image-87907\" srcset=\"https:\/\/www.hoymercedes.com.ar\/principal\/wp-content\/uploads\/2019\/02\/julian-barrientos.jpg 1024w, https:\/\/www.hoymercedes.com.ar\/principal\/wp-content\/uploads\/2019\/02\/julian-barrientos-150x100.jpg 150w, https:\/\/www.hoymercedes.com.ar\/principal\/wp-content\/uploads\/2019\/02\/julian-barrientos-630x420.jpg 630w, https:\/\/www.hoymercedes.com.ar\/principal\/wp-content\/uploads\/2019\/02\/julian-barrientos-720x480.jpg 720w, https:\/\/www.hoymercedes.com.ar\/principal\/wp-content\/uploads\/2019\/02\/julian-barrientos-360x240.jpg 360w\" sizes=\"auto, (max-width: 1024px) 100vw, 1024px\" \/><\/figure>\n\n\n\n<p>Apenas 4 segundos detr\u00e1s del pampeano lleg\u00f3 el grupo mayoritario en donde Leandro Tocha (Ciudad de Pehuaj\u00f3) y Facundo Lezica (Bragado Cicles Club) completaron el podio del d\u00eda.<\/p>\n\n\n\n<p>Dentro de ese pelot\u00f3n tambi\u00e9n ingres\u00f3 el uruguayo Mat\u00edas Presa (Club Ciclista Cerro Largo) que desde antes de la mitad de la etapa ya se hab\u00eda convertido en el nuevo l\u00edder de la general, debido al abandono de Federico Vivas (SAT), quien segu\u00eda muy dolorido de la ca\u00edda sufrida en la 3\u00aa etapa.<\/p>\n\n\n\n<p>En la Meta Sprint de Salto los que sumaron puntos fueron Nahuel D\u2019Aquila (Mirasal Citti Bikes), Roderyck Asconeguy (Club Ciclista Tacuaremb\u00f3) y Federico L\u00f3pez (Shania), llegando con un grupo fugado del pelot\u00f3n.<\/p>\n\n\n\n<p>Algunos kil\u00f3metros despu\u00e9s, en Rojas, se disput\u00f3 la 2\u00aa Meta Sprint en donde Juan Curuchet (Shania), Agust\u00edn Mart\u00ednez (Ciudad de Chivilcoy) y Nicol\u00e1s Benedetto (Ciudad de Chivilcoy) lograron sumar puntos, junto a ellos estaba Juli\u00e1n Barrientos (Mi Man\u00ed Zabala), quien unos kil\u00f3metros despu\u00e9s decidi\u00f3 continuar en solitario y lleg\u00f3 hasta la l\u00ednea de sentencia ubicada en la Av. de Circunvalaci\u00f3n Eva Per\u00f3n de Jun\u00edn.<\/p>\n\n\n\n<p>Este viernes la prueba organizada por el Club Ciclista Naci\u00f3n e Imagen Deportiva se prepara para la etapa m\u00e1s extensa, ser\u00e1n continuar\u00e1 hacia Bragado con la 6\u00aa etapa, un parcial de 182 kil\u00f3metros en donde habr\u00e1 metas sprint en Los Toldos y 9 de Julio.<\/p>\n\n\n\n<p>Ahora Mat\u00edas Presa (Cerro Largo) manda en la general, An\u00edbal Borrajo (Ciudad de Chivilcoy) es el destacado en Metas Sprint y Nahuel D\u2019Aquila (Mirasal Citti Bikes) sigue firme en Sub 23.<\/p>\n\n\n\n<p><strong>Meta Sprint Salto<\/strong><br>1\u00b0 Nahuel D\u00b4Aquila (Mirasal-City Bike).<br>2\u00b0 Roderyc Asconegui (CC Tacuaremb\u00f3).<br>3\u00b0 Federico L\u00f3pez (Shania). <\/p>\n\n\n\n<p><strong>Meta Sprint Rojas<\/strong><br>1\u00b0 Juan Curuchet (Shania).<br>2\u00b0 Agust\u00edn Mart\u00ednez (Chivilcoy).<br>3\u00b0 Nicol\u00e1s Benedetto (Chivilcoy).<\/p>\n\n\n\n<p><strong>Quinta Etapa \u2013 Pergamino-Jun\u00edn 170 km<\/strong><br>1\u00b0 Juli\u00e1n Barrientos (Mi Man\u00ed Zabala) 3 horas 23\u2019 16\u201d.<br>2\u00b0 Leandro Tocha (Pehuaj\u00f3) mt.<br>3\u00b0 Facundo Lezica (Bragado CC) mt.<br>4\u00b0 Sergio Fredes (Chivilcoy) mt.<br>5\u00b0 Facundo Crisafulli (SAT) mt.<br>6\u00b0 Isa\u00edas Ab\u00fa (SAT) mt.<br>7\u00b0 Lorenzo D\u00edaz (Mi Man\u00ed Avala) mt.<br>8\u00b0 Mat\u00edas Presa (CC Cerro Largo) mt.<br>9\u00b0 Hern\u00e1n Taddeo (Giant) mt.<br>10\u00b0 Tom\u00e1s Conte (SAT) mt.<br>16\u00b0 Eduardo Luj\u00e1n (KTM) mt.<br>18\u00b0 Juan Bold\u00fa (Mercedes) mt.<br>22\u00b0 Cristian Clavero (KTM) mt.<br>31\u00b0 Dar\u00edo Oliva (KTM) mt.<br>33\u00b0 Pablo Rey (KTM) mt.<br>36\u00b0 Hugo Contte (Mercedes) mt.<br>47\u00b0 Leandro Mignacco (KTM) mt.<br>50\u00b0 Francisco Dal Santo (KTM) mt.<br>70\u00b0 Franco Buchanan (Mercedes) mt.<br>74\u00b0 Juan Aguirre Colom\u00e9 (KTM) mt.<br>98\u00b0 Sebasti\u00e1n Lorido (Mercedes) 3 horas 24\u2019 32\u201d.<br>100\u00b0 Gino Tornesse (Mercedes) 3 horas 34\u2019 32\u201d.<br>101\u00b0 H\u00e9ctor Ortiz (Mercedes) 3 horas 24\u2019 32\u201d.<br>115\u00b0 Franco Prieto (Mercedes) 3 horas 28\u2019 31\u201d.<\/p>\n\n\n\n<p><strong>General<\/strong><br>1\u00b0 Mat\u00edas Presa (CC Cerro Largo) 15 horas 13\u2019 23\u201d.<br>2\u00b0 An\u00edbal Borrajo (Chivilcoy) a 1\u201d.<br>3\u00b0 Nahuel D\u00b4Aquila (Mirasal-City Bike) a 4\u201d.<br>4\u00b0 Juan Curuchet (Shania) a 6\u201d.<br>5\u00b0 Hern\u00e1n Taddeo (Giant) a 10\u201d.<br>6\u00b0 Facundo Lezica (Bragado CC) a&nbsp; 11\u201d.<br>7\u00b0 Sergio Fredes (Chivilcoy) a 11\u201d.<br>8\u00b0 Juan G\u00f3mez (Giant) a 11\u201d.<br>9\u00b0 Federico L\u00f3pez (Shania) a 12\u201d<br>10\u00b0 Cristian Clavero (KTM) a 13\u201d.<br>26\u00b0 Juan Bold\u00fa (Mercedes) a 17\u201d.<br>30\u00b0 Dar\u00edo Oliva (KTM) a 17\u201d.<br>34\u00b0 Eduardo Luj\u00e1n (KTM) a 17\u201d.<br>36\u00b0 Leandro Mignacco (KTM) a 17\u201d.<br>42\u00b0 Juan Aguirre Colom\u00e9 (KTM) a 17\u201d.<br>45\u00b0 Francisco Dal Santo (KTM) a 17\u201d.<br>50\u00b0 Franco Buchanan (Mercdes) a 17\u201d.<br>63\u00b0 Hugo Contte (Mercedes) a 1\u2019 29\u201d.<br>75\u00b0 Pablo Rey (KTM) a 2\u2019 45\u201d.<br>76\u00b0 H\u00e9ctor Ortiz (Mercedes) a 2 45\u201d.<br>80\u00b0 Sebasti\u00e1n Lorido (Mercedes) a 4\u2019 5\u201d.<br>110\u00b0 Gino Tornesse (Mercedes) a 19\u2019 5\u201d.<br>114\u00b0 Franco Prieto (Mercedes) a 32\u2019 40\u201d.<\/p>\n\n\n\n<p><br><\/p>\n","protected":false},"excerpt":{"rendered":"<p>Por Adolfo Carrizo (Ciclismo XXI). El pampeano Juli\u00e1n Barrientos (Mi Man\u00ed Zabala) logr\u00f3 la victoria en la 5\u00aa etapa de &#8230; <a title=\"La quinta etapa de la Doble Bragado fue para Juli\u00e1n Barrientos\" class=\"read-more\" href=\"https:\/\/www.hoymercedes.com.ar\/principal\/2019\/02\/08\/la-quinta-etapa-de-la-doble-bragado-fue-para-julian-barrientos\/\" aria-label=\"Leer m\u00e1s sobre La quinta etapa de la Doble Bragado fue para Juli\u00e1n Barrientos\">Leer m\u00e1s<\/a><\/p>\n","protected":false},"author":1,"featured_media":87907,"comment_status":"closed","ping_status":"open","sticky":false,"template":"","format":"standard","meta":{"_monsterinsights_skip_tracking":false,"_monsterinsights_sitenote_active":false,"_monsterinsights_sitenote_note":"","_monsterinsights_sitenote_category":0,"jetpack_post_was_ever_published":false,"_jetpack_newsletter_access":"","_jetpack_dont_email_post_to_subs":false,"_jetpack_newsletter_tier_id":0,"_jetpack_memberships_contains_paywalled_content":false,"_jetpack_memberships_contains_paid_content":false,"footnotes":"","jetpack_publicize_message":"","jetpack_publicize_feature_enabled":true,"jetpack_social_post_already_shared":true,"jetpack_social_options":{"image_generator_settings":{"template":"highway","default_image_id":0,"font":"","enabled":false},"version":2},"_wpas_customize_per_network":false},"categories":[21],"tags":[1453,367,14493],"class_list":["post-87906","post","type-post","status-publish","format-standard","has-post-thumbnail","hentry","category-deportes","tag-ciclismo","tag-doble-bragado","tag-julian-barrientos","generate-columns","tablet-grid-50","mobile-grid-100","grid-parent","grid-50"],"jetpack_publicize_connections":[],"jetpack_featured_media_url":"https:\/\/www.hoymercedes.com.ar\/principal\/wp-content\/uploads\/2019\/02\/julian-barrientos.jpg","wps_subtitle":"Ciclismo","jetpack_sharing_enabled":true,"_links":{"self":[{"href":"https:\/\/www.hoymercedes.com.ar\/principal\/wp-json\/wp\/v2\/posts\/87906","targetHints":{"allow":["GET"]}}],"collection":[{"href":"https:\/\/www.hoymercedes.com.ar\/principal\/wp-json\/wp\/v2\/posts"}],"about":[{"href":"https:\/\/www.hoymercedes.com.ar\/principal\/wp-json\/wp\/v2\/types\/post"}],"author":[{"embeddable":true,"href":"https:\/\/www.hoymercedes.com.ar\/principal\/wp-json\/wp\/v2\/users\/1"}],"replies":[{"embeddable":true,"href":"https:\/\/www.hoymercedes.com.ar\/principal\/wp-json\/wp\/v2\/comments?post=87906"}],"version-history":[{"count":0,"href":"https:\/\/www.hoymercedes.com.ar\/principal\/wp-json\/wp\/v2\/posts\/87906\/revisions"}],"wp:featuredmedia":[{"embeddable":true,"href":"https:\/\/www.hoymercedes.com.ar\/principal\/wp-json\/wp\/v2\/media\/87907"}],"wp:attachment":[{"href":"https:\/\/www.hoymercedes.com.ar\/principal\/wp-json\/wp\/v2\/media?parent=87906"}],"wp:term":[{"taxonomy":"category","embeddable":true,"href":"https:\/\/www.hoymercedes.com.ar\/principal\/wp-json\/wp\/v2\/categories?post=87906"},{"taxonomy":"post_tag","embeddable":true,"href":"https:\/\/www.hoymercedes.com.ar\/principal\/wp-json\/wp\/v2\/tags?post=87906"}],"curies":[{"name":"wp","href":"https:\/\/api.w.org\/{rel}","templated":true}]}}