{"id":87910,"date":"2019-02-08T20:10:10","date_gmt":"2019-02-08T23:10:10","guid":{"rendered":"http:\/\/www.hoymercedes.com.ar\/principal\/?p=87910"},"modified":"2019-02-08T20:25:33","modified_gmt":"2019-02-08T23:25:33","slug":"el-torneo-de-futbol-maxi-35-ya-tiene-a-sus-cuatro-semifinalistas","status":"publish","type":"post","link":"https:\/\/www.hoymercedes.com.ar\/principal\/2019\/02\/08\/el-torneo-de-futbol-maxi-35-ya-tiene-a-sus-cuatro-semifinalistas\/","title":{"rendered":"El torneo de f\u00fatbol Maxi 35 ya tiene a sus cuatro semifinalistas"},"content":{"rendered":"\n<p>En cancha del ex Instituto Mart\u00edn Rodr\u00edguez se jugaron entre lunes y mi\u00e9rcoles los cuatro partidos de cuartos de final de este certamen de f\u00fatbol Maxi 35 que en su primera edici\u00f3n tuvo muy buena recepci\u00f3n del p\u00fablico.<\/p>\n\n\n\n<figure class=\"wp-block-image\"><img loading=\"lazy\" decoding=\"async\" width=\"1024\" height=\"768\" data-attachment-id=\"87911\" data-permalink=\"https:\/\/www.hoymercedes.com.ar\/principal\/2019\/02\/08\/el-torneo-de-futbol-maxi-35-ya-tiene-a-sus-cuatro-semifinalistas\/whatsapp-image-2019-01-15-at-00-13-22-2\/#main\" data-orig-file=\"https:\/\/www.hoymercedes.com.ar\/principal\/wp-content\/uploads\/2019\/02\/WhatsApp-Image-2019-01-15-at-00.13.22.jpeg\" data-orig-size=\"1032,774\" data-comments-opened=\"0\" data-image-meta=\"{&quot;aperture&quot;:&quot;0&quot;,&quot;credit&quot;:&quot;&quot;,&quot;camera&quot;:&quot;&quot;,&quot;caption&quot;:&quot;&quot;,&quot;created_timestamp&quot;:&quot;0&quot;,&quot;copyright&quot;:&quot;&quot;,&quot;focal_length&quot;:&quot;0&quot;,&quot;iso&quot;:&quot;0&quot;,&quot;shutter_speed&quot;:&quot;0&quot;,&quot;title&quot;:&quot;&quot;,&quot;orientation&quot;:&quot;0&quot;}\" data-image-title=\"WhatsApp Image 2019-01-15 at 00.13.22\" data-image-description=\"\" data-image-caption=\"\" data-large-file=\"https:\/\/www.hoymercedes.com.ar\/principal\/wp-content\/uploads\/2019\/02\/WhatsApp-Image-2019-01-15-at-00.13.22-1024x768.jpeg\" src=\"https:\/\/www.hoymercedes.com.ar\/principal\/wp-content\/uploads\/2019\/02\/WhatsApp-Image-2019-01-15-at-00.13.22-1024x768.jpeg\" alt=\"\" class=\"wp-image-87911\" srcset=\"https:\/\/www.hoymercedes.com.ar\/principal\/wp-content\/uploads\/2019\/02\/WhatsApp-Image-2019-01-15-at-00.13.22-1024x768.jpeg 1024w, https:\/\/www.hoymercedes.com.ar\/principal\/wp-content\/uploads\/2019\/02\/WhatsApp-Image-2019-01-15-at-00.13.22-150x113.jpeg 150w, https:\/\/www.hoymercedes.com.ar\/principal\/wp-content\/uploads\/2019\/02\/WhatsApp-Image-2019-01-15-at-00.13.22-630x473.jpeg 630w, https:\/\/www.hoymercedes.com.ar\/principal\/wp-content\/uploads\/2019\/02\/WhatsApp-Image-2019-01-15-at-00.13.22-320x240.jpeg 320w, https:\/\/www.hoymercedes.com.ar\/principal\/wp-content\/uploads\/2019\/02\/WhatsApp-Image-2019-01-15-at-00.13.22-100x75.jpeg 100w, https:\/\/www.hoymercedes.com.ar\/principal\/wp-content\/uploads\/2019\/02\/WhatsApp-Image-2019-01-15-at-00.13.22.jpeg 1032w\" sizes=\"auto, (max-width: 1024px) 100vw, 1024px\" \/><figcaption>Los Pericos siguen avanando en el torneo.<\/figcaption><\/figure>\n\n\n\n<p>Dos encuentros terminaron empatados y en los otros dos se dio la l\u00f3gica del resultado. Ahora se vienen las semifinales el lunes y la final junto al tercer y cuarto puesto.<\/p>\n\n\n\n<p>Los Pericos 1: Ortiz Daniel.<br>Flandria Amarillo 0.<\/p>\n\n\n\n<p>Holanda 2: Musante y Romero.<br>El Marcheti 0.<\/p>\n\n\n\n<p>km 81 Olivera 1: Mu\u00f1oz Roberto.<br>Flandria Negro 1: Aranda David.<\/p>\n\n\n\n<p>F553 1: Ram\u00edrez Leandro.<br>Los Mismo de Siempre 1: Fern\u00e1ndez Flavio.<\/p>\n\n\n\n<p><strong>Lunes 11<br>Semifinales<br><\/strong>Los Pericos vs. Holanda.<br>F553 vs. km 81 Olivera. <\/p>\n\n\n\n<p><strong>Mi\u00e9rcoles&nbsp; 13<\/strong><br>A las 21 tercer y cuarto puesto.<br>A las 22 final.\n\n<\/p>\n","protected":false},"excerpt":{"rendered":"<p>En cancha del ex Instituto Mart\u00edn Rodr\u00edguez se jugaron entre lunes y mi\u00e9rcoles los cuatro partidos de cuartos de final &#8230; <a title=\"El torneo de f\u00fatbol Maxi 35 ya tiene a sus cuatro semifinalistas\" class=\"read-more\" href=\"https:\/\/www.hoymercedes.com.ar\/principal\/2019\/02\/08\/el-torneo-de-futbol-maxi-35-ya-tiene-a-sus-cuatro-semifinalistas\/\" aria-label=\"Leer m\u00e1s sobre El torneo de f\u00fatbol Maxi 35 ya tiene a sus cuatro semifinalistas\">Leer m\u00e1s<\/a><\/p>\n","protected":false},"author":1,"featured_media":87911,"comment_status":"closed","ping_status":"open","sticky":false,"template":"","format":"standard","meta":{"_monsterinsights_skip_tracking":false,"_monsterinsights_sitenote_active":false,"_monsterinsights_sitenote_note":"","_monsterinsights_sitenote_category":0,"jetpack_post_was_ever_published":false,"_jetpack_newsletter_access":"","_jetpack_dont_email_post_to_subs":false,"_jetpack_newsletter_tier_id":0,"_jetpack_memberships_contains_paywalled_content":false,"_jetpack_memberships_contains_paid_content":false,"footnotes":"","jetpack_publicize_message":"","jetpack_publicize_feature_enabled":true,"jetpack_social_post_already_shared":true,"jetpack_social_options":{"image_generator_settings":{"template":"highway","default_image_id":0,"font":"","enabled":false},"version":2},"_wpas_customize_per_network":false},"categories":[21],"tags":[1003,6095],"class_list":["post-87910","post","type-post","status-publish","format-standard","has-post-thumbnail","hentry","category-deportes","tag-futbol","tag-futbol-direccion-de-deportes-mercedes","generate-columns","tablet-grid-50","mobile-grid-100","grid-parent","grid-50"],"jetpack_publicize_connections":[],"jetpack_featured_media_url":"https:\/\/www.hoymercedes.com.ar\/principal\/wp-content\/uploads\/2019\/02\/WhatsApp-Image-2019-01-15-at-00.13.22.jpeg","wps_subtitle":"Direcci\u00f3n de Deportes","jetpack_sharing_enabled":true,"_links":{"self":[{"href":"https:\/\/www.hoymercedes.com.ar\/principal\/wp-json\/wp\/v2\/posts\/87910","targetHints":{"allow":["GET"]}}],"collection":[{"href":"https:\/\/www.hoymercedes.com.ar\/principal\/wp-json\/wp\/v2\/posts"}],"about":[{"href":"https:\/\/www.hoymercedes.com.ar\/principal\/wp-json\/wp\/v2\/types\/post"}],"author":[{"embeddable":true,"href":"https:\/\/www.hoymercedes.com.ar\/principal\/wp-json\/wp\/v2\/users\/1"}],"replies":[{"embeddable":true,"href":"https:\/\/www.hoymercedes.com.ar\/principal\/wp-json\/wp\/v2\/comments?post=87910"}],"version-history":[{"count":0,"href":"https:\/\/www.hoymercedes.com.ar\/principal\/wp-json\/wp\/v2\/posts\/87910\/revisions"}],"wp:featuredmedia":[{"embeddable":true,"href":"https:\/\/www.hoymercedes.com.ar\/principal\/wp-json\/wp\/v2\/media\/87911"}],"wp:attachment":[{"href":"https:\/\/www.hoymercedes.com.ar\/principal\/wp-json\/wp\/v2\/media?parent=87910"}],"wp:term":[{"taxonomy":"category","embeddable":true,"href":"https:\/\/www.hoymercedes.com.ar\/principal\/wp-json\/wp\/v2\/categories?post=87910"},{"taxonomy":"post_tag","embeddable":true,"href":"https:\/\/www.hoymercedes.com.ar\/principal\/wp-json\/wp\/v2\/tags?post=87910"}],"curies":[{"name":"wp","href":"https:\/\/api.w.org\/{rel}","templated":true}]}}