{"id":87922,"date":"2019-02-09T17:50:34","date_gmt":"2019-02-09T20:50:34","guid":{"rendered":"http:\/\/www.hoymercedes.com.ar\/principal\/?p=87922"},"modified":"2019-02-08T20:52:18","modified_gmt":"2019-02-08T23:52:18","slug":"mas-clubes-recibieron-el-programa-de-salud-y-deportes-de-la-municipalidad","status":"publish","type":"post","link":"https:\/\/www.hoymercedes.com.ar\/principal\/2019\/02\/09\/mas-clubes-recibieron-el-programa-de-salud-y-deportes-de-la-municipalidad\/","title":{"rendered":"M\u00e1s clubes recibieron el programa de \u201cSalud y Deportes\u201d de la Municipalidad"},"content":{"rendered":"\n<p>Contin\u00faa el trabajo de la Municipalidad de Mercedes junto a las instituciones educativas con el objetivo de cuidar m\u00e1s y mejor a los j\u00f3venes y ni\u00f1os mercedinos que practican distintos deportes. \u201cEntendemos que se trata de una acci\u00f3n muy importante que realizamos junto a las instituciones cuidando a nuestros j\u00f3venes deportistas\u201d, coment\u00f3 el jefe comunal<\/p>\n\n\n\n<figure class=\"wp-block-image\"><img loading=\"lazy\" decoding=\"async\" width=\"1024\" height=\"768\" data-attachment-id=\"87923\" data-permalink=\"https:\/\/www.hoymercedes.com.ar\/principal\/2019\/02\/09\/mas-clubes-recibieron-el-programa-de-salud-y-deportes-de-la-municipalidad\/img-20190208-wa0125\/#main\" data-orig-file=\"https:\/\/www.hoymercedes.com.ar\/principal\/wp-content\/uploads\/2019\/02\/IMG-20190208-WA0125.jpg\" data-orig-size=\"1152,864\" data-comments-opened=\"0\" data-image-meta=\"{&quot;aperture&quot;:&quot;0&quot;,&quot;credit&quot;:&quot;&quot;,&quot;camera&quot;:&quot;&quot;,&quot;caption&quot;:&quot;&quot;,&quot;created_timestamp&quot;:&quot;0&quot;,&quot;copyright&quot;:&quot;&quot;,&quot;focal_length&quot;:&quot;0&quot;,&quot;iso&quot;:&quot;0&quot;,&quot;shutter_speed&quot;:&quot;0&quot;,&quot;title&quot;:&quot;&quot;,&quot;orientation&quot;:&quot;0&quot;}\" data-image-title=\"IMG-20190208-WA0125\" data-image-description=\"\" data-image-caption=\"\" data-large-file=\"https:\/\/www.hoymercedes.com.ar\/principal\/wp-content\/uploads\/2019\/02\/IMG-20190208-WA0125-1024x768.jpg\" src=\"https:\/\/www.hoymercedes.com.ar\/principal\/wp-content\/uploads\/2019\/02\/IMG-20190208-WA0125-1024x768.jpg\" alt=\"\" class=\"wp-image-87923\" srcset=\"https:\/\/www.hoymercedes.com.ar\/principal\/wp-content\/uploads\/2019\/02\/IMG-20190208-WA0125-1024x768.jpg 1024w, https:\/\/www.hoymercedes.com.ar\/principal\/wp-content\/uploads\/2019\/02\/IMG-20190208-WA0125-150x113.jpg 150w, https:\/\/www.hoymercedes.com.ar\/principal\/wp-content\/uploads\/2019\/02\/IMG-20190208-WA0125-630x473.jpg 630w, https:\/\/www.hoymercedes.com.ar\/principal\/wp-content\/uploads\/2019\/02\/IMG-20190208-WA0125-320x240.jpg 320w, https:\/\/www.hoymercedes.com.ar\/principal\/wp-content\/uploads\/2019\/02\/IMG-20190208-WA0125-100x75.jpg 100w, https:\/\/www.hoymercedes.com.ar\/principal\/wp-content\/uploads\/2019\/02\/IMG-20190208-WA0125.jpg 1152w\" sizes=\"auto, (max-width: 1024px) 100vw, 1024px\" \/><\/figure>\n\n\n\n<p>Se trata de un programa de sanidad en el deporte que cuenta con equipo interdisciplinario. El mismo efect\u00faa diferentes controles m\u00e9dicos a los chicos que concurren a los clubes de Mercedes. \u201cEl cuidado de la ni\u00f1ez es algo que no se discute, y lo hacemos mediante acciones concretas. Por eso, llevamos a cabo este tipo de programas que lo que busca es cuidar a los chicos que son nuestro futuro\u201d apunt\u00f3 el intendente Juan Ignacio Ustarroz.&nbsp;<\/p>\n\n\n\n<p>Dentro de los distintos ex\u00e1menes que se efect\u00faan se trata de Electros cardiograma, evaluaci\u00f3n cl\u00ednica: se eval\u00faa sistema cardiovascular, respiratorio, neurol\u00f3gico cl\u00ednico y osteomuscular y nutrici\u00f3n. Adem\u00e1s, se realiza un control odontol\u00f3gico, prevenci\u00f3n y promoci\u00f3n de la salud bucal y t\u00e9cnica de cepillado de dientes. Ante cualquier interconsulta se lo deriva al centro de salud m\u00e1s cercano al domicilio.<\/p>\n\n\n\n<figure class=\"wp-block-image\"><img loading=\"lazy\" decoding=\"async\" width=\"768\" height=\"1024\" data-attachment-id=\"87924\" data-permalink=\"https:\/\/www.hoymercedes.com.ar\/principal\/2019\/02\/09\/mas-clubes-recibieron-el-programa-de-salud-y-deportes-de-la-municipalidad\/img-20190208-wa0129\/#main\" data-orig-file=\"https:\/\/www.hoymercedes.com.ar\/principal\/wp-content\/uploads\/2019\/02\/IMG-20190208-WA0129.jpg\" data-orig-size=\"864,1152\" data-comments-opened=\"0\" data-image-meta=\"{&quot;aperture&quot;:&quot;0&quot;,&quot;credit&quot;:&quot;&quot;,&quot;camera&quot;:&quot;&quot;,&quot;caption&quot;:&quot;&quot;,&quot;created_timestamp&quot;:&quot;0&quot;,&quot;copyright&quot;:&quot;&quot;,&quot;focal_length&quot;:&quot;0&quot;,&quot;iso&quot;:&quot;0&quot;,&quot;shutter_speed&quot;:&quot;0&quot;,&quot;title&quot;:&quot;&quot;,&quot;orientation&quot;:&quot;0&quot;}\" data-image-title=\"IMG-20190208-WA0129\" data-image-description=\"\" data-image-caption=\"\" data-large-file=\"https:\/\/www.hoymercedes.com.ar\/principal\/wp-content\/uploads\/2019\/02\/IMG-20190208-WA0129-768x1024.jpg\" src=\"https:\/\/www.hoymercedes.com.ar\/principal\/wp-content\/uploads\/2019\/02\/IMG-20190208-WA0129-768x1024.jpg\" alt=\"\" class=\"wp-image-87924\" srcset=\"https:\/\/www.hoymercedes.com.ar\/principal\/wp-content\/uploads\/2019\/02\/IMG-20190208-WA0129-768x1024.jpg 768w, https:\/\/www.hoymercedes.com.ar\/principal\/wp-content\/uploads\/2019\/02\/IMG-20190208-WA0129-113x150.jpg 113w, https:\/\/www.hoymercedes.com.ar\/principal\/wp-content\/uploads\/2019\/02\/IMG-20190208-WA0129-465x620.jpg 465w, https:\/\/www.hoymercedes.com.ar\/principal\/wp-content\/uploads\/2019\/02\/IMG-20190208-WA0129.jpg 864w\" sizes=\"auto, (max-width: 768px) 100vw, 768px\" \/><\/figure>\n\n\n\n<p>En esta ocasi\u00f3n se actu\u00f3 en el Club Holanda y Mercedes Rugby Club. \u201cEntendemos la salud como un derecho\u201d coment\u00f3 Pablo Cassiani<\/p>\n","protected":false},"excerpt":{"rendered":"<p>Contin\u00faa el trabajo de la Municipalidad de Mercedes junto a las instituciones educativas con el objetivo de cuidar m\u00e1s y &#8230; <a title=\"M\u00e1s clubes recibieron el programa de \u201cSalud y Deportes\u201d de la Municipalidad\" class=\"read-more\" href=\"https:\/\/www.hoymercedes.com.ar\/principal\/2019\/02\/09\/mas-clubes-recibieron-el-programa-de-salud-y-deportes-de-la-municipalidad\/\" aria-label=\"Leer m\u00e1s sobre M\u00e1s clubes recibieron el programa de \u201cSalud y Deportes\u201d de la Municipalidad\">Leer m\u00e1s<\/a><\/p>\n","protected":false},"author":1,"featured_media":87923,"comment_status":"closed","ping_status":"open","sticky":false,"template":"","format":"standard","meta":{"_monsterinsights_skip_tracking":false,"_monsterinsights_sitenote_active":false,"_monsterinsights_sitenote_note":"","_monsterinsights_sitenote_category":0,"jetpack_post_was_ever_published":false,"_jetpack_newsletter_access":"","_jetpack_dont_email_post_to_subs":false,"_jetpack_newsletter_tier_id":0,"_jetpack_memberships_contains_paywalled_content":false,"_jetpack_memberships_contains_paid_content":false,"footnotes":"","jetpack_publicize_message":"","jetpack_publicize_feature_enabled":true,"jetpack_social_post_already_shared":true,"jetpack_social_options":{"image_generator_settings":{"template":"highway","default_image_id":0,"font":"","enabled":false},"version":2},"_wpas_customize_per_network":false},"categories":[21],"tags":[9326,777],"class_list":["post-87922","post","type-post","status-publish","format-standard","has-post-thumbnail","hentry","category-deportes","tag-clubes","tag-direccion-de-deportes","generate-columns","tablet-grid-50","mobile-grid-100","grid-parent","grid-50"],"jetpack_publicize_connections":[],"jetpack_featured_media_url":"https:\/\/www.hoymercedes.com.ar\/principal\/wp-content\/uploads\/2019\/02\/IMG-20190208-WA0125.jpg","wps_subtitle":"Direcci\u00f3n de Deportes","jetpack_sharing_enabled":true,"_links":{"self":[{"href":"https:\/\/www.hoymercedes.com.ar\/principal\/wp-json\/wp\/v2\/posts\/87922","targetHints":{"allow":["GET"]}}],"collection":[{"href":"https:\/\/www.hoymercedes.com.ar\/principal\/wp-json\/wp\/v2\/posts"}],"about":[{"href":"https:\/\/www.hoymercedes.com.ar\/principal\/wp-json\/wp\/v2\/types\/post"}],"author":[{"embeddable":true,"href":"https:\/\/www.hoymercedes.com.ar\/principal\/wp-json\/wp\/v2\/users\/1"}],"replies":[{"embeddable":true,"href":"https:\/\/www.hoymercedes.com.ar\/principal\/wp-json\/wp\/v2\/comments?post=87922"}],"version-history":[{"count":0,"href":"https:\/\/www.hoymercedes.com.ar\/principal\/wp-json\/wp\/v2\/posts\/87922\/revisions"}],"wp:featuredmedia":[{"embeddable":true,"href":"https:\/\/www.hoymercedes.com.ar\/principal\/wp-json\/wp\/v2\/media\/87923"}],"wp:attachment":[{"href":"https:\/\/www.hoymercedes.com.ar\/principal\/wp-json\/wp\/v2\/media?parent=87922"}],"wp:term":[{"taxonomy":"category","embeddable":true,"href":"https:\/\/www.hoymercedes.com.ar\/principal\/wp-json\/wp\/v2\/categories?post=87922"},{"taxonomy":"post_tag","embeddable":true,"href":"https:\/\/www.hoymercedes.com.ar\/principal\/wp-json\/wp\/v2\/tags?post=87922"}],"curies":[{"name":"wp","href":"https:\/\/api.w.org\/{rel}","templated":true}]}}