{"id":87927,"date":"2019-02-09T18:13:36","date_gmt":"2019-02-09T21:13:36","guid":{"rendered":"http:\/\/www.hoymercedes.com.ar\/principal\/?p=87927"},"modified":"2019-02-10T08:59:53","modified_gmt":"2019-02-10T11:59:53","slug":"mercedes-entre-las-ciudades-con-servicio-de-energia-mas-caras-del-pais","status":"publish","type":"post","link":"https:\/\/www.hoymercedes.com.ar\/principal\/2019\/02\/09\/mercedes-entre-las-ciudades-con-servicio-de-energia-mas-caras-del-pais\/","title":{"rendered":"Mercedes entre las ciudades con servicio de energ\u00eda m\u00e1s caro del pa\u00eds"},"content":{"rendered":"\n<p>En Mercedes pagamos la energ\u00eda el\u00e9ctrica casi m\u00e1s cara del pa\u00eds. Seg\u00fan un estudio publicado por <a href=\"https:\/\/www.infobae.com\/economia\/2019\/02\/09\/el-mapa-de-la-distorsion-de-precios-de-la-luz-hay-provincias-que-pagan-mas-del-doble-que-otras\/\" target=\"_blank\" rel=\"noopener\">Infobae<\/a> tenemos la tercera tarifa m\u00e1s cara del pa\u00eds. Primero C\u00f3rdoba y luego el Sur de la Provincia de Buenos Aires. D\u00edas atr\u00e1s se supo que la gobernadora Vidal autoriz\u00f3 y rije desde febrero un aumento del 32% siendo el primero del a\u00f1o para terminar arribando a un 55%. <\/p>\n\n\n\n<p> \u00abEl mapa de las tarifas de la energ\u00eda el\u00e9ctrica en la Argentina muestra grandes distorsiones seg\u00fan el lugar donde se vive.&nbsp;<strong>Por servicios similares hay precios que var\u00edan hasta 146 por ciento.<\/strong>\u00ab, especific\u00f3 el sitio de noticias nacional<\/p>\n\n\n\n<p>En el portal nacional comentan\nque \u201c\u00bbEl precio final que paga el usuario es un combo, no es solamente la\ntarifa. Ten\u00e9s una tarifa que se aplica para todos igual, que es el costo\ntransporte de la energ\u00eda que var\u00eda muy leve, depende cuanto tiene que recorrer\nla energ\u00eda el\u00e9ctrica. Pero la tarifa mayorista es casi la misma. Lo que cambia\nes la tarifa de distribuci\u00f3n, llamada Valor Agregado de Distribuci\u00f3n (VAD) que\nes lo que corresponde a la distribuidora, y la carga impositiva\u00bb, detall\u00f3\nLaclau para el sitio Infobae.com<\/p>\n\n\n\n<figure class=\"wp-block-image\"><img loading=\"lazy\" decoding=\"async\" width=\"497\" height=\"1024\" data-attachment-id=\"87928\" data-permalink=\"https:\/\/www.hoymercedes.com.ar\/principal\/2019\/02\/09\/mercedes-entre-las-ciudades-con-servicio-de-energia-mas-caras-del-pais\/info_tarifas-electricas-1\/#main\" data-orig-file=\"https:\/\/www.hoymercedes.com.ar\/principal\/wp-content\/uploads\/2019\/02\/info_tarifas-electricas-1.gif\" data-orig-size=\"1000,2061\" data-comments-opened=\"0\" data-image-meta=\"{&quot;aperture&quot;:&quot;0&quot;,&quot;credit&quot;:&quot;&quot;,&quot;camera&quot;:&quot;&quot;,&quot;caption&quot;:&quot;&quot;,&quot;created_timestamp&quot;:&quot;0&quot;,&quot;copyright&quot;:&quot;&quot;,&quot;focal_length&quot;:&quot;0&quot;,&quot;iso&quot;:&quot;0&quot;,&quot;shutter_speed&quot;:&quot;0&quot;,&quot;title&quot;:&quot;&quot;,&quot;orientation&quot;:&quot;0&quot;}\" data-image-title=\"info_tarifas-electricas-1\" data-image-description=\"\" data-image-caption=\"\" data-large-file=\"https:\/\/www.hoymercedes.com.ar\/principal\/wp-content\/uploads\/2019\/02\/info_tarifas-electricas-1-497x1024.gif\" src=\"https:\/\/www.hoymercedes.com.ar\/principal\/wp-content\/uploads\/2019\/02\/info_tarifas-electricas-1-497x1024.gif\" alt=\"\" class=\"wp-image-87928\" srcset=\"https:\/\/www.hoymercedes.com.ar\/principal\/wp-content\/uploads\/2019\/02\/info_tarifas-electricas-1-497x1024.gif 497w, https:\/\/www.hoymercedes.com.ar\/principal\/wp-content\/uploads\/2019\/02\/info_tarifas-electricas-1-73x150.gif 73w, https:\/\/www.hoymercedes.com.ar\/principal\/wp-content\/uploads\/2019\/02\/info_tarifas-electricas-1-301x620.gif 301w\" sizes=\"auto, (max-width: 497px) 100vw, 497px\" \/><figcaption>Infograf\u00eda Infobae. Nota de Ximena Casas<\/figcaption><\/figure>\n\n\n\n<p>\u00abCada provincia decide sobre\nla tarifa que paga su empresa y generalmente es en torno a un c\u00e1lculo que tiene\nen cuenta cuestiones como densidad de poblaci\u00f3n o los kil\u00f3metros de l\u00edneas que\nnecesita mantener una compa\u00f1\u00eda. Pero la diferencia es muy grande m\u00e1s all\u00e1 de\nestas cuestiones\u00bb, destac\u00f3 Cecilia Laclau, presidente de Fundaci\u00f3n para el\nDesarrollo El\u00e9ctrico (Fundelec) especific\u00f3 la publicaci\u00f3n mencionada. <\/p>\n\n\n\n<p>Del informe presentado, se\ndesprende que nuestra ciudad es una de las que m\u00e1s paga por el servicio\nel\u00e9ctrico junto a la zona que incluye el servicio que recibimos por la empresa\nEDEN. Del gr\u00e1fico de Infobae se desprende que C\u00f3rdoba se paga EPC en C\u00f3rdoba se\nabona promedio $1.581,70 por factura de 300kwh promedio. Seguido por $1.579,88\nde EDES en el sur de la provincia de Buenos Aires y luego viene la zona EDEN\ndonde se encuentra Mercedes con una factura promedio de $1.514,95 cada 300 kwh\nconsumidos.<\/p>\n\n\n\n<p>Nota completa en: <\/p>\n\n\n\n<figure class=\"wp-block-embed\"><div class=\"wp-block-embed__wrapper\">\n https:\/\/www.infobae.com\/economia\/2019\/02\/09\/el-mapa-de-la-distorsion-de-precios-de-la-luz-hay-provincias-que-pagan-mas-del-doble-que-otras\/\n<\/div><\/figure>\n","protected":false},"excerpt":{"rendered":"<p>En Mercedes pagamos la energ\u00eda el\u00e9ctrica casi m\u00e1s cara del pa\u00eds. Seg\u00fan un estudio publicado por Infobae tenemos la tercera &#8230; <a title=\"Mercedes entre las ciudades con servicio de energ\u00eda m\u00e1s caro del pa\u00eds\" class=\"read-more\" href=\"https:\/\/www.hoymercedes.com.ar\/principal\/2019\/02\/09\/mercedes-entre-las-ciudades-con-servicio-de-energia-mas-caras-del-pais\/\" aria-label=\"Leer m\u00e1s sobre Mercedes entre las ciudades con servicio de energ\u00eda m\u00e1s caro del pa\u00eds\">Leer m\u00e1s<\/a><\/p>\n","protected":false},"author":1,"featured_media":87928,"comment_status":"closed","ping_status":"open","sticky":false,"template":"","format":"standard","meta":{"_monsterinsights_skip_tracking":false,"_monsterinsights_sitenote_active":false,"_monsterinsights_sitenote_note":"","_monsterinsights_sitenote_category":0,"jetpack_post_was_ever_published":false,"_jetpack_newsletter_access":"","_jetpack_dont_email_post_to_subs":false,"_jetpack_newsletter_tier_id":0,"_jetpack_memberships_contains_paywalled_content":false,"_jetpack_memberships_contains_paid_content":false,"footnotes":"","jetpack_publicize_message":"","jetpack_publicize_feature_enabled":true,"jetpack_social_post_already_shared":true,"jetpack_social_options":{"image_generator_settings":{"template":"highway","default_image_id":0,"font":"","enabled":false},"version":2},"_wpas_customize_per_network":false},"categories":[8],"tags":[1023,13939],"class_list":["post-87927","post","type-post","status-publish","format-standard","has-post-thumbnail","hentry","category-sociedad","tag-eden","tag-servicio-electrico","generate-columns","tablet-grid-50","mobile-grid-100","grid-parent","grid-50"],"jetpack_publicize_connections":[],"jetpack_featured_media_url":"https:\/\/www.hoymercedes.com.ar\/principal\/wp-content\/uploads\/2019\/02\/info_tarifas-electricas-1.gif","wps_subtitle":"","jetpack_sharing_enabled":true,"_links":{"self":[{"href":"https:\/\/www.hoymercedes.com.ar\/principal\/wp-json\/wp\/v2\/posts\/87927","targetHints":{"allow":["GET"]}}],"collection":[{"href":"https:\/\/www.hoymercedes.com.ar\/principal\/wp-json\/wp\/v2\/posts"}],"about":[{"href":"https:\/\/www.hoymercedes.com.ar\/principal\/wp-json\/wp\/v2\/types\/post"}],"author":[{"embeddable":true,"href":"https:\/\/www.hoymercedes.com.ar\/principal\/wp-json\/wp\/v2\/users\/1"}],"replies":[{"embeddable":true,"href":"https:\/\/www.hoymercedes.com.ar\/principal\/wp-json\/wp\/v2\/comments?post=87927"}],"version-history":[{"count":0,"href":"https:\/\/www.hoymercedes.com.ar\/principal\/wp-json\/wp\/v2\/posts\/87927\/revisions"}],"wp:featuredmedia":[{"embeddable":true,"href":"https:\/\/www.hoymercedes.com.ar\/principal\/wp-json\/wp\/v2\/media\/87928"}],"wp:attachment":[{"href":"https:\/\/www.hoymercedes.com.ar\/principal\/wp-json\/wp\/v2\/media?parent=87927"}],"wp:term":[{"taxonomy":"category","embeddable":true,"href":"https:\/\/www.hoymercedes.com.ar\/principal\/wp-json\/wp\/v2\/categories?post=87927"},{"taxonomy":"post_tag","embeddable":true,"href":"https:\/\/www.hoymercedes.com.ar\/principal\/wp-json\/wp\/v2\/tags?post=87927"}],"curies":[{"name":"wp","href":"https:\/\/api.w.org\/{rel}","templated":true}]}}