{"id":88002,"date":"2019-02-13T07:31:31","date_gmt":"2019-02-13T10:31:31","guid":{"rendered":"http:\/\/www.hoymercedes.com.ar\/principal\/?p=88002"},"modified":"2019-02-12T20:54:11","modified_gmt":"2019-02-12T23:54:11","slug":"julieta-suarez-y-facundo-ortiz-se-quedaron-con-los-8k-de-gowland","status":"publish","type":"post","link":"https:\/\/www.hoymercedes.com.ar\/principal\/2019\/02\/13\/julieta-suarez-y-facundo-ortiz-se-quedaron-con-los-8k-de-gowland\/","title":{"rendered":"Julieta Su\u00e1rez y Facundo Ortiz se quedaron con los 8k de Gowland"},"content":{"rendered":"\n<p>La prueba atl\u00e9tica de calle que se realiz\u00f3 este s\u00e1bado en la localidad de Gowland, con motivo de su aniversario 131 volvi\u00f3 a ser un \u00e9xito como en las pasadas tres ediciones. Con dos distancias, una de 4 kil\u00f3metros y otra de 8, una buena cantidad de competidores asistieron.<\/p>\n\n\n\n<figure class=\"wp-block-image\"><img loading=\"lazy\" decoding=\"async\" width=\"1024\" height=\"576\" data-attachment-id=\"88087\" data-permalink=\"https:\/\/www.hoymercedes.com.ar\/principal\/2019\/02\/13\/julieta-suarez-y-facundo-ortiz-se-quedaron-con-los-8k-de-gowland\/whatsapp-image-2019-02-12-at-20-37-40\/#main\" data-orig-file=\"https:\/\/www.hoymercedes.com.ar\/principal\/wp-content\/uploads\/2019\/02\/WhatsApp-Image-2019-02-12-at-20.37.40.jpeg\" data-orig-size=\"1280,720\" data-comments-opened=\"0\" data-image-meta=\"{&quot;aperture&quot;:&quot;0&quot;,&quot;credit&quot;:&quot;&quot;,&quot;camera&quot;:&quot;&quot;,&quot;caption&quot;:&quot;&quot;,&quot;created_timestamp&quot;:&quot;0&quot;,&quot;copyright&quot;:&quot;&quot;,&quot;focal_length&quot;:&quot;0&quot;,&quot;iso&quot;:&quot;0&quot;,&quot;shutter_speed&quot;:&quot;0&quot;,&quot;title&quot;:&quot;&quot;,&quot;orientation&quot;:&quot;0&quot;}\" data-image-title=\"WhatsApp Image 2019-02-12 at 20.37.40\" data-image-description=\"\" data-image-caption=\"\" data-large-file=\"https:\/\/www.hoymercedes.com.ar\/principal\/wp-content\/uploads\/2019\/02\/WhatsApp-Image-2019-02-12-at-20.37.40-1024x576.jpeg\" src=\"https:\/\/www.hoymercedes.com.ar\/principal\/wp-content\/uploads\/2019\/02\/WhatsApp-Image-2019-02-12-at-20.37.40-1024x576.jpeg\" alt=\"\" class=\"wp-image-88087\" srcset=\"https:\/\/www.hoymercedes.com.ar\/principal\/wp-content\/uploads\/2019\/02\/WhatsApp-Image-2019-02-12-at-20.37.40-1024x576.jpeg 1024w, https:\/\/www.hoymercedes.com.ar\/principal\/wp-content\/uploads\/2019\/02\/WhatsApp-Image-2019-02-12-at-20.37.40-150x84.jpeg 150w, https:\/\/www.hoymercedes.com.ar\/principal\/wp-content\/uploads\/2019\/02\/WhatsApp-Image-2019-02-12-at-20.37.40-630x354.jpeg 630w, https:\/\/www.hoymercedes.com.ar\/principal\/wp-content\/uploads\/2019\/02\/WhatsApp-Image-2019-02-12-at-20.37.40.jpeg 1280w\" sizes=\"auto, (max-width: 1024px) 100vw, 1024px\" \/><\/figure>\n\n\n\n<p>Organizada por la Direcci\u00f3n de Deportes de la Municipalidad de Mercedes, la recaudaci\u00f3n se destin\u00f3 al Club Deportivo Gowland, que busca ser uno de los nuevos afiliados a la Liga Mercedina de F\u00fatbol. Julieta Su\u00e1rez fue la m\u00e1s r\u00e1pida en Damas y Facundo Ortiz en Caballeros en la distancia m\u00e1xima, mientras que en la m\u00ednima, Fiorella Zuffo y Miguel Ortiz. <\/p>\n\n\n\n<p><strong>4 K<br>General Femenina<br><\/strong>1\u00b0 Fiorella Zuffo.<br>2\u00b0 Marina Ortiz.<br>3\u00b0 Natali Coria.<\/p>\n\n\n\n<p><strong>General Masculina<br><\/strong>1\u00b0 Miguel L\u00f3pez.<br>2\u00b0 Pedro Ortiz.<br>3\u00b0 Amadeo Pe\u00f1a.<\/p>\n\n\n\n<p><strong>8 k<br>General Femenina<br><\/strong>1\u00b0 Julieta Su\u00e1rez.<br>2\u00b0 Eva Miguel.<br>3\u00b0 Sandra Contreras.<\/p>\n\n\n\n<p><strong>General Masculina<br><\/strong>1\u00b0 Facundo Ortiz.<br>2\u00b0 Franco Su\u00e1rez.<br>3\u00b0 Diego Coria.<\/p>\n\n\n\n<p><strong>8 K<br>Hasta 19 a\u00f1os<br><\/strong>1\u00b0 Franco Su\u00e1rez.<br>2\u00b0 Mateo Apestegu\u00eda.<br>3\u00b0 Augusto Moreno.<\/p>\n\n\n\n<p><strong>20 a 29 a\u00f1os<\/strong><br>1\u00b0 Sebasti\u00e1n Cirone.<br>2\u00b0 Lucas Morales.<br>3\u00b0 Lucas Herrera.<\/p>\n\n\n\n<p><strong>30 a 39 a\u00f1os<\/strong><br>1\u00b0 Facundo Ortiz.<br>2\u00b0 Diego Coria.<br>3\u00b0 Mario Morales.<\/p>\n\n\n\n<p><strong>40 a 49 a\u00f1os<\/strong><br>1\u00b0 Roberto Potes.<br>2\u00b0 Carlos Borre.<br>3\u00b0 Luis Ferrero.<br><strong><br>50 a 59 a\u00f1os<\/strong><br>1\u00b0 Pedro Lucero.<br>2\u00b0 Rafael Fajardo.<br>3\u00b0 Omar Ceyba.<\/p>\n\n\n\n<p><strong>60 a 69 a\u00f1os<\/strong><br>1\u00b0 Ricardo Brad\u00e1n.<br>2\u00b0 Jorge Santana.<br>3\u00b0 Oscar Pil\u00eda.<\/p>\n\n\n\n<p><strong>Mayores de 70 a\u00f1os<\/strong><br>1\u00b0 Jorge Catugno.<br>2\u00b0 Roberto Iglesias.<br>3\u00b0 Pedro Lescano.<\/p>\n\n\n\n<p><strong>Damas<br>Hasta 19 a\u00f1os<br><\/strong>1\u00b0 Julieta Su\u00e1rez.<br>2\u00b0 Sandra Contreras.<br>3\u00b0 Adela Caya.<\/p>\n\n\n\n<p><strong>40 a 49 a\u00f1os<\/strong><br>1\u00b0 Eva Miguel.<br>2\u00b0 Elizabeth Chaira.<br>3\u00b0 Alejandra Garc\u00eda.<\/p>\n\n\n\n<p><strong>50 a 59 a\u00f1os<\/strong><br>1\u00b0 Patricia Lagos.<br>2\u00b0 Mirta Caradelini.<br>3\u00b0 Susana Spinelli.<\/p>\n\n\n\n<p><strong>60 a 69 a\u00f1os<\/strong><br>1\u00b0 Angela Digifico.<\/p>\n","protected":false},"excerpt":{"rendered":"<p>La prueba atl\u00e9tica de calle que se realiz\u00f3 este s\u00e1bado en la localidad de Gowland, con motivo de su aniversario &#8230; <a title=\"Julieta Su\u00e1rez y Facundo Ortiz se quedaron con los 8k de Gowland\" class=\"read-more\" href=\"https:\/\/www.hoymercedes.com.ar\/principal\/2019\/02\/13\/julieta-suarez-y-facundo-ortiz-se-quedaron-con-los-8k-de-gowland\/\" aria-label=\"Leer m\u00e1s sobre Julieta Su\u00e1rez y Facundo Ortiz se quedaron con los 8k de Gowland\">Leer m\u00e1s<\/a><\/p>\n","protected":false},"author":1,"featured_media":88087,"comment_status":"closed","ping_status":"open","sticky":false,"template":"","format":"standard","meta":{"_monsterinsights_skip_tracking":false,"_monsterinsights_sitenote_active":false,"_monsterinsights_sitenote_note":"","_monsterinsights_sitenote_category":0,"jetpack_post_was_ever_published":false,"_jetpack_newsletter_access":"","_jetpack_dont_email_post_to_subs":false,"_jetpack_newsletter_tier_id":0,"_jetpack_memberships_contains_paywalled_content":false,"_jetpack_memberships_contains_paid_content":false,"footnotes":"","jetpack_publicize_message":"","jetpack_publicize_feature_enabled":true,"jetpack_social_post_already_shared":true,"jetpack_social_options":{"image_generator_settings":{"template":"highway","default_image_id":0,"font":"","enabled":false},"version":2},"_wpas_customize_per_network":false},"categories":[21],"tags":[803,875],"class_list":["post-88002","post","type-post","status-publish","format-standard","has-post-thumbnail","hentry","category-deportes","tag-atletismo","tag-gowland","generate-columns","tablet-grid-50","mobile-grid-100","grid-parent","grid-50"],"jetpack_publicize_connections":[],"jetpack_featured_media_url":"https:\/\/www.hoymercedes.com.ar\/principal\/wp-content\/uploads\/2019\/02\/WhatsApp-Image-2019-02-12-at-20.37.40.jpeg","wps_subtitle":"Atletismo","jetpack_sharing_enabled":true,"_links":{"self":[{"href":"https:\/\/www.hoymercedes.com.ar\/principal\/wp-json\/wp\/v2\/posts\/88002","targetHints":{"allow":["GET"]}}],"collection":[{"href":"https:\/\/www.hoymercedes.com.ar\/principal\/wp-json\/wp\/v2\/posts"}],"about":[{"href":"https:\/\/www.hoymercedes.com.ar\/principal\/wp-json\/wp\/v2\/types\/post"}],"author":[{"embeddable":true,"href":"https:\/\/www.hoymercedes.com.ar\/principal\/wp-json\/wp\/v2\/users\/1"}],"replies":[{"embeddable":true,"href":"https:\/\/www.hoymercedes.com.ar\/principal\/wp-json\/wp\/v2\/comments?post=88002"}],"version-history":[{"count":0,"href":"https:\/\/www.hoymercedes.com.ar\/principal\/wp-json\/wp\/v2\/posts\/88002\/revisions"}],"wp:featuredmedia":[{"embeddable":true,"href":"https:\/\/www.hoymercedes.com.ar\/principal\/wp-json\/wp\/v2\/media\/88087"}],"wp:attachment":[{"href":"https:\/\/www.hoymercedes.com.ar\/principal\/wp-json\/wp\/v2\/media?parent=88002"}],"wp:term":[{"taxonomy":"category","embeddable":true,"href":"https:\/\/www.hoymercedes.com.ar\/principal\/wp-json\/wp\/v2\/categories?post=88002"},{"taxonomy":"post_tag","embeddable":true,"href":"https:\/\/www.hoymercedes.com.ar\/principal\/wp-json\/wp\/v2\/tags?post=88002"}],"curies":[{"name":"wp","href":"https:\/\/api.w.org\/{rel}","templated":true}]}}