{"id":88009,"date":"2019-02-11T16:20:38","date_gmt":"2019-02-11T19:20:38","guid":{"rendered":"http:\/\/www.hoymercedes.com.ar\/principal\/?p=88009"},"modified":"2019-02-12T08:52:42","modified_gmt":"2019-02-12T11:52:42","slug":"bomberos-voluntarios-mercedes-inscriben-para-curso-mixto-de-ingreso","status":"publish","type":"post","link":"https:\/\/www.hoymercedes.com.ar\/principal\/2019\/02\/11\/bomberos-voluntarios-mercedes-inscriben-para-curso-mixto-de-ingreso\/","title":{"rendered":"Bomberos Voluntarios Mercedes inscriben para curso mixto de ingreso"},"content":{"rendered":"\n<p>El cuerpo\nde Bomberos Voluntarios de Mercedes abri\u00f3 su inscripci\u00f3n para los cursos de\ningreso a la instituci\u00f3n. Este a\u00f1o, la novedad es que los cursos ser\u00e1n mixtos. Hasta\nel 28 de febrero est\u00e1 abierta la inscripci\u00f3n para varones y mujeres de entre 17\ny 40 a\u00f1os de edad. El curso dura 9 meses. <\/p>\n\n\n\n<p>En el marco\nde una conferencia de prensa de los Bomberos Voluntarios desarrollada en mayo\ndel a\u00f1o pasado, los responsables y jefes de la Asociaci\u00f3n Bomberos Voluntarios anticiparon\nque este 2019 vendr\u00eda con novedades para los ingresantes. El cuartel comenzaba\na acondicionarse para que las mujeres interesadas puedan formar parte del\ncuerpo activo. <\/p>\n\n\n\n<p>La semana\npasada, a trav\u00e9s de sus redes sociales, los Bomberos Voluntarios de Mercedes\nconfirmaron que el curso de ingreso para cadetes ser\u00e1 mixto, permitiendo que\nlas mujeres que quieran sumarse al cuerpo activo puedan hacer los primeros 9\nmeses de capacitaci\u00f3n y formar parte de Bomberos. <\/p>\n\n\n\n<p>El Jefe del\nCuerpo de Bomberos Voluntarios de Mercedes, Ismael Alfredo Guti\u00e9rrez dialog\u00f3\ncon distintos medios de comunicaci\u00f3n y confirm\u00f3 que se abri\u00f3 la inscripci\u00f3n para\nel curso que incluir\u00e1 varones y mujeres, un pedido que muchas mujeres ven\u00edan\nhaciendo desde hace varios a\u00f1os. \u201cNo permit\u00edamos mujeres porque nos faltaban\nvestuarios para ellas. Pero la demanda fue tanta, que el cuerpo activo y el\nconsejo directivo decidieron abrir la inscripci\u00f3n mixta y acondicionamos la\nsala de reuniones para que tengan un vestuario las mujeres\u201d, cont\u00f3 el Primer\nJefe de Bomberos. <\/p>\n\n\n\n<p>La inscripci\u00f3n est\u00e1 abierta hasta el 28 de febrero en el cuartel consultando en la oficina de guardia ingresando por calle 22. El 1\u00b0 de marzo habr\u00e1 una reuni\u00f3n informativa para iniciar el curso de 9 meses en el mes de abril. Tanto varones como mujeres deben cumplimentar con los requisitos solicitados por los Bomberos Voluntarios de Mercedes. Estos son: tener 17 a\u00f1os cumplidos y una edad m\u00e1xima de 40 a\u00f1os, tener su domicilio en Mercedes, deber\u00e1n tener el primario completo y presentar el certificado de antecedentes penales y civiles.<\/p>\n\n\n\n<figure class=\"wp-block-image\"><img loading=\"lazy\" decoding=\"async\" width=\"720\" height=\"647\" data-attachment-id=\"88010\" data-permalink=\"https:\/\/www.hoymercedes.com.ar\/principal\/2019\/02\/11\/bomberos-voluntarios-mercedes-inscriben-para-curso-mixto-de-ingreso\/11-bomberos-ingresantes\/#main\" data-orig-file=\"https:\/\/www.hoymercedes.com.ar\/principal\/wp-content\/uploads\/2019\/02\/11-bomberos-ingresantes.jpg\" data-orig-size=\"720,647\" data-comments-opened=\"0\" data-image-meta=\"{&quot;aperture&quot;:&quot;0&quot;,&quot;credit&quot;:&quot;&quot;,&quot;camera&quot;:&quot;&quot;,&quot;caption&quot;:&quot;&quot;,&quot;created_timestamp&quot;:&quot;0&quot;,&quot;copyright&quot;:&quot;&quot;,&quot;focal_length&quot;:&quot;0&quot;,&quot;iso&quot;:&quot;0&quot;,&quot;shutter_speed&quot;:&quot;0&quot;,&quot;title&quot;:&quot;&quot;,&quot;orientation&quot;:&quot;0&quot;}\" data-image-title=\"11 bomberos ingresantes\" data-image-description=\"\" data-image-caption=\"\" data-large-file=\"https:\/\/www.hoymercedes.com.ar\/principal\/wp-content\/uploads\/2019\/02\/11-bomberos-ingresantes.jpg\" src=\"https:\/\/www.hoymercedes.com.ar\/principal\/wp-content\/uploads\/2019\/02\/11-bomberos-ingresantes.jpg\" alt=\"\" class=\"wp-image-88010\" srcset=\"https:\/\/www.hoymercedes.com.ar\/principal\/wp-content\/uploads\/2019\/02\/11-bomberos-ingresantes.jpg 720w, https:\/\/www.hoymercedes.com.ar\/principal\/wp-content\/uploads\/2019\/02\/11-bomberos-ingresantes-150x135.jpg 150w, https:\/\/www.hoymercedes.com.ar\/principal\/wp-content\/uploads\/2019\/02\/11-bomberos-ingresantes-630x566.jpg 630w\" sizes=\"auto, (max-width: 720px) 100vw, 720px\" \/><\/figure>\n","protected":false},"excerpt":{"rendered":"<p>El cuerpo de Bomberos Voluntarios de Mercedes abri\u00f3 su inscripci\u00f3n para los cursos de ingreso a la instituci\u00f3n. Este a\u00f1o, &#8230; <a title=\"Bomberos Voluntarios Mercedes inscriben para curso mixto de ingreso\" class=\"read-more\" href=\"https:\/\/www.hoymercedes.com.ar\/principal\/2019\/02\/11\/bomberos-voluntarios-mercedes-inscriben-para-curso-mixto-de-ingreso\/\" aria-label=\"Leer m\u00e1s sobre Bomberos Voluntarios Mercedes inscriben para curso mixto de ingreso\">Leer m\u00e1s<\/a><\/p>\n","protected":false},"author":1,"featured_media":60540,"comment_status":"closed","ping_status":"open","sticky":false,"template":"","format":"standard","meta":{"_monsterinsights_skip_tracking":false,"_monsterinsights_sitenote_active":false,"_monsterinsights_sitenote_note":"","_monsterinsights_sitenote_category":0,"jetpack_post_was_ever_published":false,"_jetpack_newsletter_access":"","_jetpack_dont_email_post_to_subs":false,"_jetpack_newsletter_tier_id":0,"_jetpack_memberships_contains_paywalled_content":false,"_jetpack_memberships_contains_paid_content":false,"footnotes":"","jetpack_publicize_message":"","jetpack_publicize_feature_enabled":true,"jetpack_social_post_already_shared":true,"jetpack_social_options":{"image_generator_settings":{"template":"highway","default_image_id":0,"font":"","enabled":false},"version":2},"_wpas_customize_per_network":false},"categories":[8],"tags":[865,14498],"class_list":["post-88009","post","type-post","status-publish","format-standard","has-post-thumbnail","hentry","category-sociedad","tag-bomberos-voluntarios","tag-inscripcion-cursos-mixtos","generate-columns","tablet-grid-50","mobile-grid-100","grid-parent","grid-50"],"jetpack_publicize_connections":[],"jetpack_featured_media_url":"https:\/\/www.hoymercedes.com.ar\/principal\/wp-content\/uploads\/2017\/03\/escudo-bomberos.jpg","wps_subtitle":"Sumando cadetes","jetpack_sharing_enabled":true,"_links":{"self":[{"href":"https:\/\/www.hoymercedes.com.ar\/principal\/wp-json\/wp\/v2\/posts\/88009","targetHints":{"allow":["GET"]}}],"collection":[{"href":"https:\/\/www.hoymercedes.com.ar\/principal\/wp-json\/wp\/v2\/posts"}],"about":[{"href":"https:\/\/www.hoymercedes.com.ar\/principal\/wp-json\/wp\/v2\/types\/post"}],"author":[{"embeddable":true,"href":"https:\/\/www.hoymercedes.com.ar\/principal\/wp-json\/wp\/v2\/users\/1"}],"replies":[{"embeddable":true,"href":"https:\/\/www.hoymercedes.com.ar\/principal\/wp-json\/wp\/v2\/comments?post=88009"}],"version-history":[{"count":0,"href":"https:\/\/www.hoymercedes.com.ar\/principal\/wp-json\/wp\/v2\/posts\/88009\/revisions"}],"wp:featuredmedia":[{"embeddable":true,"href":"https:\/\/www.hoymercedes.com.ar\/principal\/wp-json\/wp\/v2\/media\/60540"}],"wp:attachment":[{"href":"https:\/\/www.hoymercedes.com.ar\/principal\/wp-json\/wp\/v2\/media?parent=88009"}],"wp:term":[{"taxonomy":"category","embeddable":true,"href":"https:\/\/www.hoymercedes.com.ar\/principal\/wp-json\/wp\/v2\/categories?post=88009"},{"taxonomy":"post_tag","embeddable":true,"href":"https:\/\/www.hoymercedes.com.ar\/principal\/wp-json\/wp\/v2\/tags?post=88009"}],"curies":[{"name":"wp","href":"https:\/\/api.w.org\/{rel}","templated":true}]}}