{"id":88013,"date":"2019-02-11T17:00:18","date_gmt":"2019-02-11T20:00:18","guid":{"rendered":"http:\/\/www.hoymercedes.com.ar\/principal\/?p=88013"},"modified":"2019-02-11T16:30:03","modified_gmt":"2019-02-11T19:30:03","slug":"la-dumer-comienza-ciclo-de-clasicos-de-cine","status":"publish","type":"post","link":"https:\/\/www.hoymercedes.com.ar\/principal\/2019\/02\/11\/la-dumer-comienza-ciclo-de-clasicos-de-cine\/","title":{"rendered":"La Dumer comienza ciclo de cl\u00e1sicos de cine"},"content":{"rendered":"\n<p>Este mi\u00e9rcoles 13 de febrero, la Cultural Dumer inicia un ciclo de cine con pel\u00edculas cl\u00e1sicas internacionales. Desde la hora 22, proyectar\u00e1n la pel\u00edcula \u00abEl Sentido de la Vida\u00bb de Monty Python&#8217;s. Invitan a que el p\u00fablico se acerque a la funci\u00f3n gratuita con pantalla \u00abultra grande y sonido ultrapotente\u00bb. <\/p>\n\n\n\n<p>\u00abEl Sentido de la Vida\u00bb. T\u00edtulo original: Monty Python\u2019s The Meaning of Life.  <br>Direcci\u00f3n: Terry Jones, Terry Gilliam. Sinopsis: Conjunto de episodios que muestran de forma disparatada los momentos m\u00e1s importantes del ciclo de la vida. Desde el nacimiento a la muerte, pasando por asuntos como la filosof\u00eda, la historia o la medicina, todo tratado con el inconfundible humor de los populares c\u00f3micos ingleses. El pr\u00f3logo es un cortometraje independiente rodado por Terry Gilliam: \u201cSeguros permanentes Crimson\u201d. (FILMAFFINITY). <\/p>\n\n\n\n<p>Ficha t\u00e9cnica: Direcci\u00f3n: Terry Jones, Terry Gilliam. Guion: Graham Chapman, John Cleese, Terry Gilliam, Eric Idle, Terry Jones, Michael Palin \/ M\u00fasica: John Du Prez (Canciones: Monty Python). Fotograf\u00eda: Peter Hannan, Roger Pratt. Reparto: Graham Chapman, John Cleese, Terry Gilliam, Eric Idle, Terry Jones, Michael Palin,Carol Cleveland, Simon Jones, Patricia Quinn, Judy Loe, Andrew MacLachlan,Matt Frewer, Valerie Whittington. <br>A\u00f1o: 1983. Duraci\u00f3n: 103 min. Pa\u00eds: Reino Unido Reino Unido   <\/p>\n\n\n\n<p>Premios: 1983: Cannes: Premio especial del Jurado, Nominada a la Palma de Oro. 1984: BAFTA: Nominada Mejor Canci\u00f3n Original (\u201cEvery Sperm Is Sacred\u201d)<\/p>\n\n\n\n<p>Cr\u00edticas: \u201cLo m\u00e1s maravilloso del film es que siga siendo c\u00f3mica: la risa suele ser una de las cosas que m\u00e1s se diluyen con el paso del tiempo, salvo que el film sea excelente. (\u2026) Puntuaci\u00f3n: \u2605\u2605\u2605\u2605\u2605 (sobre 5)\u201d <\/p>\n\n\n\n<figure class=\"wp-block-embed-facebook wp-block-embed is-type-video is-provider-facebook\"><div class=\"wp-block-embed__wrapper\">\n<div class=\"fb-video\" data-allowfullscreen=\"true\" data-href=\"https:\/\/www.facebook.com\/Laculturaldumer\/videos\/355830315004607\/\" style=\"background-color: #fff; display: inline-block;\"><\/div>\n<\/div><\/figure>\n\n\n\n<p><br><\/p>\n","protected":false},"excerpt":{"rendered":"<p>Este mi\u00e9rcoles 13 de febrero, la Cultural Dumer inicia un ciclo de cine con pel\u00edculas cl\u00e1sicas internacionales. Desde la hora &#8230; <a title=\"La Dumer comienza ciclo de cl\u00e1sicos de cine\" class=\"read-more\" href=\"https:\/\/www.hoymercedes.com.ar\/principal\/2019\/02\/11\/la-dumer-comienza-ciclo-de-clasicos-de-cine\/\" aria-label=\"Leer m\u00e1s sobre La Dumer comienza ciclo de cl\u00e1sicos de cine\">Leer m\u00e1s<\/a><\/p>\n","protected":false},"author":1,"featured_media":88014,"comment_status":"closed","ping_status":"open","sticky":false,"template":"","format":"standard","meta":{"_monsterinsights_skip_tracking":false,"_monsterinsights_sitenote_active":false,"_monsterinsights_sitenote_note":"","_monsterinsights_sitenote_category":0,"jetpack_post_was_ever_published":false,"_jetpack_newsletter_access":"","_jetpack_dont_email_post_to_subs":false,"_jetpack_newsletter_tier_id":0,"_jetpack_memberships_contains_paywalled_content":false,"_jetpack_memberships_contains_paid_content":false,"footnotes":"","jetpack_publicize_message":"","jetpack_publicize_feature_enabled":true,"jetpack_social_post_already_shared":true,"jetpack_social_options":{"image_generator_settings":{"template":"highway","default_image_id":0,"font":"","enabled":false},"version":2},"_wpas_customize_per_network":false},"categories":[104],"tags":[5273,7805,13248],"class_list":["post-88013","post","type-post","status-publish","format-standard","has-post-thumbnail","hentry","category-cultura","tag-cine","tag-cultura","tag-la-cultural-dumer","generate-columns","tablet-grid-50","mobile-grid-100","grid-parent","grid-50"],"jetpack_publicize_connections":[],"jetpack_featured_media_url":"https:\/\/www.hoymercedes.com.ar\/principal\/wp-content\/uploads\/2019\/02\/11-cine-dumer.jpg","wps_subtitle":"Todos los mi\u00e9rcoles","jetpack_sharing_enabled":true,"_links":{"self":[{"href":"https:\/\/www.hoymercedes.com.ar\/principal\/wp-json\/wp\/v2\/posts\/88013","targetHints":{"allow":["GET"]}}],"collection":[{"href":"https:\/\/www.hoymercedes.com.ar\/principal\/wp-json\/wp\/v2\/posts"}],"about":[{"href":"https:\/\/www.hoymercedes.com.ar\/principal\/wp-json\/wp\/v2\/types\/post"}],"author":[{"embeddable":true,"href":"https:\/\/www.hoymercedes.com.ar\/principal\/wp-json\/wp\/v2\/users\/1"}],"replies":[{"embeddable":true,"href":"https:\/\/www.hoymercedes.com.ar\/principal\/wp-json\/wp\/v2\/comments?post=88013"}],"version-history":[{"count":0,"href":"https:\/\/www.hoymercedes.com.ar\/principal\/wp-json\/wp\/v2\/posts\/88013\/revisions"}],"wp:featuredmedia":[{"embeddable":true,"href":"https:\/\/www.hoymercedes.com.ar\/principal\/wp-json\/wp\/v2\/media\/88014"}],"wp:attachment":[{"href":"https:\/\/www.hoymercedes.com.ar\/principal\/wp-json\/wp\/v2\/media?parent=88013"}],"wp:term":[{"taxonomy":"category","embeddable":true,"href":"https:\/\/www.hoymercedes.com.ar\/principal\/wp-json\/wp\/v2\/categories?post=88013"},{"taxonomy":"post_tag","embeddable":true,"href":"https:\/\/www.hoymercedes.com.ar\/principal\/wp-json\/wp\/v2\/tags?post=88013"}],"curies":[{"name":"wp","href":"https:\/\/api.w.org\/{rel}","templated":true}]}}