{"id":8803,"date":"2011-11-02T00:29:48","date_gmt":"2011-11-02T00:29:48","guid":{"rendered":"http:\/\/www.hoymercedes.com.ar\/principal\/?p=8803"},"modified":"2011-11-02T00:29:48","modified_gmt":"2011-11-02T00:29:48","slug":"colegio-de-abogados-se-conocio-el-resultado-del-xxviii-salon-anual-de-pinturas-%e2%80%9c95-aniversario%e2%80%9d","status":"publish","type":"post","link":"https:\/\/www.hoymercedes.com.ar\/principal\/2011\/11\/02\/colegio-de-abogados-se-conocio-el-resultado-del-xxviii-salon-anual-de-pinturas-%e2%80%9c95-aniversario%e2%80%9d\/","title":{"rendered":"Colegio de Abogados: se conoci\u00f3 el resultado del XXVIII Sal\u00f3n Anual de Pinturas \u201c95 Aniversario\u201d"},"content":{"rendered":"<p>El mercedino Mauro Parodi de conocida trayectoria por sus dibujos y caricaturas se hizo acreedor al primer premio. La inauguraci\u00f3n oficial se producir\u00e1 este vienes a partir de las 20.00<\/p>\n<p>En el Sal\u00f3n de Actos del Colegio de Abogados del Departamento Judicial Mercedes se producir\u00e1 el viernes pr\u00f3ximo a partir de las 20.00 la inauguraci\u00f3n del XXVIII Sal\u00f3n Anual de Pinturas habitualmente organizado por dicha entidad a trav\u00e9s de la Comisi\u00f3n de Extensi\u00f3n Socio Cultural que este a\u00f1o cobra un significado un tanto especial ya que se trata del a\u00f1o del Noventa y Cinco aniversario de la creaci\u00f3n de dicha instituci\u00f3n.<\/p>\n<p>De acuerdo a los datos proporcionados por la Secretaria Administrativa del Colegio, Vilma Bafundo, los integrantes del jurado designado por el Colegio (Mar\u00eda Celia Grassi, Eduardo Iglesias Brickles y Emilio Reato) trabajaron durante las primeras horas del s\u00e1bado pasado para evaluar cada una de las obras presentadas resolviendo cuales iban a ser finalmente acreedoras de los premios estipulados y cuales fueron admitidas para se exhibidas en el Sal\u00f3n que quedar\u00e1 inaugurado con la ceremonia oficial el s\u00e1bado pr\u00f3ximo para que un d\u00eda m\u00e1s tarde pueda comenzar a ser visitada en horas de la tarde por los vecinos en general\u201d.<\/p>\n<p>El jurado consagr\u00f3 ganador de la edici\u00f3n 28 del Sal\u00f3n al artista pl\u00e1stico mercedino Mauro Parodi, conocido dibujante y caricaturista de nuestro medio autor de la obra Lluvia\u201d, mientras que el segundo premio fue para otro autor de nuestra ciudad , la se\u00f1ora Ver\u00f3nica Pougy con la obra \u201cSiesta en la Vereda\u201d.<\/p>\n<p>El tercer premio fue para \u201cSendero\u201d de Ana Celia Quintana de la vecina ciudad de Suipacha mientras que el cuarto, \u201cMari no se Inmuta\u201d es para Carina Castro de Ramos Mej\u00eda.<\/p>\n<p>Los integrantes del Jurado entregaron dos menciones especiales para los trabajos correspondientes a Silvia Villarreal de General rodr\u00edguez y a Mar\u00eda G. Luna de nuestra ciudad, tambi\u00e9n menciones para Jorge De Lorenzo de Castelar, Anah\u00ed Bolpe de Azul y Gustavo Gifoli de Saenz Pe\u00f1a y por \u00faltimo tambi\u00e9n se designo en calidad de participantes invitados a Marcela Cueto de Mercedes y Olga Gallo de San Andr\u00e9s de Giles en este aso con dos obras presentadas.<\/p>\n","protected":false},"excerpt":{"rendered":"<p>El mercedino Mauro Parodi de conocida trayectoria por sus dibujos y caricaturas se hizo acreedor al primer premio. La inauguraci\u00f3n &#8230; <a title=\"Colegio de Abogados: se conoci\u00f3 el resultado del XXVIII Sal\u00f3n Anual de Pinturas \u201c95 Aniversario\u201d\" class=\"read-more\" href=\"https:\/\/www.hoymercedes.com.ar\/principal\/2011\/11\/02\/colegio-de-abogados-se-conocio-el-resultado-del-xxviii-salon-anual-de-pinturas-%e2%80%9c95-aniversario%e2%80%9d\/\" aria-label=\"Leer m\u00e1s sobre Colegio de Abogados: se conoci\u00f3 el resultado del XXVIII Sal\u00f3n Anual de Pinturas \u201c95 Aniversario\u201d\">Leer m\u00e1s<\/a><\/p>\n","protected":false},"author":1,"featured_media":0,"comment_status":"open","ping_status":"open","sticky":false,"template":"","format":"standard","meta":{"_monsterinsights_skip_tracking":false,"_monsterinsights_sitenote_active":false,"_monsterinsights_sitenote_note":"","_monsterinsights_sitenote_category":0,"jetpack_post_was_ever_published":false,"_jetpack_newsletter_access":"","_jetpack_dont_email_post_to_subs":false,"_jetpack_newsletter_tier_id":0,"_jetpack_memberships_contains_paywalled_content":false,"_jetpack_memberships_contains_paid_content":false,"footnotes":"","jetpack_publicize_message":"","jetpack_publicize_feature_enabled":true,"jetpack_social_post_already_shared":false,"jetpack_social_options":{"image_generator_settings":{"template":"highway","default_image_id":0,"font":"","enabled":false},"version":2},"_wpas_customize_per_network":false},"categories":[8],"tags":[928,970],"class_list":["post-8803","post","type-post","status-publish","format-standard","hentry","category-sociedad","tag-colegio-de-abogados","tag-salon-de-pintura","generate-columns","tablet-grid-50","mobile-grid-100","grid-parent","grid-50"],"jetpack_publicize_connections":[],"jetpack_featured_media_url":"","wps_subtitle":"","jetpack_sharing_enabled":true,"_links":{"self":[{"href":"https:\/\/www.hoymercedes.com.ar\/principal\/wp-json\/wp\/v2\/posts\/8803","targetHints":{"allow":["GET"]}}],"collection":[{"href":"https:\/\/www.hoymercedes.com.ar\/principal\/wp-json\/wp\/v2\/posts"}],"about":[{"href":"https:\/\/www.hoymercedes.com.ar\/principal\/wp-json\/wp\/v2\/types\/post"}],"author":[{"embeddable":true,"href":"https:\/\/www.hoymercedes.com.ar\/principal\/wp-json\/wp\/v2\/users\/1"}],"replies":[{"embeddable":true,"href":"https:\/\/www.hoymercedes.com.ar\/principal\/wp-json\/wp\/v2\/comments?post=8803"}],"version-history":[{"count":0,"href":"https:\/\/www.hoymercedes.com.ar\/principal\/wp-json\/wp\/v2\/posts\/8803\/revisions"}],"wp:attachment":[{"href":"https:\/\/www.hoymercedes.com.ar\/principal\/wp-json\/wp\/v2\/media?parent=8803"}],"wp:term":[{"taxonomy":"category","embeddable":true,"href":"https:\/\/www.hoymercedes.com.ar\/principal\/wp-json\/wp\/v2\/categories?post=8803"},{"taxonomy":"post_tag","embeddable":true,"href":"https:\/\/www.hoymercedes.com.ar\/principal\/wp-json\/wp\/v2\/tags?post=8803"}],"curies":[{"name":"wp","href":"https:\/\/api.w.org\/{rel}","templated":true}]}}