{"id":88049,"date":"2019-02-12T18:58:00","date_gmt":"2019-02-12T21:58:00","guid":{"rendered":"http:\/\/www.hoymercedes.com.ar\/principal\/?p=88049"},"modified":"2019-02-13T08:54:34","modified_gmt":"2019-02-13T11:54:34","slug":"municipio-anuncio-nuevo-medico-y-ecografo-de-alta-complejidad-en-el-c-i-c","status":"publish","type":"post","link":"https:\/\/www.hoymercedes.com.ar\/principal\/2019\/02\/12\/municipio-anuncio-nuevo-medico-y-ecografo-de-alta-complejidad-en-el-c-i-c\/","title":{"rendered":"Municipio anunci\u00f3 nuevo m\u00e9dico y ec\u00f3grafo de alta complejidad en el C.I.C"},"content":{"rendered":"\n<figure class=\"wp-block-embed-youtube wp-block-embed is-type-video is-provider-youtube wp-embed-aspect-16-9 wp-has-aspect-ratio\"><div class=\"wp-block-embed__wrapper\">\n<span class=\"embed-youtube\" style=\"text-align:center; display: block;\"><iframe loading=\"lazy\" class=\"youtube-player\" width=\"1200\" height=\"675\" src=\"https:\/\/www.youtube.com\/embed\/cCWA8R3WYwY?version=3&#038;rel=1&#038;showsearch=0&#038;showinfo=1&#038;iv_load_policy=1&#038;fs=1&#038;hl=es-ES&#038;autohide=2&#038;wmode=transparent\" allowfullscreen=\"true\" style=\"border:0;\" sandbox=\"allow-scripts allow-same-origin allow-popups allow-presentation allow-popups-to-escape-sandbox\"><\/iframe><\/span>\n<\/div><\/figure>\n\n\n\n<p>El intendente Ustarroz dio a conocer importantes novedades en materia de cuidado de la salud. Desde hace un mes comenz\u00f3 a desempe\u00f1arse en el \u00e1rea de Salud el Dr. Miguel Agostini. Su incorporaci\u00f3n lleg\u00f3 acompa\u00f1ada de la reciente adquisici\u00f3n de un ec\u00f3grafo que permitir\u00e1 realizar estudios&nbsp;&nbsp;a los que no se pod\u00eda acceder en el sistema de salud p\u00fablica de la ciudad; significando una ampliaci\u00f3n de derechos para los vecinos de la ciudad.<\/p>\n\n\n\n<p>En el Centro Integrador Comunitario se realiz\u00f3 la presentaci\u00f3n de una nueva adquisici\u00f3n de aparatolog\u00eda de alta complejidad. Se trata de un ec\u00f3grafo que permite incorporar a la salud p\u00fablica una mayor cobertura, hasta ahora no comprendida por el sistema en nuestra ciudad.<\/p>\n\n\n\n<figure class=\"wp-block-image\"><img loading=\"lazy\" decoding=\"async\" width=\"720\" height=\"350\" data-attachment-id=\"88050\" data-permalink=\"https:\/\/www.hoymercedes.com.ar\/principal\/2019\/02\/12\/municipio-anuncio-nuevo-medico-y-ecografo-de-alta-complejidad-en-el-c-i-c\/ecografo-alta-complejidad20190211_123701\/#main\" data-orig-file=\"https:\/\/www.hoymercedes.com.ar\/principal\/wp-content\/uploads\/2019\/02\/ecografo-alta-complejidad20190211_123701.jpg\" data-orig-size=\"720,350\" data-comments-opened=\"0\" data-image-meta=\"{&quot;aperture&quot;:&quot;2.4&quot;,&quot;credit&quot;:&quot;&quot;,&quot;camera&quot;:&quot;SM-G9650&quot;,&quot;caption&quot;:&quot;&quot;,&quot;created_timestamp&quot;:&quot;1549888621&quot;,&quot;copyright&quot;:&quot;&quot;,&quot;focal_length&quot;:&quot;4.3&quot;,&quot;iso&quot;:&quot;250&quot;,&quot;shutter_speed&quot;:&quot;0.02&quot;,&quot;title&quot;:&quot;&quot;,&quot;orientation&quot;:&quot;0&quot;}\" data-image-title=\"ecografo-alta-complejidad20190211_123701\" data-image-description=\"\" data-image-caption=\"\" data-large-file=\"https:\/\/www.hoymercedes.com.ar\/principal\/wp-content\/uploads\/2019\/02\/ecografo-alta-complejidad20190211_123701.jpg\" src=\"https:\/\/www.hoymercedes.com.ar\/principal\/wp-content\/uploads\/2019\/02\/ecografo-alta-complejidad20190211_123701.jpg\" alt=\"\" class=\"wp-image-88050\" srcset=\"https:\/\/www.hoymercedes.com.ar\/principal\/wp-content\/uploads\/2019\/02\/ecografo-alta-complejidad20190211_123701.jpg 720w, https:\/\/www.hoymercedes.com.ar\/principal\/wp-content\/uploads\/2019\/02\/ecografo-alta-complejidad20190211_123701-150x73.jpg 150w, https:\/\/www.hoymercedes.com.ar\/principal\/wp-content\/uploads\/2019\/02\/ecografo-alta-complejidad20190211_123701-630x306.jpg 630w\" sizes=\"auto, (max-width: 720px) 100vw, 720px\" \/><\/figure>\n\n\n\n<p>Adem\u00e1s, se present\u00f3 un nuevo profesional en el equipo de trabajo de Salud que se desempe\u00f1a en el CIC, el doctor Miguel Agostini, quien se desempe\u00f1a desde hace un mes en la secretar\u00eda de Salud se encuentra abocado a dos estudios muy importantes en el marco del programa \u201cMil D\u00edas\u201d.<\/p>\n\n\n\n<p><strong>Presentaci\u00f3n<\/strong><\/p>\n\n\n\n<p>La Lic. Emilia Marf\u00eda, directora APS, destac\u00f3 que \u201cnos encontramos en esta oportunidad para presentar al Dr. Agostini se encuentra abocado a dos estudios muy importantes en el control del embarazo que es translucencia nucal y el scan fetal. Adem\u00e1s, presentar el nuevo ec\u00f3grafo que hemos incorporado a todos nuestros equipos.<\/p>\n\n\n\n<p>Realmente significa mucho para lo que es salud p\u00fablica, APS, y espec\u00edficamente en el marco del programa \u201cMil D\u00edas\u201d en lo que refiere al control en el embarazo\u201d.<\/p>\n\n\n\n<p>Por su parte, la coordinadora del CIC, Dra Anal\u00eda Serebrisky remarc\u00f3: \u201cEstoy muy orgullosa de estar ac\u00e1, y de los profesionales que est\u00e1n llegando. Conozco al doctor Agostini, se de su trabajo y su experiencia, y contar con un equipo de trabajo como se est\u00e1 haciendo, es un lujo\u201d.<\/p>\n\n\n\n<p>En tanto, la Lic. Magdalena Leverman, una de las referentes de Mil D\u00edas destac\u00f3 que \u201cEs una gran satisfacci\u00f3n esta incorporaci\u00f3n. Era una gran dificultad que hab\u00edamos encontrado. Las mam\u00e1s beneficiarias del programa nos contaban la dificultad para acceder sobre todo al scan fetal en el sistema p\u00fablico, y que ten\u00eda un costo muy grande. Orgullosos de haber logrado no solo el equipo, sino tambi\u00e9n al Dr. Agostini quien tiene un excelente trato a las mam\u00e1s. Nos parece muy importante no solo la atenci\u00f3n sino el trato, y avanzar en dedicarle un tiempo, y que las mam\u00e1s puedan ver a su beb\u00e9. Son cosas que ayudan a reparar y tomarse el tiempo en empezar a ver ese beb\u00e9 que est\u00e1 creciendo en su panza\u201d.<\/p>\n\n\n\n<p>Tras la presentaci\u00f3n oficial, aunque ya se encuentra desempe\u00f1\u00e1ndose desde hace un mes, el propio Dr. Agostini expres\u00f3: \u201cEstoy muy contento. Hace ya un mes que formo parte de esto. Y estoy contento por la posibilidad de trabajar con este aparato que es de alta tecnolog\u00eda y calidad. Nos permite hacer estudios que son bastante espec\u00edficos que no se estaban haciendo en salud p\u00fablica. Que la gente tenga acceso a esto, y por todo lo que previene, es algo muy importante\u201d.<\/p>\n\n\n\n<p><strong>Inversi\u00f3n en salud<\/strong><\/p>\n\n\n\n<p>Por otro lado, el intendente Juan I. Ustarroz felict\u00f3 \u201ca todo el equipo de salud que viene trabajando much\u00edsimo\u201d, y le dio la bienvenida al Dr. Agostini. \u201cPara nosotros es un honor seguir sumando profesionales de una gran trayectoria. Y a todos ellos darles las herramientas necesarias para desempe\u00f1ar su tarea\u201d, se\u00f1al\u00f3 a la vez que remarc\u00f3 que \u201cEn ese sentido hemos adquirido un ec\u00f3grafo de alta complejidad, que nos permite realizar estudios que hoy el dispositivo de salud p\u00fablica de la ciudad no lo realizaba. Es poder darle a las personas, fundamentalmente en el marco del programa Mil D\u00edas, a las mam\u00e1s y al ni\u00f1o que est\u00e1 en gestaci\u00f3n todas las herramientas, una calidad y una calidez en la atenci\u00f3n que creemos es muy importante\u201d.<\/p>\n\n\n\n<p>Por otro lado, el Jefe Comunal remarc\u00f3 la impronta de la gesti\u00f3n: \u201cEsta es la antesala de lo que ser\u00e1 el d\u00eda de ma\u00f1ana el Centro de Im\u00e1genes y Diagn\u00f3sticos. No se espera al gran acontecimiento, una inauguraci\u00f3n, sino que se va desarrollando todo un trabajo de atenci\u00f3n primaria de la salud, de abordaje con las herramientas correspondientes, y con un crecimiento exponencial en contexto muy dif\u00edcil. Cualquier&nbsp;&nbsp;aparatolog\u00eda m\u00e9dica tiene valores en d\u00f3lares, y la capacidad de planificaci\u00f3n y de anticiparse un poco a las situaciones, hace que hoy podamos tener esto y que este CIC siga creciendo\u201d y sostuvo que \u201cCreo que sumar a este gran equipo de trabajo profesionales con trayectoria habla tambi\u00e9n a las claras de la seriedad con la que se trabaja. Creo que no cualquier profesional de trayectoria se suma a un dispositivo que claramente flaquea. Sucede todo lo contrario. Nuestro dispositivo de salud est\u00e1 en construcci\u00f3n y crecimiento en busca de ampliar derechos\u201d.<\/p>\n\n\n\n<p>\u201cEstamos contentos de seguir invirtiendo en salud, que nuestra ciudad no tenga recortes, y que contemos con ampliaci\u00f3n de derechos creo que es el camino correcto y del cual todos nos sentimos orgullosos, y hacemos nuestro aporte para poder hacer de esta ciudad una ciudad mejor\u201d, concluy\u00f3 el Primer Mandatario Comunal.<\/p>\n\n\n\n<p>Fuente: Municipio<\/p>\n","protected":false},"excerpt":{"rendered":"<p>El intendente Ustarroz dio a conocer importantes novedades en materia de cuidado de la salud. Desde hace un mes comenz\u00f3 &#8230; <a title=\"Municipio anunci\u00f3 nuevo m\u00e9dico y ec\u00f3grafo de alta complejidad en el C.I.C\" class=\"read-more\" href=\"https:\/\/www.hoymercedes.com.ar\/principal\/2019\/02\/12\/municipio-anuncio-nuevo-medico-y-ecografo-de-alta-complejidad-en-el-c-i-c\/\" aria-label=\"Leer m\u00e1s sobre Municipio anunci\u00f3 nuevo m\u00e9dico y ec\u00f3grafo de alta complejidad en el C.I.C\">Leer m\u00e1s<\/a><\/p>\n","protected":false},"author":1,"featured_media":88050,"comment_status":"closed","ping_status":"open","sticky":false,"template":"","format":"standard","meta":{"_monsterinsights_skip_tracking":false,"_monsterinsights_sitenote_active":false,"_monsterinsights_sitenote_note":"","_monsterinsights_sitenote_category":0,"jetpack_post_was_ever_published":false,"_jetpack_newsletter_access":"","_jetpack_dont_email_post_to_subs":false,"_jetpack_newsletter_tier_id":0,"_jetpack_memberships_contains_paywalled_content":false,"_jetpack_memberships_contains_paid_content":false,"footnotes":"","jetpack_publicize_message":"","jetpack_publicize_feature_enabled":true,"jetpack_social_post_already_shared":true,"jetpack_social_options":{"image_generator_settings":{"template":"highway","default_image_id":0,"font":"","enabled":false},"version":2},"_wpas_customize_per_network":false},"categories":[30],"tags":[773,244,134],"class_list":["post-88049","post","type-post","status-publish","format-standard","has-post-thumbnail","hentry","category-municipio","tag-cic","tag-municipio-2","tag-salud","generate-columns","tablet-grid-50","mobile-grid-100","grid-parent","grid-50"],"jetpack_publicize_connections":[],"jetpack_featured_media_url":"https:\/\/www.hoymercedes.com.ar\/principal\/wp-content\/uploads\/2019\/02\/ecografo-alta-complejidad20190211_123701.jpg","wps_subtitle":"Inversi\u00f3n en salud","jetpack_sharing_enabled":true,"_links":{"self":[{"href":"https:\/\/www.hoymercedes.com.ar\/principal\/wp-json\/wp\/v2\/posts\/88049","targetHints":{"allow":["GET"]}}],"collection":[{"href":"https:\/\/www.hoymercedes.com.ar\/principal\/wp-json\/wp\/v2\/posts"}],"about":[{"href":"https:\/\/www.hoymercedes.com.ar\/principal\/wp-json\/wp\/v2\/types\/post"}],"author":[{"embeddable":true,"href":"https:\/\/www.hoymercedes.com.ar\/principal\/wp-json\/wp\/v2\/users\/1"}],"replies":[{"embeddable":true,"href":"https:\/\/www.hoymercedes.com.ar\/principal\/wp-json\/wp\/v2\/comments?post=88049"}],"version-history":[{"count":0,"href":"https:\/\/www.hoymercedes.com.ar\/principal\/wp-json\/wp\/v2\/posts\/88049\/revisions"}],"wp:featuredmedia":[{"embeddable":true,"href":"https:\/\/www.hoymercedes.com.ar\/principal\/wp-json\/wp\/v2\/media\/88050"}],"wp:attachment":[{"href":"https:\/\/www.hoymercedes.com.ar\/principal\/wp-json\/wp\/v2\/media?parent=88049"}],"wp:term":[{"taxonomy":"category","embeddable":true,"href":"https:\/\/www.hoymercedes.com.ar\/principal\/wp-json\/wp\/v2\/categories?post=88049"},{"taxonomy":"post_tag","embeddable":true,"href":"https:\/\/www.hoymercedes.com.ar\/principal\/wp-json\/wp\/v2\/tags?post=88049"}],"curies":[{"name":"wp","href":"https:\/\/api.w.org\/{rel}","templated":true}]}}