{"id":8809,"date":"2011-11-02T00:37:56","date_gmt":"2011-11-02T00:37:56","guid":{"rendered":"http:\/\/www.hoymercedes.com.ar\/principal\/?p=8809"},"modified":"2011-11-02T00:37:56","modified_gmt":"2011-11-02T00:37:56","slug":"%e2%80%9cnosotros-te-acompanamos%e2%80%9d-agradece-apoyo","status":"publish","type":"post","link":"https:\/\/www.hoymercedes.com.ar\/principal\/2011\/11\/02\/%e2%80%9cnosotros-te-acompanamos%e2%80%9d-agradece-apoyo\/","title":{"rendered":"\u201cNosotros te acompa\u00f1amos\u201d agradece apoyo"},"content":{"rendered":"<p>La asociaci\u00f3n civil se dedica a acompa\u00f1ar excarcelados en su reinserci\u00f3n en la sociedad. Creada en este 2011, sigue atendiendo demandas y planea actividades para los meses venideros. Funciona en 33 n\u00famero 664.<\/p>\n<p>Desde la asociaci\u00f3n civil \u201cNosotros te acompa\u00f1amos\u201d, a poco de concluir el a\u00f1o 2011, en el que han dado sus primeros pasos en la ayuda y contenci\u00f3n de los excarcelados, expresaron su agradecimiento a la comunidad por su apoyo. En este a\u00f1o se han realizado varias actividades y son otras las que se planean para estos meses venideros, creciendo en la labor para la que la asociaci\u00f3n fue creada.<\/p>\n<p>En estos tiempos desde la asociaci\u00f3n se han iniciado los tr\u00e1mites necesarios en Personer\u00eda Jur\u00eddica, en este sentido ya se tiene el n\u00famero de expediente y legajo. \u201cEstamos ultimando todos los detalles, algo que nos llev\u00f3, entre otras cosas, a cambiar en parte el nombre de la asociaci\u00f3n, ya que los iniciamos siendo \u2018Te acompa\u00f1amos\u2019 y ahora somos \u2018Nosotros te acompa\u00f1amos\u2019\u201d, expresaron desde la Asociaci\u00f3n.<\/p>\n<p>En estos meses sus integrantes han estado presentes en la sede que les facilit\u00f3 el arzobispado de Mercedes Luj\u00e1n, en calle 33 n\u00famero 664. \u201cEn este lugar, los d\u00edas lunes, atendimos a las personas que se acercaron a solicitar ayuda o a compartir opiniones, adem\u00e1s de realizar las reuniones de comisi\u00f3n directiva\u201d, explicaron y agregaron que tambi\u00e9n los lunes atiende a los acompa\u00f1ados la licenciada en Psicolog\u00eda Jacqueline Cecilia Lattaro.<\/p>\n<p>\u201cSe han realizado algunas visitas a familiares de presos y excarcelados, procurando acompa\u00f1arlos en el tiempo que les toca vivir\u201d, informaron desde la ONG y puntualizaron, adem\u00e1s, que algunos integrantes de la comisi\u00f3n han participado, en dos oportunidades, en las marchas por la \u201cno violencia\u201d que se organizaron en la ciudad.<\/p>\n<p>\u201cSe nos ha invitado, y hemos asistido, a diversas convocatorias organizadas por el municipio en la b\u00fasqueda del bien com\u00fan. Nos hemos vinculado con la Comisi\u00f3n del Senado de la Naci\u00f3n que atiende los proyectos de las ONG, compartiendo dos reuniones con un representante de ese organismo. Prevemos realizar un encuentro en Mercedes con empresarios y representantes de la comunidad para encarar juntos algunas propuestas destinadas a las personas excarceladas\u201d, concluyen Walter Antonio Flores y la Hermana Estela Buet, quienes son presidente y secretaria, respectivamente, de \u201cNosotros te acompa\u00f1amos\u201d.<\/p>\n","protected":false},"excerpt":{"rendered":"<p>La asociaci\u00f3n civil se dedica a acompa\u00f1ar excarcelados en su reinserci\u00f3n en la sociedad. Creada en este 2011, sigue atendiendo &#8230; <a title=\"\u201cNosotros te acompa\u00f1amos\u201d agradece apoyo\" class=\"read-more\" href=\"https:\/\/www.hoymercedes.com.ar\/principal\/2011\/11\/02\/%e2%80%9cnosotros-te-acompanamos%e2%80%9d-agradece-apoyo\/\" aria-label=\"Leer m\u00e1s sobre \u201cNosotros te acompa\u00f1amos\u201d agradece apoyo\">Leer m\u00e1s<\/a><\/p>\n","protected":false},"author":1,"featured_media":0,"comment_status":"open","ping_status":"open","sticky":false,"template":"","format":"standard","meta":{"_monsterinsights_skip_tracking":false,"_monsterinsights_sitenote_active":false,"_monsterinsights_sitenote_note":"","_monsterinsights_sitenote_category":0,"jetpack_post_was_ever_published":false,"_jetpack_newsletter_access":"","_jetpack_dont_email_post_to_subs":false,"_jetpack_newsletter_tier_id":0,"_jetpack_memberships_contains_paywalled_content":false,"_jetpack_memberships_contains_paid_content":false,"footnotes":"","jetpack_publicize_message":"","jetpack_publicize_feature_enabled":true,"jetpack_social_post_already_shared":false,"jetpack_social_options":{"image_generator_settings":{"template":"highway","default_image_id":0,"font":"","enabled":false},"version":2},"_wpas_customize_per_network":false},"categories":[8],"tags":[990],"class_list":["post-8809","post","type-post","status-publish","format-standard","hentry","category-sociedad","tag-nosotros-te-acompanamos","generate-columns","tablet-grid-50","mobile-grid-100","grid-parent","grid-50"],"jetpack_publicize_connections":[],"jetpack_featured_media_url":"","wps_subtitle":"","jetpack_sharing_enabled":true,"_links":{"self":[{"href":"https:\/\/www.hoymercedes.com.ar\/principal\/wp-json\/wp\/v2\/posts\/8809","targetHints":{"allow":["GET"]}}],"collection":[{"href":"https:\/\/www.hoymercedes.com.ar\/principal\/wp-json\/wp\/v2\/posts"}],"about":[{"href":"https:\/\/www.hoymercedes.com.ar\/principal\/wp-json\/wp\/v2\/types\/post"}],"author":[{"embeddable":true,"href":"https:\/\/www.hoymercedes.com.ar\/principal\/wp-json\/wp\/v2\/users\/1"}],"replies":[{"embeddable":true,"href":"https:\/\/www.hoymercedes.com.ar\/principal\/wp-json\/wp\/v2\/comments?post=8809"}],"version-history":[{"count":0,"href":"https:\/\/www.hoymercedes.com.ar\/principal\/wp-json\/wp\/v2\/posts\/8809\/revisions"}],"wp:attachment":[{"href":"https:\/\/www.hoymercedes.com.ar\/principal\/wp-json\/wp\/v2\/media?parent=8809"}],"wp:term":[{"taxonomy":"category","embeddable":true,"href":"https:\/\/www.hoymercedes.com.ar\/principal\/wp-json\/wp\/v2\/categories?post=8809"},{"taxonomy":"post_tag","embeddable":true,"href":"https:\/\/www.hoymercedes.com.ar\/principal\/wp-json\/wp\/v2\/tags?post=8809"}],"curies":[{"name":"wp","href":"https:\/\/api.w.org\/{rel}","templated":true}]}}