{"id":88103,"date":"2019-02-13T20:17:07","date_gmt":"2019-02-13T23:17:07","guid":{"rendered":"http:\/\/www.hoymercedes.com.ar\/principal\/?p=88103"},"modified":"2019-02-12T21:37:48","modified_gmt":"2019-02-13T00:37:48","slug":"flandria-con-cuatro-triunfos-en-lo-que-va-del-ano-se-metio-en-puestos-de-reducido-video","status":"publish","type":"post","link":"https:\/\/www.hoymercedes.com.ar\/principal\/2019\/02\/13\/flandria-con-cuatro-triunfos-en-lo-que-va-del-ano-se-metio-en-puestos-de-reducido-video\/","title":{"rendered":"Flandria, con cuatro triunfos en lo que va del a\u00f1o, se meti\u00f3 en puestos de Reducido (video)"},"content":{"rendered":"\n<p><strong>El Civismo.<\/strong> Con goles de Esteban Ciaccheri y Enzo Acosta, el Canario se impuso 2 a 0 ante Talleres de Escalada en el Carlos V. Se mantiene dentro del cuadrangular por el quinto ascenso. El domingo visita a Trist\u00e1n Su\u00e1rez.<\/p>\n\n\n\n<figure class=\"wp-block-image\"><img loading=\"lazy\" decoding=\"async\" width=\"1024\" height=\"505\" data-attachment-id=\"88104\" data-permalink=\"https:\/\/www.hoymercedes.com.ar\/principal\/2019\/02\/13\/flandria-con-cuatro-triunfos-en-lo-que-va-del-ano-se-metio-en-puestos-de-reducido-video\/flandria-2-talleres-0\/#main\" data-orig-file=\"https:\/\/www.hoymercedes.com.ar\/principal\/wp-content\/uploads\/2019\/02\/Flandria-2-Talleres-0.jpg\" data-orig-size=\"1256,620\" data-comments-opened=\"0\" data-image-meta=\"{&quot;aperture&quot;:&quot;0&quot;,&quot;credit&quot;:&quot;&quot;,&quot;camera&quot;:&quot;&quot;,&quot;caption&quot;:&quot;&quot;,&quot;created_timestamp&quot;:&quot;0&quot;,&quot;copyright&quot;:&quot;&quot;,&quot;focal_length&quot;:&quot;0&quot;,&quot;iso&quot;:&quot;0&quot;,&quot;shutter_speed&quot;:&quot;0&quot;,&quot;title&quot;:&quot;&quot;,&quot;orientation&quot;:&quot;0&quot;}\" data-image-title=\"Flandria 2 Talleres 0\" data-image-description=\"\" data-image-caption=\"\" data-large-file=\"https:\/\/www.hoymercedes.com.ar\/principal\/wp-content\/uploads\/2019\/02\/Flandria-2-Talleres-0-1024x505.jpg\" src=\"https:\/\/www.hoymercedes.com.ar\/principal\/wp-content\/uploads\/2019\/02\/Flandria-2-Talleres-0-1024x505.jpg\" alt=\"\" class=\"wp-image-88104\" srcset=\"https:\/\/www.hoymercedes.com.ar\/principal\/wp-content\/uploads\/2019\/02\/Flandria-2-Talleres-0-1024x505.jpg 1024w, https:\/\/www.hoymercedes.com.ar\/principal\/wp-content\/uploads\/2019\/02\/Flandria-2-Talleres-0-150x74.jpg 150w, https:\/\/www.hoymercedes.com.ar\/principal\/wp-content\/uploads\/2019\/02\/Flandria-2-Talleres-0-630x311.jpg 630w, https:\/\/www.hoymercedes.com.ar\/principal\/wp-content\/uploads\/2019\/02\/Flandria-2-Talleres-0.jpg 1256w\" sizes=\"auto, (max-width: 1024px) 100vw, 1024px\" \/><\/figure>\n\n\n\n<p>El 2019 pinta bien para Flandria, que arranc\u00f3 el a\u00f1o con todo. Sobre cinco fechas, el conjunto de Andr\u00e9s Montenegro sum\u00f3 12 puntos y se meti\u00f3 en zona de Reducido. Esta tarde, tras tres victorias fuera de casa, pudo sonre\u00edr en el Carlos V: con goles de Esteban Ciaccheri y Enzo Acosta le gan\u00f3 a Talleres de Remedios de Escalada por 2 a 0.&nbsp;<\/p>\n\n\n\n<p>Montenegro mantuvo en cancha al mismo equipo que habia superado en Agronom\u00eda a Comunicaciones. Desde el vamos el Canario sali\u00f3 decidido a quebrar a su rival. De hecho antes de los cinco minutos el local ya hab\u00eda tenido igual cantidad de tiros de esquina a su favor.<\/p>\n\n\n\n<p>Sin embargo a pesar del dominio territorial no pudo con los reflejos del buen arquero Ezequiel Cacase. El uno le ahog\u00f3 los gritos de gol a Ciaccheri, Acosta y Rinaldi. El de Escalada mostr\u00f3 muy poco y lo m\u00e1s peligroso de la visita termin\u00f3 siendo un cabezazo a propia puerta de Sosa que Ruggiero conjuro con esfuerzo. Con el parcial en cero se fueron al descanso.<\/p>\n\n\n\n<p>En el segundo tiempo Flandria sali\u00f3 decidido a buscar el arco contrario y de movida lleg\u00f3 la apertura del marcador. Corrida de Nouet y centro atr\u00e1s para la entrada precisa de Esteban Ciaccheri que de cara a Cacase no perdon\u00f3 para poner el 1 a 0.<\/p>\n\n\n\n<p>Con el correr de los minutos Flandria sinti\u00f3 el desgaste y Talleres con viento a favor se anim\u00f3 a ir por el empate. Sobre el cierre un disparo de media distancia de Graneros encontr\u00f3 la buena atajada de Ruggiero por encima del travesa\u00f1o.<\/p>\n\n\n\n<p>En tiempo adicionado al reglamentario Talleres se adelant\u00f3 en un tiro se esquina y la contra de Flandria fue fulminate y un mano a mano de Enzo Acosta con Cacase y el 2 a 0 definitivo. Cuarto triunfo en cinco presentaciones. Incluso superando dentro del Reducido por encima de Colegiales y Tristan Suarez. Lo malo: Rinaldi lleg\u00f3 a la quinta amarilla y se perder\u00e1 el partido del domingo en Esteban Echeverria ante Trist\u00e1n Suarez<\/p>\n\n\n\n<figure class=\"wp-block-embed-youtube wp-block-embed is-type-video is-provider-youtube wp-embed-aspect-16-9 wp-has-aspect-ratio\"><div class=\"wp-block-embed__wrapper\">\n<span class=\"embed-youtube\" style=\"text-align:center; display: block;\"><iframe loading=\"lazy\" class=\"youtube-player\" width=\"1200\" height=\"675\" src=\"https:\/\/www.youtube.com\/embed\/2dZxdrpLasY?version=3&#038;rel=1&#038;showsearch=0&#038;showinfo=1&#038;iv_load_policy=1&#038;fs=1&#038;hl=es-ES&#038;autohide=2&#038;wmode=transparent\" allowfullscreen=\"true\" style=\"border:0;\" sandbox=\"allow-scripts allow-same-origin allow-popups allow-presentation allow-popups-to-escape-sandbox\"><\/iframe><\/span>\n<\/div><\/figure>\n\n\n\n<p><strong>EL DOMINGO<\/strong><\/p>\n\n\n\n<p>Por la pr\u00f3xima fecha, el Canario visitar\u00e1 a Trist\u00e1n Su\u00e1rez, otro equipo que pelea por el mismo objetivo que el Canario. El encuentro se jugar\u00e1 el domingo a las 17, con televisaci\u00f3n de Pares TV y EL CIVISMO Digital.&nbsp;<\/p>\n\n\n\n<p><strong>S\u00cdNTESIS<\/strong><\/p>\n\n\n\n<p>Flandria: Mauro Ruggiero; Javier Alderete, Diego Sosa, Andres Camacho, Lucas Idoyaga; Matias Nouet (80 Martin Minadevino), Sebastian Mayorga A, Alejandro Gonzalez, Enzo Acosta; Nicolas Rinaldi A (82 Gonzalo Gimenez); Esteban Ciaccheri (75 Nahuel Barragan). DT: Andres Montenegro.<\/p>\n\n\n\n<p>Suplentes: Matias Garavano, Julian Gimenez, Emmanuel Escuredo, Javier Martinez.<\/p>\n\n\n\n<p>Talleres RE: Ezequiel Cacace; Guillermo Santana, Javier Capelli, Ramiro Echeverria, Mathias Crocco; Luciano Arcuri, Mauro Marrone A, Maxi Laso (57 Agustin Graneros), Gustavo Fernandez A (67 Agustin Gil Clarotti); Marcos Aguirre A, Angel Prudencio. DT: Gustavo Noto.<\/p>\n\n\n\n<p>Suplentes: Lucas Zeiden, Ariel Otermin, Nicolas Malvacio, Alan Mareco, Nicolas Ricci.<\/p>\n\n\n\n<p>S\u00edntesis:<br>Goles: 46 Ciaccheri (Fla), 92 Acosta (Fla)<br>Arbitro: Juan Pafundi<br>Cancha: Flandria (buena)<br>Publico: 1500 personas\n\n<\/p>\n","protected":false},"excerpt":{"rendered":"<p>El Civismo. Con goles de Esteban Ciaccheri y Enzo Acosta, el Canario se impuso 2 a 0 ante Talleres de &#8230; <a title=\"Flandria, con cuatro triunfos en lo que va del a\u00f1o, se meti\u00f3 en puestos de Reducido (video)\" class=\"read-more\" href=\"https:\/\/www.hoymercedes.com.ar\/principal\/2019\/02\/13\/flandria-con-cuatro-triunfos-en-lo-que-va-del-ano-se-metio-en-puestos-de-reducido-video\/\" aria-label=\"Leer m\u00e1s sobre Flandria, con cuatro triunfos en lo que va del a\u00f1o, se meti\u00f3 en puestos de Reducido (video)\">Leer m\u00e1s<\/a><\/p>\n","protected":false},"author":1,"featured_media":88104,"comment_status":"closed","ping_status":"open","sticky":false,"template":"","format":"standard","meta":{"_monsterinsights_skip_tracking":false,"_monsterinsights_sitenote_active":false,"_monsterinsights_sitenote_note":"","_monsterinsights_sitenote_category":0,"jetpack_post_was_ever_published":false,"_jetpack_newsletter_access":"","_jetpack_dont_email_post_to_subs":false,"_jetpack_newsletter_tier_id":0,"_jetpack_memberships_contains_paywalled_content":false,"_jetpack_memberships_contains_paid_content":false,"footnotes":"","jetpack_publicize_message":"","jetpack_publicize_feature_enabled":true,"jetpack_social_post_already_shared":true,"jetpack_social_options":{"image_generator_settings":{"template":"highway","default_image_id":0,"font":"","enabled":false},"version":2},"_wpas_customize_per_network":false},"categories":[21],"tags":[14503,3129,14504],"class_list":["post-88103","post","type-post","status-publish","format-standard","has-post-thumbnail","hentry","category-deportes","tag-b-metro","tag-flandria","tag-talleres-de-remedios","generate-columns","tablet-grid-50","mobile-grid-100","grid-parent","grid-50"],"jetpack_publicize_connections":[],"jetpack_featured_media_url":"https:\/\/www.hoymercedes.com.ar\/principal\/wp-content\/uploads\/2019\/02\/Flandria-2-Talleres-0.jpg","wps_subtitle":"B Metropolitana","jetpack_sharing_enabled":true,"_links":{"self":[{"href":"https:\/\/www.hoymercedes.com.ar\/principal\/wp-json\/wp\/v2\/posts\/88103","targetHints":{"allow":["GET"]}}],"collection":[{"href":"https:\/\/www.hoymercedes.com.ar\/principal\/wp-json\/wp\/v2\/posts"}],"about":[{"href":"https:\/\/www.hoymercedes.com.ar\/principal\/wp-json\/wp\/v2\/types\/post"}],"author":[{"embeddable":true,"href":"https:\/\/www.hoymercedes.com.ar\/principal\/wp-json\/wp\/v2\/users\/1"}],"replies":[{"embeddable":true,"href":"https:\/\/www.hoymercedes.com.ar\/principal\/wp-json\/wp\/v2\/comments?post=88103"}],"version-history":[{"count":0,"href":"https:\/\/www.hoymercedes.com.ar\/principal\/wp-json\/wp\/v2\/posts\/88103\/revisions"}],"wp:featuredmedia":[{"embeddable":true,"href":"https:\/\/www.hoymercedes.com.ar\/principal\/wp-json\/wp\/v2\/media\/88104"}],"wp:attachment":[{"href":"https:\/\/www.hoymercedes.com.ar\/principal\/wp-json\/wp\/v2\/media?parent=88103"}],"wp:term":[{"taxonomy":"category","embeddable":true,"href":"https:\/\/www.hoymercedes.com.ar\/principal\/wp-json\/wp\/v2\/categories?post=88103"},{"taxonomy":"post_tag","embeddable":true,"href":"https:\/\/www.hoymercedes.com.ar\/principal\/wp-json\/wp\/v2\/tags?post=88103"}],"curies":[{"name":"wp","href":"https:\/\/api.w.org\/{rel}","templated":true}]}}