{"id":88123,"date":"2019-02-13T10:15:55","date_gmt":"2019-02-13T13:15:55","guid":{"rendered":"http:\/\/www.hoymercedes.com.ar\/principal\/?p=88123"},"modified":"2019-02-13T11:08:14","modified_gmt":"2019-02-13T14:08:14","slug":"marcelo-moura-en-el-festival-food-truck","status":"publish","type":"post","link":"https:\/\/www.hoymercedes.com.ar\/principal\/2019\/02\/13\/marcelo-moura-en-el-festival-food-truck\/","title":{"rendered":"Marcelo Moura en el Festival Food Truck"},"content":{"rendered":"\n<p>Los d\u00edas s\u00e1bado 16 y domingo 17 de febrero se llevar\u00e1 adelante el Festival de M\u00fasica y Sabores Food Trucks en el Parque Municipal. Durante dos d\u00edas habr\u00e1 gastronom\u00eda y m\u00fasica en vivo, con la actuaci\u00f3n central del legendario m\u00fasico de Virus, Marcelo Moura que interpretar\u00e1 la m\u00fasica de la banda de rock nacional que tiene sus or\u00edgenes en los a\u00f1os 80. La entrada al Festival, en cada una de sus jornadas, es de 50 pesos. Jubilados y menores de 12 a\u00f1os ingresan de manera gratuita<\/p>\n\n\n\n<figure class=\"wp-block-image\"><img loading=\"lazy\" decoding=\"async\" width=\"750\" height=\"499\" data-attachment-id=\"88126\" data-permalink=\"https:\/\/www.hoymercedes.com.ar\/principal\/2019\/02\/13\/marcelo-moura-en-el-festival-food-truck\/13-marcelomoura\/#main\" data-orig-file=\"https:\/\/www.hoymercedes.com.ar\/principal\/wp-content\/uploads\/2019\/02\/13-MarceloMoura.jpg\" data-orig-size=\"750,499\" data-comments-opened=\"0\" data-image-meta=\"{&quot;aperture&quot;:&quot;0&quot;,&quot;credit&quot;:&quot;&quot;,&quot;camera&quot;:&quot;&quot;,&quot;caption&quot;:&quot;&quot;,&quot;created_timestamp&quot;:&quot;0&quot;,&quot;copyright&quot;:&quot;&quot;,&quot;focal_length&quot;:&quot;0&quot;,&quot;iso&quot;:&quot;0&quot;,&quot;shutter_speed&quot;:&quot;0&quot;,&quot;title&quot;:&quot;&quot;,&quot;orientation&quot;:&quot;0&quot;}\" data-image-title=\"13 MarceloMoura\" data-image-description=\"\" data-image-caption=\"\" data-large-file=\"https:\/\/www.hoymercedes.com.ar\/principal\/wp-content\/uploads\/2019\/02\/13-MarceloMoura.jpg\" src=\"https:\/\/www.hoymercedes.com.ar\/principal\/wp-content\/uploads\/2019\/02\/13-MarceloMoura.jpg\" alt=\"\" class=\"wp-image-88126\" srcset=\"https:\/\/www.hoymercedes.com.ar\/principal\/wp-content\/uploads\/2019\/02\/13-MarceloMoura.jpg 750w, https:\/\/www.hoymercedes.com.ar\/principal\/wp-content\/uploads\/2019\/02\/13-MarceloMoura-150x100.jpg 150w, https:\/\/www.hoymercedes.com.ar\/principal\/wp-content\/uploads\/2019\/02\/13-MarceloMoura-630x419.jpg 630w, https:\/\/www.hoymercedes.com.ar\/principal\/wp-content\/uploads\/2019\/02\/13-MarceloMoura-720x480.jpg 720w, https:\/\/www.hoymercedes.com.ar\/principal\/wp-content\/uploads\/2019\/02\/13-MarceloMoura-360x240.jpg 360w\" sizes=\"auto, (max-width: 750px) 100vw, 750px\" \/><\/figure>\n\n\n\n<p>En el sector nuevo del Parque Municipal se instalar\u00e1n los espacios de venta de comidas y bebidas para que los visitantes puedan disfrutar de la gastronom\u00eda y de la m\u00fasica en vivo, con tributos y m\u00fasica electr\u00f3nica. <\/p>\n\n\n\n<p>Desde la hora 18 el d\u00eda s\u00e1bado y desde el mediod\u00eda del domingo, se desarrollar\u00e1 el festival. Sobre el escenario el primer d\u00eda se inicia con la musicalizaci\u00f3n del DJ Ale Ottolini con m\u00fasica de los &#8217;80 y &#8217;90, para luego darle el pase a la m\u00fasica en vivo brasilera con la voz de Mar\u00eda Luna acompa\u00f1ada de Eduardo Cirillo y Nano Esp\u00edndola. Los cl\u00e1sicos del rock nacional, incluyendo tributo a Soda Stereo, llegar\u00e1n de la mano de las bandas La Llave de Mandala, Azul Francia y Salamines. El cierre del s\u00e1bado estar\u00e1 a cargo de La Torre de Babel (Chiche Scorzo). <\/p>\n\n\n\n<p>El domingo, el escenario volver\u00e1 a abrir con Ale Ottolini con los cl\u00e1sicos de los &#8217;80 y &#8217;90 remixados. En vivo tocar\u00e1n Revolver y Tanna Ramponi Country Band. El m\u00fasico Marcelo Moura subir\u00e1 al escenario para interpretar con su banda los cl\u00e1sicos y nuevos temas de Virus, grupo que conform\u00f3 con sus hermanos y amigos en los &#8217;80 y que retom\u00f3 a finales de los noventa luego del impasse obligado tras la muerte de Federico Moura, la voz cantante de la banda. <\/p>\n\n\n\n<p>El cierre de la segunda jornada ser\u00e1 nuevamente con La Torre de Babel (Chiche Scorzo) y un show \u00abel\u00e9ctrico ac\u00fastico\u00bb. <\/p>\n\n\n\n<figure class=\"wp-block-image\"><img loading=\"lazy\" decoding=\"async\" width=\"750\" height=\"750\" data-attachment-id=\"88125\" data-permalink=\"https:\/\/www.hoymercedes.com.ar\/principal\/2019\/02\/13\/marcelo-moura-en-el-festival-food-truck\/13-food-truck\/#main\" data-orig-file=\"https:\/\/www.hoymercedes.com.ar\/principal\/wp-content\/uploads\/2019\/02\/13-food-truck.jpg\" data-orig-size=\"750,750\" data-comments-opened=\"0\" data-image-meta=\"{&quot;aperture&quot;:&quot;0&quot;,&quot;credit&quot;:&quot;&quot;,&quot;camera&quot;:&quot;&quot;,&quot;caption&quot;:&quot;&quot;,&quot;created_timestamp&quot;:&quot;0&quot;,&quot;copyright&quot;:&quot;&quot;,&quot;focal_length&quot;:&quot;0&quot;,&quot;iso&quot;:&quot;0&quot;,&quot;shutter_speed&quot;:&quot;0&quot;,&quot;title&quot;:&quot;&quot;,&quot;orientation&quot;:&quot;0&quot;}\" data-image-title=\"13 food truck\" data-image-description=\"\" data-image-caption=\"\" data-large-file=\"https:\/\/www.hoymercedes.com.ar\/principal\/wp-content\/uploads\/2019\/02\/13-food-truck.jpg\" src=\"https:\/\/www.hoymercedes.com.ar\/principal\/wp-content\/uploads\/2019\/02\/13-food-truck.jpg\" alt=\"\" class=\"wp-image-88125\" srcset=\"https:\/\/www.hoymercedes.com.ar\/principal\/wp-content\/uploads\/2019\/02\/13-food-truck.jpg 750w, https:\/\/www.hoymercedes.com.ar\/principal\/wp-content\/uploads\/2019\/02\/13-food-truck-150x150.jpg 150w, https:\/\/www.hoymercedes.com.ar\/principal\/wp-content\/uploads\/2019\/02\/13-food-truck-620x620.jpg 620w, https:\/\/www.hoymercedes.com.ar\/principal\/wp-content\/uploads\/2019\/02\/13-food-truck-100x100.jpg 100w\" sizes=\"auto, (max-width: 750px) 100vw, 750px\" \/><\/figure>\n","protected":false},"excerpt":{"rendered":"<p>Los d\u00edas s\u00e1bado 16 y domingo 17 de febrero se llevar\u00e1 adelante el Festival de M\u00fasica y Sabores Food Trucks &#8230; <a title=\"Marcelo Moura en el Festival Food Truck\" class=\"read-more\" href=\"https:\/\/www.hoymercedes.com.ar\/principal\/2019\/02\/13\/marcelo-moura-en-el-festival-food-truck\/\" aria-label=\"Leer m\u00e1s sobre Marcelo Moura en el Festival Food Truck\">Leer m\u00e1s<\/a><\/p>\n","protected":false},"author":1,"featured_media":88126,"comment_status":"closed","ping_status":"open","sticky":false,"template":"","format":"standard","meta":{"_monsterinsights_skip_tracking":false,"_monsterinsights_sitenote_active":false,"_monsterinsights_sitenote_note":"","_monsterinsights_sitenote_category":0,"jetpack_post_was_ever_published":false,"_jetpack_newsletter_access":"","_jetpack_dont_email_post_to_subs":false,"_jetpack_newsletter_tier_id":0,"_jetpack_memberships_contains_paywalled_content":false,"_jetpack_memberships_contains_paid_content":false,"footnotes":"","jetpack_publicize_message":"","jetpack_publicize_feature_enabled":true,"jetpack_social_post_already_shared":true,"jetpack_social_options":{"image_generator_settings":{"template":"highway","default_image_id":0,"font":"","enabled":false},"version":2},"_wpas_customize_per_network":false},"categories":[104],"tags":[7805,13842,10358,8539],"class_list":["post-88123","post","type-post","status-publish","format-standard","has-post-thumbnail","hentry","category-cultura","tag-cultura","tag-food-truck","tag-municipio","tag-musica","generate-columns","tablet-grid-50","mobile-grid-100","grid-parent","grid-50"],"jetpack_publicize_connections":[],"jetpack_featured_media_url":"https:\/\/www.hoymercedes.com.ar\/principal\/wp-content\/uploads\/2019\/02\/13-MarceloMoura.jpg","wps_subtitle":"S\u00e1bado y domingo en el Parque Municipal","jetpack_sharing_enabled":true,"_links":{"self":[{"href":"https:\/\/www.hoymercedes.com.ar\/principal\/wp-json\/wp\/v2\/posts\/88123","targetHints":{"allow":["GET"]}}],"collection":[{"href":"https:\/\/www.hoymercedes.com.ar\/principal\/wp-json\/wp\/v2\/posts"}],"about":[{"href":"https:\/\/www.hoymercedes.com.ar\/principal\/wp-json\/wp\/v2\/types\/post"}],"author":[{"embeddable":true,"href":"https:\/\/www.hoymercedes.com.ar\/principal\/wp-json\/wp\/v2\/users\/1"}],"replies":[{"embeddable":true,"href":"https:\/\/www.hoymercedes.com.ar\/principal\/wp-json\/wp\/v2\/comments?post=88123"}],"version-history":[{"count":0,"href":"https:\/\/www.hoymercedes.com.ar\/principal\/wp-json\/wp\/v2\/posts\/88123\/revisions"}],"wp:featuredmedia":[{"embeddable":true,"href":"https:\/\/www.hoymercedes.com.ar\/principal\/wp-json\/wp\/v2\/media\/88126"}],"wp:attachment":[{"href":"https:\/\/www.hoymercedes.com.ar\/principal\/wp-json\/wp\/v2\/media?parent=88123"}],"wp:term":[{"taxonomy":"category","embeddable":true,"href":"https:\/\/www.hoymercedes.com.ar\/principal\/wp-json\/wp\/v2\/categories?post=88123"},{"taxonomy":"post_tag","embeddable":true,"href":"https:\/\/www.hoymercedes.com.ar\/principal\/wp-json\/wp\/v2\/tags?post=88123"}],"curies":[{"name":"wp","href":"https:\/\/api.w.org\/{rel}","templated":true}]}}