{"id":88144,"date":"2019-02-13T19:20:24","date_gmt":"2019-02-13T22:20:24","guid":{"rendered":"http:\/\/www.hoymercedes.com.ar\/principal\/?p=88144"},"modified":"2019-02-13T20:28:30","modified_gmt":"2019-02-13T23:28:30","slug":"nueva-sala-y-remodelacion-del-villa-abrille","status":"publish","type":"post","link":"https:\/\/www.hoymercedes.com.ar\/principal\/2019\/02\/13\/nueva-sala-y-remodelacion-del-villa-abrille\/","title":{"rendered":"Nueva sala y remodelaci\u00f3n del Villa Abrille"},"content":{"rendered":"\n<p>Tras habilitaci\u00f3n del Hogar de Anciano Municipal Villa Abrille, la comuna tom\u00f3 la decisi\u00f3n de remodelar el edificio para ampliar el cupo de residentes. Se trata de arreglos en el patio y una nueva sala, obras que fueron recorridas en la ma\u00f1ana de este mi\u00e9rcoles por las autoridades comunales. <\/p>\n\n\n\n<p>En el marco de la visita, el Intendente Municipal Juan Ignacio Ustarroz, el Secretario de Salud Dr. Pablo Cassiani y la responsable del hogar, Noelia Gollo, contaron que en el patio se acondicionaron los pisos ya que ten\u00eda desniveles y dificultaba la circulaci\u00f3n para los adultos mayores residentes. <\/p>\n\n\n\n<p>\u00abSe nivel\u00f3 todo,\u00a0 se achic\u00f3 el cantero y se van a hacer puertas de emergencia en las habitaciones que van a dar hacia este lugar y por ello se requer\u00eda esta obra. Tambi\u00e9n se hizo una habitaci\u00f3n nueva, sumando dos camas m\u00e1s para sumar residentes haciendo un total de 26. Es una demanda muy importante que tenemos. Hay muy pocos hogares en la provincia que sean 100% municipales. Es un orgullo. Funciona muy bien y es un ejemplo para el resto de los hogares de la ciudad\u201d, explic\u00f3 el titular del \u00e1rea de salud.<\/p>\n\n\n\n<figure class=\"wp-block-image\"><img loading=\"lazy\" decoding=\"async\" width=\"750\" height=\"365\" data-attachment-id=\"88145\" data-permalink=\"https:\/\/www.hoymercedes.com.ar\/principal\/2019\/02\/13\/nueva-sala-y-remodelacion-del-villa-abrille\/13-muni-villa-abrille\/#main\" data-orig-file=\"https:\/\/www.hoymercedes.com.ar\/principal\/wp-content\/uploads\/2019\/02\/13-muni-villa-abrille.jpg\" data-orig-size=\"750,365\" data-comments-opened=\"0\" data-image-meta=\"{&quot;aperture&quot;:&quot;2.4&quot;,&quot;credit&quot;:&quot;&quot;,&quot;camera&quot;:&quot;SM-G9650&quot;,&quot;caption&quot;:&quot;&quot;,&quot;created_timestamp&quot;:&quot;1550053611&quot;,&quot;copyright&quot;:&quot;&quot;,&quot;focal_length&quot;:&quot;4.3&quot;,&quot;iso&quot;:&quot;50&quot;,&quot;shutter_speed&quot;:&quot;0.0023866348448687&quot;,&quot;title&quot;:&quot;&quot;,&quot;orientation&quot;:&quot;1&quot;}\" data-image-title=\"13 muni villa abrille\" data-image-description=\"\" data-image-caption=\"\" data-large-file=\"https:\/\/www.hoymercedes.com.ar\/principal\/wp-content\/uploads\/2019\/02\/13-muni-villa-abrille.jpg\" src=\"https:\/\/www.hoymercedes.com.ar\/principal\/wp-content\/uploads\/2019\/02\/13-muni-villa-abrille.jpg\" alt=\"\" class=\"wp-image-88145\" srcset=\"https:\/\/www.hoymercedes.com.ar\/principal\/wp-content\/uploads\/2019\/02\/13-muni-villa-abrille.jpg 750w, https:\/\/www.hoymercedes.com.ar\/principal\/wp-content\/uploads\/2019\/02\/13-muni-villa-abrille-150x73.jpg 150w, https:\/\/www.hoymercedes.com.ar\/principal\/wp-content\/uploads\/2019\/02\/13-muni-villa-abrille-630x307.jpg 630w\" sizes=\"auto, (max-width: 750px) 100vw, 750px\" \/><\/figure>\n","protected":false},"excerpt":{"rendered":"<p>Tras habilitaci\u00f3n del Hogar de Anciano Municipal Villa Abrille, la comuna tom\u00f3 la decisi\u00f3n de remodelar el edificio para ampliar &#8230; <a title=\"Nueva sala y remodelaci\u00f3n del Villa Abrille\" class=\"read-more\" href=\"https:\/\/www.hoymercedes.com.ar\/principal\/2019\/02\/13\/nueva-sala-y-remodelacion-del-villa-abrille\/\" aria-label=\"Leer m\u00e1s sobre Nueva sala y remodelaci\u00f3n del Villa Abrille\">Leer m\u00e1s<\/a><\/p>\n","protected":false},"author":1,"featured_media":88145,"comment_status":"closed","ping_status":"open","sticky":false,"template":"","format":"standard","meta":{"_monsterinsights_skip_tracking":false,"_monsterinsights_sitenote_active":false,"_monsterinsights_sitenote_note":"","_monsterinsights_sitenote_category":0,"jetpack_post_was_ever_published":false,"_jetpack_newsletter_access":"","_jetpack_dont_email_post_to_subs":false,"_jetpack_newsletter_tier_id":0,"_jetpack_memberships_contains_paywalled_content":false,"_jetpack_memberships_contains_paid_content":false,"footnotes":"","jetpack_publicize_message":"","jetpack_publicize_feature_enabled":true,"jetpack_social_post_already_shared":true,"jetpack_social_options":{"image_generator_settings":{"template":"highway","default_image_id":0,"font":"","enabled":false},"version":2},"_wpas_customize_per_network":false},"categories":[30],"tags":[9805,244,134],"class_list":["post-88144","post","type-post","status-publish","format-standard","has-post-thumbnail","hentry","category-municipio","tag-hogar-villa-abrille","tag-municipio-2","tag-salud","generate-columns","tablet-grid-50","mobile-grid-100","grid-parent","grid-50"],"jetpack_publicize_connections":[],"jetpack_featured_media_url":"https:\/\/www.hoymercedes.com.ar\/principal\/wp-content\/uploads\/2019\/02\/13-muni-villa-abrille.jpg","wps_subtitle":"Ampliaci\u00f3n del hogar","jetpack_sharing_enabled":true,"_links":{"self":[{"href":"https:\/\/www.hoymercedes.com.ar\/principal\/wp-json\/wp\/v2\/posts\/88144","targetHints":{"allow":["GET"]}}],"collection":[{"href":"https:\/\/www.hoymercedes.com.ar\/principal\/wp-json\/wp\/v2\/posts"}],"about":[{"href":"https:\/\/www.hoymercedes.com.ar\/principal\/wp-json\/wp\/v2\/types\/post"}],"author":[{"embeddable":true,"href":"https:\/\/www.hoymercedes.com.ar\/principal\/wp-json\/wp\/v2\/users\/1"}],"replies":[{"embeddable":true,"href":"https:\/\/www.hoymercedes.com.ar\/principal\/wp-json\/wp\/v2\/comments?post=88144"}],"version-history":[{"count":0,"href":"https:\/\/www.hoymercedes.com.ar\/principal\/wp-json\/wp\/v2\/posts\/88144\/revisions"}],"wp:featuredmedia":[{"embeddable":true,"href":"https:\/\/www.hoymercedes.com.ar\/principal\/wp-json\/wp\/v2\/media\/88145"}],"wp:attachment":[{"href":"https:\/\/www.hoymercedes.com.ar\/principal\/wp-json\/wp\/v2\/media?parent=88144"}],"wp:term":[{"taxonomy":"category","embeddable":true,"href":"https:\/\/www.hoymercedes.com.ar\/principal\/wp-json\/wp\/v2\/categories?post=88144"},{"taxonomy":"post_tag","embeddable":true,"href":"https:\/\/www.hoymercedes.com.ar\/principal\/wp-json\/wp\/v2\/tags?post=88144"}],"curies":[{"name":"wp","href":"https:\/\/api.w.org\/{rel}","templated":true}]}}