{"id":8815,"date":"2011-11-03T02:19:57","date_gmt":"2011-11-03T02:19:57","guid":{"rendered":"http:\/\/www.hoymercedes.com.ar\/principal\/?p=8815"},"modified":"2011-11-03T02:19:57","modified_gmt":"2011-11-03T02:19:57","slug":"se-realizara-el-segundo-encuentro-de-productores-horticolas","status":"publish","type":"post","link":"https:\/\/www.hoymercedes.com.ar\/principal\/2011\/11\/03\/se-realizara-el-segundo-encuentro-de-productores-horticolas\/","title":{"rendered":"Se realizar\u00e1 el segundo encuentro de productores hort\u00edcolas"},"content":{"rendered":"<p>Dado el \u00e9xito obtenido en la primera oportunidad se extender\u00e1 el horario hasta las 17.00. Han comprometido su presencia una significativa cantidad de productores del Partido quienes ofrecer\u00e1n sus productos a precios mayoristas.<\/p>\n<p>Tal como se hab\u00eda anticipado el mes pasado, el s\u00e1bado 5 se llevar\u00e1 a cabo el Segundo Encuentro de Productores Hort\u00edcolas de nuestra Partido en las instalaciones del mercado que la Cooperativa 15 de abril maneja en la colectora de la autopista Mercedes-Lujan kil\u00f3metros 93,500.<\/p>\n<p>Todo indica que pasada la primera experiencia del mes de octubre, en esta oportunidad ser\u00e1n muchos m\u00e1s los productores que se acercar\u00e1n con sus productos teniendo en cuenta que ya hay una mayor variedad para ofrecer siempre con la modalidad de hacerlo en forma minorista pero con precios mayoristas ya que estos productos no cuentan con el recargo en los precios que implica el doble flete de traslado desde las quintas mercedinas al mercado central y luego el retorno para ser comercializados en las diferentes verduler\u00eda de la ciudad.<\/p>\n<p>Se pudo conocer hasta el momento tras las diferentes reuniones que se han venido realizando entre los representantes de la Cooperativa, concretamente la se\u00f1ora Estela U\u00f1os y los integrantes de la Direcci\u00f3n de Planeamiento y Producci\u00f3n de la Municipalidad a trav\u00e9s de su titular el agrimensor Oscar L\u00f3pez que con relaci\u00f3n al primer encuentro se agregar\u00e1n varios productores nuevos debido a que ya comienzan a tener sus producciones, especialmente completando la de frutillas y la de tomates por lo cual quedar\u00e1 virtualmente cubierta la casi totalidad de de la superficie disponible en el galp\u00f3n,<\/p>\n<p>Otro tema importante es que se ha decidido debido a la cantidad de vecinos de nuestra ciudad que concurrieron en octubre cuando se formaliz\u00f3 la primera experiencia, ampliar el horario de atenci\u00f3n, siendo ahora desde las 10.00 hasta las 17.00 siempre con el mismo dispositivo de contar adem\u00e1s con la venta de comidas t\u00edpicas de Bolivia como ser los raviolones, las empanadas y la tan promocionada sopa de man\u00ed.<\/p>\n<p>El agrimensor Oscar L\u00f3pez sostuvo \u201cnuestra participaci\u00f3n no se va a dar como durante el primer encuentro en el que de alguna manera pusimos a disposici\u00f3n de los integrantes de la Cooperativa todo el apoyo en materia de asesoramiento para que se pudiese concretar la finalidad que es la de brindar la posibilidad al vecino de nuestra Partido de poder adquirir las verduras y frutas de estaci\u00f3n que se producen en nuestras tierra a un precio muy inferior al del mercado y se lo hace una sola vez por mes porque de ninguna manera se intenta perjudicar o poner trabas a la libre comercializaci\u00f3n de dichos productos que se hace en las verduler\u00edas.<\/p>\n<p>Si bien vamos a continuar acompa\u00f1ando la iniciativa entendemos que se trata de un emprendimiento privado al que le brindamos todo lo que estaba a nuestro alcance para que pudieran encaminarse pero de ahora en m\u00e1s son ellos solos los que tienen que decidir\u201d.<\/p>\n<p>Cabe consignar que en esta oportunidad todos aquellos productores de alimentos que concurrieron en la primera realizaci\u00f3n ser\u00e1n nuevamente invitados pero por decisi\u00f3n de la comisi\u00f3n directiva de la Cooperativa deber\u00e1n pagar un canon de Treinta Pesos por lo cual aun no se puede decir quienes estar\u00e1n aunque se descuenta que por lo menos quienes en esta oportunidad fueron nuevamente invitados especialmente por los organizadores del Encuentro.<\/p>\n<p>Reuni\u00f3n por la Fiesta del Durazno<\/p>\n<p>El Director de Planeamiento y producci\u00f3n Oscar L\u00f3pez particip\u00f3 ayer de una reuni\u00f3n de trabajo con un grupo de productores de duraznos para delinear las actividades que se llevar\u00e1n a cabo en diciembre en el marco de la Fiesta Nacional que se realizar\u00e1 en nuestra ciudad.<\/p>\n<p>&nbsp;<\/p>\n<p>El funcionario explic\u00f3 que se avanzo en el tema relacionado con la capacidad para la carpa de productores confirmando que este a\u00f1o ser\u00e1 m\u00e1s grande que en el 2010 debido a que se ha sumado un nueva cantidad de productores que este a\u00f1o ya se encuentran en condiciones de poder mostrar sus producciones y ofrecerlas en venta a quienes asistan a dicho evento<\/p>\n<p>Por otra parte qued\u00f3 plenamente confirmada la realizaci\u00f3n el 19 de este mes de una gran pe\u00f1a Folcl\u00f3rica, la Pe\u00f1a de la Fiesta, en las instalaciones del Centro de Formaci\u00f3n de Gendarmer\u00eda Nacional con asiento en nuestra ciudad.<\/p>\n","protected":false},"excerpt":{"rendered":"<p>Dado el \u00e9xito obtenido en la primera oportunidad se extender\u00e1 el horario hasta las 17.00. Han comprometido su presencia una &#8230; <a title=\"Se realizar\u00e1 el segundo encuentro de productores hort\u00edcolas\" class=\"read-more\" href=\"https:\/\/www.hoymercedes.com.ar\/principal\/2011\/11\/03\/se-realizara-el-segundo-encuentro-de-productores-horticolas\/\" aria-label=\"Leer m\u00e1s sobre Se realizar\u00e1 el segundo encuentro de productores hort\u00edcolas\">Leer m\u00e1s<\/a><\/p>\n","protected":false},"author":1,"featured_media":0,"comment_status":"open","ping_status":"open","sticky":false,"template":"","format":"standard","meta":{"_monsterinsights_skip_tracking":false,"_monsterinsights_sitenote_active":false,"_monsterinsights_sitenote_note":"","_monsterinsights_sitenote_category":0,"jetpack_post_was_ever_published":false,"_jetpack_newsletter_access":"","_jetpack_dont_email_post_to_subs":false,"_jetpack_newsletter_tier_id":0,"_jetpack_memberships_contains_paywalled_content":false,"_jetpack_memberships_contains_paid_content":false,"footnotes":"","jetpack_publicize_message":"","jetpack_publicize_feature_enabled":true,"jetpack_social_post_already_shared":false,"jetpack_social_options":{"image_generator_settings":{"template":"highway","default_image_id":0,"font":"","enabled":false},"version":2},"_wpas_customize_per_network":false},"categories":[8],"tags":[1541],"class_list":["post-8815","post","type-post","status-publish","format-standard","hentry","category-sociedad","tag-productores-horticolas","generate-columns","tablet-grid-50","mobile-grid-100","grid-parent","grid-50"],"jetpack_publicize_connections":[],"jetpack_featured_media_url":"","wps_subtitle":"","jetpack_sharing_enabled":true,"_links":{"self":[{"href":"https:\/\/www.hoymercedes.com.ar\/principal\/wp-json\/wp\/v2\/posts\/8815","targetHints":{"allow":["GET"]}}],"collection":[{"href":"https:\/\/www.hoymercedes.com.ar\/principal\/wp-json\/wp\/v2\/posts"}],"about":[{"href":"https:\/\/www.hoymercedes.com.ar\/principal\/wp-json\/wp\/v2\/types\/post"}],"author":[{"embeddable":true,"href":"https:\/\/www.hoymercedes.com.ar\/principal\/wp-json\/wp\/v2\/users\/1"}],"replies":[{"embeddable":true,"href":"https:\/\/www.hoymercedes.com.ar\/principal\/wp-json\/wp\/v2\/comments?post=8815"}],"version-history":[{"count":0,"href":"https:\/\/www.hoymercedes.com.ar\/principal\/wp-json\/wp\/v2\/posts\/8815\/revisions"}],"wp:attachment":[{"href":"https:\/\/www.hoymercedes.com.ar\/principal\/wp-json\/wp\/v2\/media?parent=8815"}],"wp:term":[{"taxonomy":"category","embeddable":true,"href":"https:\/\/www.hoymercedes.com.ar\/principal\/wp-json\/wp\/v2\/categories?post=8815"},{"taxonomy":"post_tag","embeddable":true,"href":"https:\/\/www.hoymercedes.com.ar\/principal\/wp-json\/wp\/v2\/tags?post=8815"}],"curies":[{"name":"wp","href":"https:\/\/api.w.org\/{rel}","templated":true}]}}