{"id":88181,"date":"2019-02-15T07:21:41","date_gmt":"2019-02-15T10:21:41","guid":{"rendered":"http:\/\/www.hoymercedes.com.ar\/principal\/?p=88181"},"modified":"2019-02-14T21:31:28","modified_gmt":"2019-02-15T00:31:28","slug":"mihura-y-matoccio-nuevamente-los-arbitros-de-la-fecha-del-regional","status":"publish","type":"post","link":"https:\/\/www.hoymercedes.com.ar\/principal\/2019\/02\/15\/mihura-y-matoccio-nuevamente-los-arbitros-de-la-fecha-del-regional\/","title":{"rendered":"Mihura y Matoccio, nuevamente los \u00e1rbitros de la fecha del Regional"},"content":{"rendered":"\n<p>Al igual que en la primera fecha, se repiten los \u00e1rbitros de la Zona 1 en la Regi\u00f3n Pampeana Norte de la provincia de Buenos Aires en el torneo Regional Amateur. Javier Mihura impartir\u00e1 justicia en El Front\u00f3n Vs. Trocha, mientras que Nicol\u00e1s Matoccio, de Chivilcoy, ser\u00e1 el juez de Mercedes Vs. Bragado Club.<\/p>\n\n\n\n<div class=\"wp-block-image\"><figure class=\"aligncenter\"><img loading=\"lazy\" decoding=\"async\" width=\"320\" height=\"327\" data-attachment-id=\"87282\" data-permalink=\"https:\/\/www.hoymercedes.com.ar\/principal\/2019\/01\/23\/se-conocieron-los-arbitros-para-el-debut-de-club-mercedes-y-trocha-en-el-regional-amateur\/javier-mihura\/#main\" data-orig-file=\"https:\/\/www.hoymercedes.com.ar\/principal\/wp-content\/uploads\/2019\/01\/Javier-Mihura.jpg\" data-orig-size=\"320,327\" data-comments-opened=\"0\" data-image-meta=\"{&quot;aperture&quot;:&quot;0&quot;,&quot;credit&quot;:&quot;&quot;,&quot;camera&quot;:&quot;&quot;,&quot;caption&quot;:&quot;&quot;,&quot;created_timestamp&quot;:&quot;0&quot;,&quot;copyright&quot;:&quot;&quot;,&quot;focal_length&quot;:&quot;0&quot;,&quot;iso&quot;:&quot;0&quot;,&quot;shutter_speed&quot;:&quot;0&quot;,&quot;title&quot;:&quot;&quot;,&quot;orientation&quot;:&quot;0&quot;}\" data-image-title=\"Javier Mihura\" data-image-description=\"\" data-image-caption=\"\" data-large-file=\"https:\/\/www.hoymercedes.com.ar\/principal\/wp-content\/uploads\/2019\/01\/Javier-Mihura.jpg\" src=\"https:\/\/www.hoymercedes.com.ar\/principal\/wp-content\/uploads\/2019\/01\/Javier-Mihura.jpg\" alt=\"\" class=\"wp-image-87282\" srcset=\"https:\/\/www.hoymercedes.com.ar\/principal\/wp-content\/uploads\/2019\/01\/Javier-Mihura.jpg 320w, https:\/\/www.hoymercedes.com.ar\/principal\/wp-content\/uploads\/2019\/01\/Javier-Mihura-147x150.jpg 147w\" sizes=\"auto, (max-width: 320px) 100vw, 320px\" \/><\/figure><\/div>\n\n\n\n<p>Mihura hab\u00eda sido el \u00e1rbitro de la victoria de Mercedes por 3 a 1 a El Front\u00f3n, mientras que Matoccio dirigi\u00f3 la derrota de Trocha por 2 a 0 ante Sportsman de Carmen de Areco, teniendo un arbitraje con muchas falencias que perjudicaron al cuadro mercedino, como la recordada posici\u00f3n adelantada de Marcos Camargo que no fue, en una jugada que termin\u00f3 en una exquisita definici\u00f3n del delantero.<\/p>\n\n\n\n<p><strong>Domingo 17<\/strong><br><strong>Cancha:<\/strong>&nbsp;\u201cTito\u201d Crosetti.<br>A las 17.30 El Front\u00f3n vs. Trocha.<br><strong>Arbitro:<\/strong>&nbsp;Javier Mihura (SADRA).<br><strong>Asistentes:<\/strong>&nbsp;Sergio Monz\u00f3n y Mariano Marcelo (SADRA).<\/p>\n\n\n\n<p><strong>Cancha:<\/strong>&nbsp;Liga Mercedina.<br>A las 17.45 Club Mercedes vs. Bragado Club.<br><strong>Arbitro:<\/strong>&nbsp;Nicol\u00e1s Mattocio (Chivilcoy).<br><strong>Asistentes:<\/strong>&nbsp;Federico De Luca y Walter Garc\u00eda (Chivilcoy).<\/p>\n","protected":false},"excerpt":{"rendered":"<p>Al igual que en la primera fecha, se repiten los \u00e1rbitros de la Zona 1 en la Regi\u00f3n Pampeana Norte &#8230; <a title=\"Mihura y Matoccio, nuevamente los \u00e1rbitros de la fecha del Regional\" class=\"read-more\" href=\"https:\/\/www.hoymercedes.com.ar\/principal\/2019\/02\/15\/mihura-y-matoccio-nuevamente-los-arbitros-de-la-fecha-del-regional\/\" aria-label=\"Leer m\u00e1s sobre Mihura y Matoccio, nuevamente los \u00e1rbitros de la fecha del Regional\">Leer m\u00e1s<\/a><\/p>\n","protected":false},"author":1,"featured_media":87282,"comment_status":"closed","ping_status":"open","sticky":false,"template":"","format":"standard","meta":{"_monsterinsights_skip_tracking":false,"_monsterinsights_sitenote_active":false,"_monsterinsights_sitenote_note":"","_monsterinsights_sitenote_category":0,"jetpack_post_was_ever_published":false,"_jetpack_newsletter_access":"","_jetpack_dont_email_post_to_subs":false,"_jetpack_newsletter_tier_id":0,"_jetpack_memberships_contains_paywalled_content":false,"_jetpack_memberships_contains_paid_content":false,"footnotes":"","jetpack_publicize_message":"","jetpack_publicize_feature_enabled":true,"jetpack_social_post_already_shared":true,"jetpack_social_options":{"image_generator_settings":{"template":"highway","default_image_id":0,"font":"","enabled":false},"version":2},"_wpas_customize_per_network":false},"categories":[21],"tags":[122,14255],"class_list":["post-88181","post","type-post","status-publish","format-standard","has-post-thumbnail","hentry","category-deportes","tag-club-mercedes","tag-regional-amateur","generate-columns","tablet-grid-50","mobile-grid-100","grid-parent","grid-50"],"jetpack_publicize_connections":[],"jetpack_featured_media_url":"https:\/\/www.hoymercedes.com.ar\/principal\/wp-content\/uploads\/2019\/01\/Javier-Mihura.jpg","wps_subtitle":"Regional Amateur","jetpack_sharing_enabled":true,"_links":{"self":[{"href":"https:\/\/www.hoymercedes.com.ar\/principal\/wp-json\/wp\/v2\/posts\/88181","targetHints":{"allow":["GET"]}}],"collection":[{"href":"https:\/\/www.hoymercedes.com.ar\/principal\/wp-json\/wp\/v2\/posts"}],"about":[{"href":"https:\/\/www.hoymercedes.com.ar\/principal\/wp-json\/wp\/v2\/types\/post"}],"author":[{"embeddable":true,"href":"https:\/\/www.hoymercedes.com.ar\/principal\/wp-json\/wp\/v2\/users\/1"}],"replies":[{"embeddable":true,"href":"https:\/\/www.hoymercedes.com.ar\/principal\/wp-json\/wp\/v2\/comments?post=88181"}],"version-history":[{"count":0,"href":"https:\/\/www.hoymercedes.com.ar\/principal\/wp-json\/wp\/v2\/posts\/88181\/revisions"}],"wp:featuredmedia":[{"embeddable":true,"href":"https:\/\/www.hoymercedes.com.ar\/principal\/wp-json\/wp\/v2\/media\/87282"}],"wp:attachment":[{"href":"https:\/\/www.hoymercedes.com.ar\/principal\/wp-json\/wp\/v2\/media?parent=88181"}],"wp:term":[{"taxonomy":"category","embeddable":true,"href":"https:\/\/www.hoymercedes.com.ar\/principal\/wp-json\/wp\/v2\/categories?post=88181"},{"taxonomy":"post_tag","embeddable":true,"href":"https:\/\/www.hoymercedes.com.ar\/principal\/wp-json\/wp\/v2\/tags?post=88181"}],"curies":[{"name":"wp","href":"https:\/\/api.w.org\/{rel}","templated":true}]}}