{"id":88189,"date":"2019-02-15T20:30:13","date_gmt":"2019-02-15T23:30:13","guid":{"rendered":"http:\/\/www.hoymercedes.com.ar\/principal\/?p=88189"},"modified":"2019-02-15T20:30:15","modified_gmt":"2019-02-15T23:30:15","slug":"damian-defelippe-y-angel-iniguez-cierran-el-campeonato-con-los-lobos","status":"publish","type":"post","link":"https:\/\/www.hoymercedes.com.ar\/principal\/2019\/02\/15\/damian-defelippe-y-angel-iniguez-cierran-el-campeonato-con-los-lobos\/","title":{"rendered":"Dami\u00e1n Defelippe y \u00c1ngel I\u00f1iguez cierran el campeonato con Los Lobos"},"content":{"rendered":"\n<p>La s\u00e9ptima y \u00faltima fecha del torneo Nacional de F\u00fatbol de Amputados se jugar\u00e1 este fin de semana y el conjunto de la provincia de Buenos Aires, integrado por los mercedinos Dami\u00e1n Defelippe y \u00c1ngel I\u00f1iguez, ser\u00e1 protagonista ya que jugar\u00e1n contra el posible campe\u00f3n del torneo.<\/p>\n\n\n\n<figure class=\"wp-block-image\"><img loading=\"lazy\" decoding=\"async\" width=\"960\" height=\"917\" data-attachment-id=\"88225\" data-permalink=\"https:\/\/www.hoymercedes.com.ar\/principal\/2019\/02\/15\/damian-defelippe-y-angel-iniguez-cierran-el-campeonato-con-los-lobos\/52436947_778446475843237_6483191071034572800_n\/#main\" data-orig-file=\"https:\/\/www.hoymercedes.com.ar\/principal\/wp-content\/uploads\/2019\/02\/52436947_778446475843237_6483191071034572800_n.jpg\" data-orig-size=\"960,917\" data-comments-opened=\"0\" data-image-meta=\"{&quot;aperture&quot;:&quot;0&quot;,&quot;credit&quot;:&quot;&quot;,&quot;camera&quot;:&quot;&quot;,&quot;caption&quot;:&quot;&quot;,&quot;created_timestamp&quot;:&quot;0&quot;,&quot;copyright&quot;:&quot;&quot;,&quot;focal_length&quot;:&quot;0&quot;,&quot;iso&quot;:&quot;0&quot;,&quot;shutter_speed&quot;:&quot;0&quot;,&quot;title&quot;:&quot;&quot;,&quot;orientation&quot;:&quot;0&quot;}\" data-image-title=\"52436947_778446475843237_6483191071034572800_n\" data-image-description=\"\" data-image-caption=\"\" data-large-file=\"https:\/\/www.hoymercedes.com.ar\/principal\/wp-content\/uploads\/2019\/02\/52436947_778446475843237_6483191071034572800_n.jpg\" src=\"https:\/\/www.hoymercedes.com.ar\/principal\/wp-content\/uploads\/2019\/02\/52436947_778446475843237_6483191071034572800_n.jpg\" alt=\"\" class=\"wp-image-88225\" srcset=\"https:\/\/www.hoymercedes.com.ar\/principal\/wp-content\/uploads\/2019\/02\/52436947_778446475843237_6483191071034572800_n.jpg 960w, https:\/\/www.hoymercedes.com.ar\/principal\/wp-content\/uploads\/2019\/02\/52436947_778446475843237_6483191071034572800_n-150x143.jpg 150w, https:\/\/www.hoymercedes.com.ar\/principal\/wp-content\/uploads\/2019\/02\/52436947_778446475843237_6483191071034572800_n-630x602.jpg 630w\" sizes=\"auto, (max-width: 960px) 100vw, 960px\" \/><\/figure>\n\n\n\n<p>C\u00f3rdoba, Entre R\u00edos y Chaco tienen 31 puntos, pero los cordobeses tienen un partido menos, ante Buenos Aires y con obtener un punto, ser\u00e1n los campeones de la primera edici\u00f3n de este torneo.<\/p>\n\n\n\n<p>Ser\u00e1n dos partidos, el primero desde las 10 horas y por la tarde a las 16 el restante correspondientes ambos a la s\u00e9ptima y \u00faltima fecha, este s\u00e1bado 16 de febrero en el polideportivo Municipal San Antonio de Areco (Duran y boulevard Zerboniz).&nbsp; <\/p>\n","protected":false},"excerpt":{"rendered":"<p>La s\u00e9ptima y \u00faltima fecha del torneo Nacional de F\u00fatbol de Amputados se jugar\u00e1 este fin de semana y el &#8230; <a title=\"Dami\u00e1n Defelippe y \u00c1ngel I\u00f1iguez cierran el campeonato con Los Lobos\" class=\"read-more\" href=\"https:\/\/www.hoymercedes.com.ar\/principal\/2019\/02\/15\/damian-defelippe-y-angel-iniguez-cierran-el-campeonato-con-los-lobos\/\" aria-label=\"Leer m\u00e1s sobre Dami\u00e1n Defelippe y \u00c1ngel I\u00f1iguez cierran el campeonato con Los Lobos\">Leer m\u00e1s<\/a><\/p>\n","protected":false},"author":1,"featured_media":88225,"comment_status":"closed","ping_status":"open","sticky":false,"template":"","format":"standard","meta":{"_monsterinsights_skip_tracking":false,"_monsterinsights_sitenote_active":false,"_monsterinsights_sitenote_note":"","_monsterinsights_sitenote_category":0,"jetpack_post_was_ever_published":false,"_jetpack_newsletter_access":"","_jetpack_dont_email_post_to_subs":false,"_jetpack_newsletter_tier_id":0,"_jetpack_memberships_contains_paywalled_content":false,"_jetpack_memberships_contains_paid_content":false,"footnotes":"","jetpack_publicize_message":"","jetpack_publicize_feature_enabled":true,"jetpack_social_post_already_shared":true,"jetpack_social_options":{"image_generator_settings":{"template":"highway","default_image_id":0,"font":"","enabled":false},"version":2},"_wpas_customize_per_network":false},"categories":[21],"tags":[2789,14510],"class_list":["post-88189","post","type-post","status-publish","format-standard","has-post-thumbnail","hentry","category-deportes","tag-damian-defelippe","tag-seleccion-futbol-amputados","generate-columns","tablet-grid-50","mobile-grid-100","grid-parent","grid-50"],"jetpack_publicize_connections":[],"jetpack_featured_media_url":"https:\/\/www.hoymercedes.com.ar\/principal\/wp-content\/uploads\/2019\/02\/52436947_778446475843237_6483191071034572800_n.jpg","wps_subtitle":"F\u00fatbol Amputados","jetpack_sharing_enabled":true,"_links":{"self":[{"href":"https:\/\/www.hoymercedes.com.ar\/principal\/wp-json\/wp\/v2\/posts\/88189","targetHints":{"allow":["GET"]}}],"collection":[{"href":"https:\/\/www.hoymercedes.com.ar\/principal\/wp-json\/wp\/v2\/posts"}],"about":[{"href":"https:\/\/www.hoymercedes.com.ar\/principal\/wp-json\/wp\/v2\/types\/post"}],"author":[{"embeddable":true,"href":"https:\/\/www.hoymercedes.com.ar\/principal\/wp-json\/wp\/v2\/users\/1"}],"replies":[{"embeddable":true,"href":"https:\/\/www.hoymercedes.com.ar\/principal\/wp-json\/wp\/v2\/comments?post=88189"}],"version-history":[{"count":0,"href":"https:\/\/www.hoymercedes.com.ar\/principal\/wp-json\/wp\/v2\/posts\/88189\/revisions"}],"wp:featuredmedia":[{"embeddable":true,"href":"https:\/\/www.hoymercedes.com.ar\/principal\/wp-json\/wp\/v2\/media\/88225"}],"wp:attachment":[{"href":"https:\/\/www.hoymercedes.com.ar\/principal\/wp-json\/wp\/v2\/media?parent=88189"}],"wp:term":[{"taxonomy":"category","embeddable":true,"href":"https:\/\/www.hoymercedes.com.ar\/principal\/wp-json\/wp\/v2\/categories?post=88189"},{"taxonomy":"post_tag","embeddable":true,"href":"https:\/\/www.hoymercedes.com.ar\/principal\/wp-json\/wp\/v2\/tags?post=88189"}],"curies":[{"name":"wp","href":"https:\/\/api.w.org\/{rel}","templated":true}]}}