{"id":8819,"date":"2011-11-03T02:21:33","date_gmt":"2011-11-03T02:21:33","guid":{"rendered":"http:\/\/www.hoymercedes.com.ar\/principal\/?p=8819"},"modified":"2011-11-03T02:21:33","modified_gmt":"2011-11-03T02:21:33","slug":"dia-del-trabajador-municipal","status":"publish","type":"post","link":"https:\/\/www.hoymercedes.com.ar\/principal\/2011\/11\/03\/dia-del-trabajador-municipal\/","title":{"rendered":"D\u00eda del Trabajador Municipal"},"content":{"rendered":"<p>Mediante una encuesta entre los trabajadores comunales de la ciudad se determinar\u00e1 si el asueto por el D\u00eda del trabajador Municipal ser\u00e1 el lunes 7 o bien el martes 8 de este mes. La decisi\u00f3n se conocer\u00e1 antes del fin de semana<\/p>\n<p>El Secretario de Gobierno de la comuna, Dr. Sergio Fabi\u00e1n L\u00f3pez confirm\u00f3 que aun no se ha decidido si se modifica el d\u00eda de asueto que habitualmente cada comuna otorga a sus empleado el 8 de noviembre con motivo de ser la fecha en que se celebra el D\u00eda del Trabajador Municipal.<\/p>\n<p>El funcionario sostuvo \u201cla idea hab\u00eda sido en principio que se trasladara dicho asueto para el d\u00eda lunes 7 en lugar del martes 8 pero ha surgido un inconveniente que sin lugar a dudas es para tener en cuenta y al menos analizar bien el caso, ocurre que los responsables del Sindicato de Trabajadores Municipales de Mercedes, el encabezado por Mar\u00eda Florencia Balsategui ha resuelto organizar un encuentro el lunes en horas de la noche en el Club Uni\u00f3n y todos sabemos lo dificultoso que resulta para el grupo de trabajadores, por ejemplo en caso de quienes efect\u00faan la recolecci\u00f3n quienes casi no pueden estar ya que el horario de inicio de las tareas es a partir de las 22.00 y es por ello que hay un sector que pide no hagamos modificaciones, es decir que se mantenga el feriado del d\u00eda martes pero esto es algo que reitero aun el intendente no ha decidido porque entendimos que es m\u00e1s prudente tener la opini\u00f3n mayoritaria de los trabajadores y para ello tanto desde el Sindicato de Trabajadores Municipales como desde la Asociaci\u00f3n de Trabajadores municipales se est\u00e1 llevando a cabo una encuentra entre sus afiliados para saben que es lo que realmente prefieren y en base a la decisi\u00f3n mayoritaria de ellos se resolver\u00e1 que vaya a ocurrir con el asueto correspondiente por lo que estimo que reci\u00e9n casi llegando al fin de semana tendremos una certeza de lo que vaya a ocurrir\u201d.<\/p>\n<p>Por otra parte y como se lleva a cabo tradicinalmet6e para dicha celebraci\u00f3n, por un lado la comuna entrega las medallas a quienes han cumplido 25 y 30 a\u00f1os de trabajo de manera continua en su esfera mientras que desde el Sindicato se los reconoce con la entrega de un llavero.<\/p>\n<p>Hubo ocasiones en que las entregas se realizaban de manera separada recibiendo el intendente en su despacho a los trabajadores que recib\u00edan la distinci\u00f3n pero luego ello se modific\u00f3 y se comenz\u00f3 a realizar durante la cl\u00e1sica reuni\u00f3n gastronom\u00eda de camarader\u00eda que todos los a\u00f1os se efect\u00faa pero hasta el momento no se ha dado a conocer oficialmente como se llevar\u00e1 a cabo esa parte de los festejos.<\/p>\n<p>Lo que si se ha confirmado oficialmente es que este a\u00f1o el tradicional \u00e1gape que organiza el Sindicato de Trabajadores Municipales se llevar\u00e1 a cabo el lunes 7 a partir de las 21,00 en las instalaciones del Club Uni\u00f3n con la presencia de autoridades municipales, concejales, representantes de otras entidades gubernamentales e invitados especiales tal como lo confirmara ayer por la ma\u00f1ana el secretario de prensa del gremio Omar S\u00e1nchez<\/p>\n","protected":false},"excerpt":{"rendered":"<p>Mediante una encuesta entre los trabajadores comunales de la ciudad se determinar\u00e1 si el asueto por el D\u00eda del trabajador &#8230; <a title=\"D\u00eda del Trabajador Municipal\" class=\"read-more\" href=\"https:\/\/www.hoymercedes.com.ar\/principal\/2011\/11\/03\/dia-del-trabajador-municipal\/\" aria-label=\"Leer m\u00e1s sobre D\u00eda del Trabajador Municipal\">Leer m\u00e1s<\/a><\/p>\n","protected":false},"author":1,"featured_media":0,"comment_status":"open","ping_status":"open","sticky":false,"template":"","format":"standard","meta":{"_monsterinsights_skip_tracking":false,"_monsterinsights_sitenote_active":false,"_monsterinsights_sitenote_note":"","_monsterinsights_sitenote_category":0,"jetpack_post_was_ever_published":false,"_jetpack_newsletter_access":"","_jetpack_dont_email_post_to_subs":false,"_jetpack_newsletter_tier_id":0,"_jetpack_memberships_contains_paywalled_content":false,"_jetpack_memberships_contains_paid_content":false,"footnotes":"","jetpack_publicize_message":"","jetpack_publicize_feature_enabled":true,"jetpack_social_post_already_shared":false,"jetpack_social_options":{"image_generator_settings":{"template":"highway","default_image_id":0,"font":"","enabled":false},"version":2},"_wpas_customize_per_network":false},"categories":[8],"tags":[1542],"class_list":["post-8819","post","type-post","status-publish","format-standard","hentry","category-sociedad","tag-dia-trabajador-municipal","generate-columns","tablet-grid-50","mobile-grid-100","grid-parent","grid-50"],"jetpack_publicize_connections":[],"jetpack_featured_media_url":"","wps_subtitle":"","jetpack_sharing_enabled":true,"_links":{"self":[{"href":"https:\/\/www.hoymercedes.com.ar\/principal\/wp-json\/wp\/v2\/posts\/8819","targetHints":{"allow":["GET"]}}],"collection":[{"href":"https:\/\/www.hoymercedes.com.ar\/principal\/wp-json\/wp\/v2\/posts"}],"about":[{"href":"https:\/\/www.hoymercedes.com.ar\/principal\/wp-json\/wp\/v2\/types\/post"}],"author":[{"embeddable":true,"href":"https:\/\/www.hoymercedes.com.ar\/principal\/wp-json\/wp\/v2\/users\/1"}],"replies":[{"embeddable":true,"href":"https:\/\/www.hoymercedes.com.ar\/principal\/wp-json\/wp\/v2\/comments?post=8819"}],"version-history":[{"count":0,"href":"https:\/\/www.hoymercedes.com.ar\/principal\/wp-json\/wp\/v2\/posts\/8819\/revisions"}],"wp:attachment":[{"href":"https:\/\/www.hoymercedes.com.ar\/principal\/wp-json\/wp\/v2\/media?parent=8819"}],"wp:term":[{"taxonomy":"category","embeddable":true,"href":"https:\/\/www.hoymercedes.com.ar\/principal\/wp-json\/wp\/v2\/categories?post=8819"},{"taxonomy":"post_tag","embeddable":true,"href":"https:\/\/www.hoymercedes.com.ar\/principal\/wp-json\/wp\/v2\/tags?post=8819"}],"curies":[{"name":"wp","href":"https:\/\/api.w.org\/{rel}","templated":true}]}}