{"id":88211,"date":"2019-02-15T16:30:25","date_gmt":"2019-02-15T19:30:25","guid":{"rendered":"http:\/\/www.hoymercedes.com.ar\/principal\/?p=88211"},"modified":"2019-02-15T16:07:28","modified_gmt":"2019-02-15T19:07:28","slug":"por-que-el-ambiente-no-le-interesa-a-nadie","status":"publish","type":"post","link":"https:\/\/www.hoymercedes.com.ar\/principal\/2019\/02\/15\/por-que-el-ambiente-no-le-interesa-a-nadie\/","title":{"rendered":"\u00bfPor qu\u00e9 el ambiente no le interesa a nadie?"},"content":{"rendered":"\n<p>Por\nCristi\u00e1n Frers* &#8211; Hoy en d\u00eda en la Argentina un porcentaje importante de la\npoblaci\u00f3n considera que el cuidado del ambiente es algo \u201cmuy\u201d o \u201cbastante\u201d\nimportante. Ahora bien, este porcentaje contundente, \u00bfes una buena noticia?,\n\u00bftiene valor tal y como est\u00e1 expresada? Probablemente no lo tiene si antes no\nnos preguntamos, por ejemplo, \u00bfqu\u00e9 porcentaje de la poblaci\u00f3n sabe realmente de\nlo que est\u00e1 hablando cuando se refiere al ambiente? o mejor &nbsp;Se trata simplemente de preguntarle a la gente\nqu\u00e9 sabe, qu\u00e9 siente, qu\u00e9 percibe y qu\u00e9 le interesa de este amplio y complejo\ntema. Pero tambi\u00e9n, de mantener la objetividad y reconocer que\ndesafortunadamente una mayor\u00eda de la poblaci\u00f3n o sencillamente no se interesa\npor su entorno ambiental o se expresa de una manera \u201cpol\u00edticamente correcta\u201d,\nagregando m\u00e1s confusi\u00f3n. Muchos ciudadanos no saben realmente de qu\u00e9 se trata,\npero expresan su preocupaci\u00f3n. Otros, casi en las tinieblas y siendo v\u00edctimas\ndirectas de la contaminaci\u00f3n, apenas si son escuchados por quienes deber\u00edan\ntomar decisiones con respecto a su futuro. Hoy en d\u00eda todos estamos a favor del\nmedioambiente, lo que pasa es que todav\u00eda no lo sabemos. Qu\u00e9\nporcentaje de la poblaci\u00f3n en lugar de aceptar su desinter\u00e9s o desconocimiento\nsobre el tema, elige ofrecer una respuesta simplemente pol\u00edticamente correcta?<\/p>\n\n\n\n<p>En general, para cuidar el ambiente se necesita\nvalorarlo, amarlo&nbsp; y ser consciente de lo que significa contaminar de\nmanera inmediata, a corto, mediano y largo plazo. Esto se traduce en una\nconducta: no tirar basura, cuidar el agua, cuidar el aire, el suelo, los\nanimales, las plantas, ocuparnos y hacernos cargo del cambio clim\u00e1tico,\nbuscando un desarrollo sustentable para nosotros y nuestra descendencia. Por\ntanto, estamos frente a una actitud, que tiene tres componentes: afectivo,\ncognitivo y conductual.<\/p>\n\n\n\n<p>\u00bfEs\nreal? \u00bf<strong>No\nnos importa el ambiente<\/strong>? Siendo un optimista,&nbsp; un iluso y tendiendo a pensar bien de los\ndem\u00e1s, tengo la idea de que todos somos portadores de una peque\u00f1a conciencia\nambiental que nos habla, pero despu\u00e9s de escuchar algunas frases como: \u00abA m\u00ed\nel tema ambiental&#8230; no me da de comer\u00bb, \u00abNo importa lo que yo haga\nsi todo est\u00e1 mal\u00bb.<\/p>\n\n\n\n<p>Lo\nprimero que se me cruza por la cabeza es que <strong>nos importa m\u00e1s nuestro \u00abyo\u00bb<\/strong>\nque cualquier otra cosa. Eso es innegable. Nos creemos el ombligo del mundo y TODO\nlo dem\u00e1s es un tanto secundario.&nbsp;<\/p>\n\n\n\n<p>Pero&#8230;\nel ambiente nos afecta de forma individual a cada uno. Si somos unos ego\u00edstas,\ndeber\u00eda importarnos igualmente. Si, cierto,&nbsp;pero hay que sumar la\nignorancia a la ecuaci\u00f3n: \u00ab\u00bfProblemas ambientales? Eso a m\u00ed no me\nafecta\u00bb. Y esta es la actitud que desgraciadamente nos encontramos por la\ncalle o con cualquier persona a quien se le pregunte por la problem\u00e1tica\nambiental\u2026 muchas veces, por <strong>pura ignorancia<\/strong>, de no saber.<\/p>\n\n\n\n<p>Si informamos a ese individuo ya est\u00e1. Pero no es as\u00ed, porque la ecuaci\u00f3n tiene un t\u00e9rmino m\u00e1s: <strong>La apat\u00eda<\/strong>. Est\u00e1 muy unido a los anteriores y consigue que no hagamos nada.<\/p>\n\n\n\n<p>INDIVIDUALISMO + IGNORANCIA +\nAPAT\u00cdA= NO ME IMPORTA<\/p>\n\n\n\n<p>Podr\u00edamos\nresumir todo esto en que somos unos ignorantes, egoc\u00e9ntricos y vagos. Tampoco\nse ha internalizado otra gama de caracter\u00edsticas humanas como son los valores,\nel respeto hacia los otros, la solidaridad con las futuras generaciones, la\nempat\u00eda, entre otras cosas. .Creemos que nadie vendr\u00e1 a solucionar nuestros\nproblemas o que ni siquiera tenemos un problema real que solucionar. Son\npersonas que seguramente les cuesta disfrutar de la vida, de los peque\u00f1os\ndetalles, de la belleza de la naturaleza, de lo esencial.<\/p>\n\n\n\n<p>Un\necosistema alterado, contaminado, no contribuye a una buena calidad de vida. La\ncalidad de vida, se refiere a las personas. Las personas o una poblaci\u00f3n con\naltos niveles de ruidos, grandes cantidades de desechos s\u00f3lidos y l\u00edquidos por\ndoquier, no es una poblaci\u00f3n que disfrute de buena calidad de vida. Adem\u00e1s, si\nconsideramos la contaminaci\u00f3n del subsuelo debido al vertimiento de diversos\nproductos qu\u00edmicos -grasas, aceites, sosa c\u00e1ustica, entre otros-. Si agregamos\nla contaminaci\u00f3n atmosf\u00e9rica proveniente de los gases de autom\u00f3viles, plantas\nel\u00e9ctricas, zonas industriales, aviones, entre otros.<\/p>\n\n\n\n<p>Entonces,\nese cuadro de contaminaci\u00f3n generalizado, provoca que el Planeta Tierra, haya\nreducido las condiciones que nos obligan a vivir con baja calidad de vida a\nnivel planetario. Los efectos negativos de los problemas ambientales, parecen\nirreversibles en el corto, mediano plazo, y largo plazo pero nadie los\ncuantifica. <\/p>\n\n\n\n<p>Si\ntraducimos o extrapolamos, lo que est\u00e1 pasando a nivel planetario pa\u00eds, la\nsituaci\u00f3n, se torna m\u00e1s deprimente cada d\u00eda debido a que los asuntos\nambientales, son problemas de corto, mediano y largo plazo que a las\nautoridades no le interesa enfrentar, resolver sino &nbsp;solo beneficiarse o beneficiar a los suyos,\nsiempre y cuando favorezcan o no estorben la elecci\u00f3n de un intendente, un\ngobernador o un presidente de la naci\u00f3n y sus respectivas reelecciones. Dentro\nde la pol\u00edtica local, provincial o nacional encontramos corruptos, mentirosos,\nmanipuladores, ineptos, que no les interesa el cuidado del ambiente y los\nrecursos naturales, es decir no le interesa la calidad de vida de los\nargentinos.<\/p>\n\n\n\n<p>Se\ntrata simplemente de preguntarle a la gente qu\u00e9 sabe, qu\u00e9 siente, qu\u00e9 percibe y\nqu\u00e9 le interesa de la problem\u00e1tica ambiental. Pero tambi\u00e9n, de mantener la\nobjetividad y reconocer que desafortunadamente una mayor\u00eda de la poblaci\u00f3n o\nsencillamente no se interesa por su entorno ambiental o se expresa de una\nmanera pol\u00edticamente correcta, que solo ellos consideran correcta, agregando\nm\u00e1s confusi\u00f3n. Muchos ciudadanos no saben realmente de qu\u00e9 se trata, pero\nexpresan su preocupaci\u00f3n. Otros, casi en las tinieblas y siendo v\u00edctimas directas\nde la contaminaci\u00f3n, apenas si son escuchados por quienes deber\u00edan tomar\ndecisiones con respecto a su futuro. Hoy en d\u00eda todos estamos a favor del ambiente,\nlo que pasa es que todav\u00eda no lo sabemos.<\/p>\n\n\n\n<p>*Cristi\u00e1n\nFrers \u2013 T\u00e9cnico Superior en Gesti\u00f3n Ambiental y T\u00e9cnico Superior en\nComunicaci\u00f3n Social (Periodista).<\/p>\n","protected":false},"excerpt":{"rendered":"<p>Por Cristi\u00e1n Frers* &#8211; Hoy en d\u00eda en la Argentina un porcentaje importante de la poblaci\u00f3n considera que el cuidado &#8230; <a title=\"\u00bfPor qu\u00e9 el ambiente no le interesa a nadie?\" class=\"read-more\" href=\"https:\/\/www.hoymercedes.com.ar\/principal\/2019\/02\/15\/por-que-el-ambiente-no-le-interesa-a-nadie\/\" aria-label=\"Leer m\u00e1s sobre \u00bfPor qu\u00e9 el ambiente no le interesa a nadie?\">Leer m\u00e1s<\/a><\/p>\n","protected":false},"author":1,"featured_media":88212,"comment_status":"closed","ping_status":"open","sticky":false,"template":"","format":"standard","meta":{"_monsterinsights_skip_tracking":false,"_monsterinsights_sitenote_active":false,"_monsterinsights_sitenote_note":"","_monsterinsights_sitenote_category":0,"jetpack_post_was_ever_published":false,"_jetpack_newsletter_access":"","_jetpack_dont_email_post_to_subs":false,"_jetpack_newsletter_tier_id":0,"_jetpack_memberships_contains_paywalled_content":false,"_jetpack_memberships_contains_paid_content":false,"footnotes":"","jetpack_publicize_message":"","jetpack_publicize_feature_enabled":true,"jetpack_social_post_already_shared":true,"jetpack_social_options":{"image_generator_settings":{"template":"highway","default_image_id":0,"font":"","enabled":false},"version":2},"_wpas_customize_per_network":false},"categories":[1],"tags":[9001,43,8748],"class_list":["post-88211","post","type-post","status-publish","format-standard","has-post-thumbnail","hentry","category-opinion","tag-ambiente","tag-medio-ambiente","tag-opinion","generate-columns","tablet-grid-50","mobile-grid-100","grid-parent","grid-50"],"jetpack_publicize_connections":[],"jetpack_featured_media_url":"https:\/\/www.hoymercedes.com.ar\/principal\/wp-content\/uploads\/2019\/02\/15-Bosques-pulmones-768x447.jpg","wps_subtitle":"La apat\u00eda ambiental","jetpack_sharing_enabled":true,"_links":{"self":[{"href":"https:\/\/www.hoymercedes.com.ar\/principal\/wp-json\/wp\/v2\/posts\/88211","targetHints":{"allow":["GET"]}}],"collection":[{"href":"https:\/\/www.hoymercedes.com.ar\/principal\/wp-json\/wp\/v2\/posts"}],"about":[{"href":"https:\/\/www.hoymercedes.com.ar\/principal\/wp-json\/wp\/v2\/types\/post"}],"author":[{"embeddable":true,"href":"https:\/\/www.hoymercedes.com.ar\/principal\/wp-json\/wp\/v2\/users\/1"}],"replies":[{"embeddable":true,"href":"https:\/\/www.hoymercedes.com.ar\/principal\/wp-json\/wp\/v2\/comments?post=88211"}],"version-history":[{"count":0,"href":"https:\/\/www.hoymercedes.com.ar\/principal\/wp-json\/wp\/v2\/posts\/88211\/revisions"}],"wp:featuredmedia":[{"embeddable":true,"href":"https:\/\/www.hoymercedes.com.ar\/principal\/wp-json\/wp\/v2\/media\/88212"}],"wp:attachment":[{"href":"https:\/\/www.hoymercedes.com.ar\/principal\/wp-json\/wp\/v2\/media?parent=88211"}],"wp:term":[{"taxonomy":"category","embeddable":true,"href":"https:\/\/www.hoymercedes.com.ar\/principal\/wp-json\/wp\/v2\/categories?post=88211"},{"taxonomy":"post_tag","embeddable":true,"href":"https:\/\/www.hoymercedes.com.ar\/principal\/wp-json\/wp\/v2\/tags?post=88211"}],"curies":[{"name":"wp","href":"https:\/\/api.w.org\/{rel}","templated":true}]}}