{"id":88217,"date":"2019-02-15T16:16:06","date_gmt":"2019-02-15T19:16:06","guid":{"rendered":"http:\/\/www.hoymercedes.com.ar\/principal\/?p=88217"},"modified":"2019-02-15T16:16:11","modified_gmt":"2019-02-15T19:16:11","slug":"se-inauguro-el-5consultorio-odontologico-municipal-en-lomas-del-pacifico%ef%bb%bf","status":"publish","type":"post","link":"https:\/\/www.hoymercedes.com.ar\/principal\/2019\/02\/15\/se-inauguro-el-5consultorio-odontologico-municipal-en-lomas-del-pacifico%ef%bb%bf\/","title":{"rendered":"Se inaugur\u00f3 el 5\u00b0consultorio odontol\u00f3gico municipal en Lomas del Pac\u00edfico\ufeff"},"content":{"rendered":"\n<figure class=\"wp-block-image\"><img loading=\"lazy\" decoding=\"async\" width=\"937\" height=\"625\" data-attachment-id=\"88218\" data-permalink=\"https:\/\/www.hoymercedes.com.ar\/principal\/2019\/02\/15\/se-inauguro-el-5consultorio-odontologico-municipal-en-lomas-del-pacifico%ef%bb%bf\/1-16\/#main\" data-orig-file=\"https:\/\/www.hoymercedes.com.ar\/principal\/wp-content\/uploads\/2019\/02\/1.jpg\" data-orig-size=\"937,625\" data-comments-opened=\"0\" data-image-meta=\"{&quot;aperture&quot;:&quot;0&quot;,&quot;credit&quot;:&quot;&quot;,&quot;camera&quot;:&quot;&quot;,&quot;caption&quot;:&quot;&quot;,&quot;created_timestamp&quot;:&quot;0&quot;,&quot;copyright&quot;:&quot;&quot;,&quot;focal_length&quot;:&quot;0&quot;,&quot;iso&quot;:&quot;0&quot;,&quot;shutter_speed&quot;:&quot;0&quot;,&quot;title&quot;:&quot;&quot;,&quot;orientation&quot;:&quot;0&quot;}\" data-image-title=\"1\" data-image-description=\"\" data-image-caption=\"\" data-large-file=\"https:\/\/www.hoymercedes.com.ar\/principal\/wp-content\/uploads\/2019\/02\/1.jpg\" src=\"https:\/\/www.hoymercedes.com.ar\/principal\/wp-content\/uploads\/2019\/02\/1.jpg\" alt=\"\" class=\"wp-image-88218\" srcset=\"https:\/\/www.hoymercedes.com.ar\/principal\/wp-content\/uploads\/2019\/02\/1.jpg 937w, https:\/\/www.hoymercedes.com.ar\/principal\/wp-content\/uploads\/2019\/02\/1-150x100.jpg 150w, https:\/\/www.hoymercedes.com.ar\/principal\/wp-content\/uploads\/2019\/02\/1-630x420.jpg 630w, https:\/\/www.hoymercedes.com.ar\/principal\/wp-content\/uploads\/2019\/02\/1-720x480.jpg 720w, https:\/\/www.hoymercedes.com.ar\/principal\/wp-content\/uploads\/2019\/02\/1-360x240.jpg 360w\" sizes=\"auto, (max-width: 937px) 100vw, 937px\" \/><\/figure>\n\n\n\n<p><br><\/p>\n\n\n\n<p>Ustarroz dej\u00f3 inaugurado un nuevo\nconsultorio odontol\u00f3gico montado con fondos municipales. Es parte de una red de\nsalud bucal que cubre distintas zonas de la ciudad y zona rural. Funcionar\u00e1 los\nmartes y viernes, a cargo de la odont\u00f3loga Sol Lettieri. \u201cNos hab\u00edamos\npropuesto&nbsp; cuatro consultorios. Pero fue\nsolo el ver c\u00f3mo funcionan, el compromiso y los resultados que fuimos\ndesarrollando un plan cada vez m\u00e1s ambicioso\u201d, resalt\u00f3 el intendente Ustarroz.<\/p>\n\n\n\n<p>En el marco del plan de salud\nbucal de la Municipalidad de Mercedes, este viernes se inaugur\u00f3 el quinto\nConsultorio Odontol\u00f3gico en el CAPS de Lomas del Pacifico.<\/p>\n\n\n\n<p>All\u00ed estuvo presente el Primer\nMandatario Comunal, Juan I. Ustarroz, el Secretario de Salud, Pablo Cassiani y\npersonal del \u00e1rea, adem\u00e1s de vecinos de la barriada.<\/p>\n\n\n\n<figure class=\"wp-block-image\"><img loading=\"lazy\" decoding=\"async\" width=\"864\" height=\"576\" data-attachment-id=\"88219\" data-permalink=\"https:\/\/www.hoymercedes.com.ar\/principal\/2019\/02\/15\/se-inauguro-el-5consultorio-odontologico-municipal-en-lomas-del-pacifico%ef%bb%bf\/4-11\/#main\" data-orig-file=\"https:\/\/www.hoymercedes.com.ar\/principal\/wp-content\/uploads\/2019\/02\/4.jpg\" data-orig-size=\"864,576\" data-comments-opened=\"0\" data-image-meta=\"{&quot;aperture&quot;:&quot;0&quot;,&quot;credit&quot;:&quot;&quot;,&quot;camera&quot;:&quot;&quot;,&quot;caption&quot;:&quot;&quot;,&quot;created_timestamp&quot;:&quot;0&quot;,&quot;copyright&quot;:&quot;&quot;,&quot;focal_length&quot;:&quot;0&quot;,&quot;iso&quot;:&quot;0&quot;,&quot;shutter_speed&quot;:&quot;0&quot;,&quot;title&quot;:&quot;&quot;,&quot;orientation&quot;:&quot;0&quot;}\" data-image-title=\"4\" data-image-description=\"\" data-image-caption=\"\" data-large-file=\"https:\/\/www.hoymercedes.com.ar\/principal\/wp-content\/uploads\/2019\/02\/4.jpg\" src=\"https:\/\/www.hoymercedes.com.ar\/principal\/wp-content\/uploads\/2019\/02\/4.jpg\" alt=\"\" class=\"wp-image-88219\" srcset=\"https:\/\/www.hoymercedes.com.ar\/principal\/wp-content\/uploads\/2019\/02\/4.jpg 864w, https:\/\/www.hoymercedes.com.ar\/principal\/wp-content\/uploads\/2019\/02\/4-150x100.jpg 150w, https:\/\/www.hoymercedes.com.ar\/principal\/wp-content\/uploads\/2019\/02\/4-630x420.jpg 630w, https:\/\/www.hoymercedes.com.ar\/principal\/wp-content\/uploads\/2019\/02\/4-720x480.jpg 720w, https:\/\/www.hoymercedes.com.ar\/principal\/wp-content\/uploads\/2019\/02\/4-360x240.jpg 360w\" sizes=\"auto, (max-width: 864px) 100vw, 864px\" \/><\/figure>\n\n\n\n<p>\u201cEsta inauguraci\u00f3n en particular\ntiene un gusto especial. Cuando arrancamos con el plan de salud bucal en\nMercedes, algo que exist\u00eda, nos planteamos hacer cuatro consultorios\nodontol\u00f3gicos, uno por cada a\u00f1o de gesti\u00f3n. Y estamos arrancando el cuarto a\u00f1o\ncon el quinto consultorio, siendo una pol\u00edtica que se va a extender por\ndecisi\u00f3n del intendente porque vimos el impacto que tuvo en la poblaci\u00f3n\u201d,\nsostuvo el Dr. Cassiani a la vez que remarc\u00f3: \u201cHab\u00eda una demanda muy grande que\nno se llegaba a ver, y no se llegaba a cubrir por los servicios que hab\u00eda en la\nciudad. Cuando uno ve como le vuelve la sonrisa a la gente por el trabajo de\ntodos los profesionales &#8211; a los cuales agradezco el compromiso que tienen\n&#8211;&nbsp; es un incentivo muy grande para seguir\ncreciendo en este plan. Agradecemos tambi\u00e9n al intendente por haber puesto todo\nel esfuerzo para que esto se diera\u201d<\/p>\n\n\n\n<p>En cuanto a las caracter\u00edsticas\ndel nuevo espacio y su funcionamiento la doctora Ver\u00f3nica Perdig\u00f3, se\u00f1al\u00f3: \u201cEn\neste consultorio estar\u00e1 la doctora Sol Lettieri, que se incorpora al equipo de\nsalud bucal, los d\u00edas martes y viernes. El consultorio ser\u00e1 atendido por ella,\ny est\u00e1 dirigida la atenci\u00f3n a ni\u00f1os, embarazadas y adultos, con y sin obra\nsocial\u201d.<\/p>\n\n\n\n<p>Por su parte, la odont\u00f3loga Sol\nLettieri expres\u00f3: \u201cEstoy muy feliz. Esperaba este momento para comenzar a\natender a todos los vecinos que se acerquen\u201d.<\/p>\n\n\n\n<p>M\u00e1s tarde, el intendente Juan I.\nUstarroz expres\u00f3: \u201cfelicito a todo el equipo de salud de esta salita, como el\nde todas. Muchas gratas sorpresas vamos recibiendo con el paso del tiempo.\nVemos mucho compromiso por parte de todas las trabajadoras y es algo que nos\nmanifiestan los vecinos. Muchas personas del barrio, entre ellos de la sociedad\nde fomento, est\u00e1n presentes porque es un avance importante para todos\u201d y\ncoincidi\u00f3 en remarcar que \u201ccomo dijo el Dr. Cassiani, nos hab\u00edamos\npropuesto&nbsp; cuatro consultorios. Pero fue\nsolo el ver c\u00f3mo funcionan, el compromiso de las profesionales a cargo, los\nresultados (porque esto surgi\u00f3 de un diagn\u00f3stico realizado en las escuelas\ndonde la salud bucal se manifestaba como una problem\u00e1tica) y en funci\u00f3n de ello\nfuimos desarrollando un plan cada vez m\u00e1s ambicioso\u201d.<\/p>\n\n\n\n<figure class=\"wp-block-image\"><img loading=\"lazy\" decoding=\"async\" width=\"864\" height=\"576\" data-attachment-id=\"88220\" data-permalink=\"https:\/\/www.hoymercedes.com.ar\/principal\/2019\/02\/15\/se-inauguro-el-5consultorio-odontologico-municipal-en-lomas-del-pacifico%ef%bb%bf\/3-12\/#main\" data-orig-file=\"https:\/\/www.hoymercedes.com.ar\/principal\/wp-content\/uploads\/2019\/02\/3.jpg\" data-orig-size=\"864,576\" data-comments-opened=\"0\" data-image-meta=\"{&quot;aperture&quot;:&quot;0&quot;,&quot;credit&quot;:&quot;&quot;,&quot;camera&quot;:&quot;&quot;,&quot;caption&quot;:&quot;&quot;,&quot;created_timestamp&quot;:&quot;0&quot;,&quot;copyright&quot;:&quot;&quot;,&quot;focal_length&quot;:&quot;0&quot;,&quot;iso&quot;:&quot;0&quot;,&quot;shutter_speed&quot;:&quot;0&quot;,&quot;title&quot;:&quot;&quot;,&quot;orientation&quot;:&quot;0&quot;}\" data-image-title=\"3\" data-image-description=\"\" data-image-caption=\"\" data-large-file=\"https:\/\/www.hoymercedes.com.ar\/principal\/wp-content\/uploads\/2019\/02\/3.jpg\" src=\"https:\/\/www.hoymercedes.com.ar\/principal\/wp-content\/uploads\/2019\/02\/3.jpg\" alt=\"\" class=\"wp-image-88220\" srcset=\"https:\/\/www.hoymercedes.com.ar\/principal\/wp-content\/uploads\/2019\/02\/3.jpg 864w, https:\/\/www.hoymercedes.com.ar\/principal\/wp-content\/uploads\/2019\/02\/3-150x100.jpg 150w, https:\/\/www.hoymercedes.com.ar\/principal\/wp-content\/uploads\/2019\/02\/3-630x420.jpg 630w, https:\/\/www.hoymercedes.com.ar\/principal\/wp-content\/uploads\/2019\/02\/3-720x480.jpg 720w, https:\/\/www.hoymercedes.com.ar\/principal\/wp-content\/uploads\/2019\/02\/3-360x240.jpg 360w\" sizes=\"auto, (max-width: 864px) 100vw, 864px\" \/><\/figure>\n\n\n\n<p>En tanto, el Primer Mandatario\nrecord\u00f3: \u201cLos or\u00edgenes de esto fue el programa Argentina Sonr\u00ede al que en\npr\u00e1cticamente en todos los municipios del pa\u00eds se le dio de baja. Mercedes lo\nsostuvo. El a\u00f1o pasado llegamos a 800 vecinos a los que se les hizo un trabajo\nacorde a sus necesidades y derechos. Y despu\u00e9s fuimos haciendo crecer al\nprograma, con una inversi\u00f3n muy eficiente y planificada sumada al trabajo y\ncompromiso de los trabajadores y profesionales. Hoy vemos que entre todos\nlogramos cosas y el haber llegado al quinto consultorio odontol\u00f3gico nos llena\nde orgullo\u201d.<\/p>\n\n\n\n<p><strong>Sexto consultorio<\/strong> <\/p>\n\n\n\n<p>Respecto de si exist\u00eda la posibilidad de crear nuevos consultorios, el intendente adelant\u00f3: \u201cTenemos pensando generar m\u00e1s consultorios. De una manera muy planificada vamos paso a paso. Hasta ahora la evaluaci\u00f3n es muy positiva, y se analiza la cuesti\u00f3n de la oferta y la demanda. Hoy la ciudad cuenta con un plan de salud bucal muy importante, y la idea y la inversi\u00f3n se hizo para seguir ampli\u00e1ndola\u201d a la vez que agreg\u00f3: \u201cQueremos que la salud p\u00fablica de la ciudad avance y progrese, en el marco de un contexto muy dif\u00edcil. Al municipio le pasa lo mismo que a cualquier hogar, comercio o pyme. Pero ac\u00e1 hay mucho trabajo, y hacerlo con compromiso es la \u00fanica forma que vamos a tener para salir adelante en este contexto tan dif\u00edcil en nuestro pa\u00eds\u201d. <\/p>\n\n\n\n<p class=\"has-text-color has-cyan-bluish-gray-color\">Fuente: Sec. Salud<\/p>\n","protected":false},"excerpt":{"rendered":"<p>Ustarroz dej\u00f3 inaugurado un nuevo consultorio odontol\u00f3gico montado con fondos municipales. Es parte de una red de salud bucal que &#8230; <a title=\"Se inaugur\u00f3 el 5\u00b0consultorio odontol\u00f3gico municipal en Lomas del Pac\u00edfico\ufeff\" class=\"read-more\" href=\"https:\/\/www.hoymercedes.com.ar\/principal\/2019\/02\/15\/se-inauguro-el-5consultorio-odontologico-municipal-en-lomas-del-pacifico%ef%bb%bf\/\" aria-label=\"Leer m\u00e1s sobre Se inaugur\u00f3 el 5\u00b0consultorio odontol\u00f3gico municipal en Lomas del Pac\u00edfico\ufeff\">Leer m\u00e1s<\/a><\/p>\n","protected":false},"author":1,"featured_media":88219,"comment_status":"closed","ping_status":"open","sticky":false,"template":"","format":"standard","meta":{"_monsterinsights_skip_tracking":false,"_monsterinsights_sitenote_active":false,"_monsterinsights_sitenote_note":"","_monsterinsights_sitenote_category":0,"jetpack_post_was_ever_published":false,"_jetpack_newsletter_access":"","_jetpack_dont_email_post_to_subs":false,"_jetpack_newsletter_tier_id":0,"_jetpack_memberships_contains_paywalled_content":false,"_jetpack_memberships_contains_paid_content":false,"footnotes":"","jetpack_publicize_message":"","jetpack_publicize_feature_enabled":true,"jetpack_social_post_already_shared":true,"jetpack_social_options":{"image_generator_settings":{"template":"highway","default_image_id":0,"font":"","enabled":false},"version":2},"_wpas_customize_per_network":false},"categories":[30],"tags":[],"class_list":["post-88217","post","type-post","status-publish","format-standard","has-post-thumbnail","hentry","category-municipio","generate-columns","tablet-grid-50","mobile-grid-100","grid-parent","grid-50"],"jetpack_publicize_connections":[],"jetpack_featured_media_url":"https:\/\/www.hoymercedes.com.ar\/principal\/wp-content\/uploads\/2019\/02\/4.jpg","wps_subtitle":"Inversi\u00f3n en salud","jetpack_sharing_enabled":true,"_links":{"self":[{"href":"https:\/\/www.hoymercedes.com.ar\/principal\/wp-json\/wp\/v2\/posts\/88217","targetHints":{"allow":["GET"]}}],"collection":[{"href":"https:\/\/www.hoymercedes.com.ar\/principal\/wp-json\/wp\/v2\/posts"}],"about":[{"href":"https:\/\/www.hoymercedes.com.ar\/principal\/wp-json\/wp\/v2\/types\/post"}],"author":[{"embeddable":true,"href":"https:\/\/www.hoymercedes.com.ar\/principal\/wp-json\/wp\/v2\/users\/1"}],"replies":[{"embeddable":true,"href":"https:\/\/www.hoymercedes.com.ar\/principal\/wp-json\/wp\/v2\/comments?post=88217"}],"version-history":[{"count":0,"href":"https:\/\/www.hoymercedes.com.ar\/principal\/wp-json\/wp\/v2\/posts\/88217\/revisions"}],"wp:featuredmedia":[{"embeddable":true,"href":"https:\/\/www.hoymercedes.com.ar\/principal\/wp-json\/wp\/v2\/media\/88219"}],"wp:attachment":[{"href":"https:\/\/www.hoymercedes.com.ar\/principal\/wp-json\/wp\/v2\/media?parent=88217"}],"wp:term":[{"taxonomy":"category","embeddable":true,"href":"https:\/\/www.hoymercedes.com.ar\/principal\/wp-json\/wp\/v2\/categories?post=88217"},{"taxonomy":"post_tag","embeddable":true,"href":"https:\/\/www.hoymercedes.com.ar\/principal\/wp-json\/wp\/v2\/tags?post=88217"}],"curies":[{"name":"wp","href":"https:\/\/api.w.org\/{rel}","templated":true}]}}