{"id":8823,"date":"2011-11-03T02:26:32","date_gmt":"2011-11-03T02:26:32","guid":{"rendered":"http:\/\/www.hoymercedes.com.ar\/principal\/?p=8823"},"modified":"2011-11-03T02:26:32","modified_gmt":"2011-11-03T02:26:32","slug":"aristi-las-nuevas-medidas-economicas-podrian-generar-complicaciones-en-el-campo","status":"publish","type":"post","link":"https:\/\/www.hoymercedes.com.ar\/principal\/2011\/11\/03\/aristi-las-nuevas-medidas-economicas-podrian-generar-complicaciones-en-el-campo\/","title":{"rendered":"Aristi: \u00abLas nuevas medidas econ\u00f3micas podr\u00edan generar complicaciones en el campo\u00bb"},"content":{"rendered":"<p>El Dr, Carlos Aristi, presidente de la Sociedad Rural de nuestro Partido, con licencia hasta finalizar su mandato como concejal, se refiri\u00f3 a los problemas que se pueden generar con el confuso manejo que el gobierno hace con el d\u00f3lar<\/p>\n<p>El Dr. Carlos Aristi, conocido representante de los productores agropecuarios de nuestro partido, se refiri\u00f3 a lo que significar\u00e1 un nuevo periodo de gobierno de la actual presidente Cristina Fern\u00e1ndez y la lucha que por diferentes reclamos aun sigue en pie en la gente de campo.<\/p>\n<p>Aristi precis\u00f3 \u201ccreo que a mucha gente de campo la ha impresionado m\u00e1s all\u00e1 que estoy convencido que tuvo que haber un significativo n\u00famero de productores rurales que finalmente la vot\u00f3 porque si bien ese poco menos del cincuenta por ciento que no lo hizo se diluye entre la diversidad departidos pol\u00edticos con lo cual se hace muy dif\u00edcil determinar el origen de esos votos queda en claro que un sector del campo si se volc\u00f3 a favor de ella votando con el bolsillo porque uno que ha estado tan involucrado en este proceso y que tiene una visi\u00f3n diferente del pa\u00eds al que ostentan la presidente y el gobierno actual sabe bien que sacando el bolsillo es impensable llegar a votarla m\u00e1s all\u00e1 que el ternero que vendo a mi me resulta buen negocio o que producir soja me viene muy bien, al menos hasta ahora uno cuando vota debe hacerlo pensando de manera pol\u00edtica y a mi lo que no me convence de este gobierno son determinadas actitudes que ha tenido y que sigue teniendo al discriminar al sector agropecuario haciendo notar que si se est\u00e1 con el gobierno va a estar bien y si no lo est\u00e1 seguramente las cosas le van a ir mal y al mismo tiempo vemos que todav\u00eda Jaime anda libre por la calle, que hay hijos y entenados que se benefician, sindicalistas que cuentan con privilegios especiales y otros a quienes los atacan con mucha dureza y muchos al votar no pensaron en ello, lo hicieron como lo dije con el bolsillo.<\/p>\n<p>Ahora veo que hay una serie de medidas econ\u00f3micas que tal vez puedan llegar a complicar m\u00e1s a la gente de campo debido a que no nos podemos olvidar que la mayor\u00eda de nuestros productos los tenemos que comprar a valor d\u00f3lar entonces todas estas idas y vueltas con el d\u00f3lar hace que resulte muy dif\u00edcil para cualquiera de los actores de la econom\u00eda en general del pa\u00eds hacerse de d\u00f3lares para concretar negocios de exportaci\u00f3n e importaci\u00f3n y entre dichos sectores desde ya que se encuentra el campo.<\/p>\n<p>Comercialmente, por ejemplo en lo que es la faz inmobiliaria, todo se habla y termina pactando en d\u00f3lares, no es para nada raro ver operaciones de compra-venta y tambi\u00e9n de alquiles que en los contratos figuen los valores en dicha moneda, es algo que est\u00e1 perfectamente autorizado.<\/p>\n<p>Por otra parte vemos que no tenemos un Ministro de Econom\u00eda con ideas concretas y que adem\u00e1s hay varios que deciden en materia econ\u00f3mica tomando medidas, por ejemplo el propio Boudou, Marc\u00f3, De Vido, Moreno, la misma presidente y lo \u00fanico que hacen es complicar todo porque nuestro pa\u00eds tiene una larga experiencia en el tema d\u00f3lar, cuando la gente comienza a ver cosas algo raras autom\u00e1ticamente el precio del mismo aumenta y espero realmente ser quien tenga que reconocer que me equivoqu\u00e9 al decir lo que hoy estoy pensando m\u00e1s all\u00e1 que la se\u00f1ora Cristina Fern\u00e1ndez pueda tener la gobernabilidad asegurada de acuerdo a los resultados electorales que se registraron el 23 de octubre, lo que espero que comience de una vez por todas gobernar para el cien por ciento delos argentino y que ajuste solo lo que se debe ajustar porque trabajar como hasta ahora con un carnaval de subsidio no es bueno a pesar que la soja mantiene el precio necesario para obtener la planta que se utiliza en dichos subsidios pero hay que pensar que la misma puede bajar de golpe y entonces que hacemos, y algunas otras cosas que pienso en que sui la se\u00f1ora presidente no las arregla pronto podr\u00edamos llegar a tener un pasaje notan calmo porque no debemos olvidar que el mundo en general se encuentra bastante complicado\u201d<\/p>\n","protected":false},"excerpt":{"rendered":"<p>El Dr, Carlos Aristi, presidente de la Sociedad Rural de nuestro Partido, con licencia hasta finalizar su mandato como concejal, &#8230; <a title=\"Aristi: \u00abLas nuevas medidas econ\u00f3micas podr\u00edan generar complicaciones en el campo\u00bb\" class=\"read-more\" href=\"https:\/\/www.hoymercedes.com.ar\/principal\/2011\/11\/03\/aristi-las-nuevas-medidas-economicas-podrian-generar-complicaciones-en-el-campo\/\" aria-label=\"Leer m\u00e1s sobre Aristi: \u00abLas nuevas medidas econ\u00f3micas podr\u00edan generar complicaciones en el campo\u00bb\">Leer m\u00e1s<\/a><\/p>\n","protected":false},"author":1,"featured_media":0,"comment_status":"open","ping_status":"open","sticky":false,"template":"","format":"standard","meta":{"_monsterinsights_skip_tracking":false,"_monsterinsights_sitenote_active":false,"_monsterinsights_sitenote_note":"","_monsterinsights_sitenote_category":0,"jetpack_post_was_ever_published":false,"_jetpack_newsletter_access":"","_jetpack_dont_email_post_to_subs":false,"_jetpack_newsletter_tier_id":0,"_jetpack_memberships_contains_paywalled_content":false,"_jetpack_memberships_contains_paid_content":false,"footnotes":"","jetpack_publicize_message":"","jetpack_publicize_feature_enabled":true,"jetpack_social_post_already_shared":false,"jetpack_social_options":{"image_generator_settings":{"template":"highway","default_image_id":0,"font":"","enabled":false},"version":2},"_wpas_customize_per_network":false},"categories":[8],"tags":[1228,1543],"class_list":["post-8823","post","type-post","status-publish","format-standard","hentry","category-sociedad","tag-aristi","tag-sociedad-rural-mercedes","generate-columns","tablet-grid-50","mobile-grid-100","grid-parent","grid-50"],"jetpack_publicize_connections":[],"jetpack_featured_media_url":"","wps_subtitle":"","jetpack_sharing_enabled":true,"_links":{"self":[{"href":"https:\/\/www.hoymercedes.com.ar\/principal\/wp-json\/wp\/v2\/posts\/8823","targetHints":{"allow":["GET"]}}],"collection":[{"href":"https:\/\/www.hoymercedes.com.ar\/principal\/wp-json\/wp\/v2\/posts"}],"about":[{"href":"https:\/\/www.hoymercedes.com.ar\/principal\/wp-json\/wp\/v2\/types\/post"}],"author":[{"embeddable":true,"href":"https:\/\/www.hoymercedes.com.ar\/principal\/wp-json\/wp\/v2\/users\/1"}],"replies":[{"embeddable":true,"href":"https:\/\/www.hoymercedes.com.ar\/principal\/wp-json\/wp\/v2\/comments?post=8823"}],"version-history":[{"count":0,"href":"https:\/\/www.hoymercedes.com.ar\/principal\/wp-json\/wp\/v2\/posts\/8823\/revisions"}],"wp:attachment":[{"href":"https:\/\/www.hoymercedes.com.ar\/principal\/wp-json\/wp\/v2\/media?parent=8823"}],"wp:term":[{"taxonomy":"category","embeddable":true,"href":"https:\/\/www.hoymercedes.com.ar\/principal\/wp-json\/wp\/v2\/categories?post=8823"},{"taxonomy":"post_tag","embeddable":true,"href":"https:\/\/www.hoymercedes.com.ar\/principal\/wp-json\/wp\/v2\/tags?post=8823"}],"curies":[{"name":"wp","href":"https:\/\/api.w.org\/{rel}","templated":true}]}}