{"id":88251,"date":"2019-02-16T17:09:25","date_gmt":"2019-02-16T20:09:25","guid":{"rendered":"http:\/\/www.hoymercedes.com.ar\/principal\/?p=88251"},"modified":"2019-02-16T17:12:27","modified_gmt":"2019-02-16T20:12:27","slug":"sabado-y-domingo-food-trucks-y-musica-en-el-parque","status":"publish","type":"post","link":"https:\/\/www.hoymercedes.com.ar\/principal\/2019\/02\/16\/sabado-y-domingo-food-trucks-y-musica-en-el-parque\/","title":{"rendered":"S\u00e1bado y domingo food trucks y m\u00fasica en el Parque"},"content":{"rendered":"\n<p>Ser\u00e1 durante el fin de semana en el Parque Municipal Independencia. Habr\u00e1 una importante cantidad de trucks gastron\u00f3micos, microcerver\u00edas, artesanos, cantina y una interesante grilla de artista. El cierre estar\u00e1 a cargo de Marcelo Moura, interpretando canciones de Virus. Entrada $50, menores de 12 y jubilados gratis.<\/p>\n\n\n\n<figure class=\"wp-block-image\"><img loading=\"lazy\" decoding=\"async\" width=\"750\" height=\"500\" data-attachment-id=\"88252\" data-permalink=\"https:\/\/www.hoymercedes.com.ar\/principal\/2019\/02\/16\/sabado-y-domingo-food-trucks-y-musica-en-el-parque\/16-foo-trukc\/#main\" data-orig-file=\"https:\/\/www.hoymercedes.com.ar\/principal\/wp-content\/uploads\/2019\/02\/16-foo-trukc.jpg\" data-orig-size=\"750,500\" data-comments-opened=\"0\" data-image-meta=\"{&quot;aperture&quot;:&quot;0&quot;,&quot;credit&quot;:&quot;&quot;,&quot;camera&quot;:&quot;&quot;,&quot;caption&quot;:&quot;&quot;,&quot;created_timestamp&quot;:&quot;0&quot;,&quot;copyright&quot;:&quot;&quot;,&quot;focal_length&quot;:&quot;0&quot;,&quot;iso&quot;:&quot;0&quot;,&quot;shutter_speed&quot;:&quot;0&quot;,&quot;title&quot;:&quot;&quot;,&quot;orientation&quot;:&quot;0&quot;}\" data-image-title=\"16 foo trukc\" data-image-description=\"\" data-image-caption=\"\" data-large-file=\"https:\/\/www.hoymercedes.com.ar\/principal\/wp-content\/uploads\/2019\/02\/16-foo-trukc.jpg\" src=\"https:\/\/www.hoymercedes.com.ar\/principal\/wp-content\/uploads\/2019\/02\/16-foo-trukc.jpg\" alt=\"\" class=\"wp-image-88252\" srcset=\"https:\/\/www.hoymercedes.com.ar\/principal\/wp-content\/uploads\/2019\/02\/16-foo-trukc.jpg 750w, https:\/\/www.hoymercedes.com.ar\/principal\/wp-content\/uploads\/2019\/02\/16-foo-trukc-150x100.jpg 150w, https:\/\/www.hoymercedes.com.ar\/principal\/wp-content\/uploads\/2019\/02\/16-foo-trukc-630x420.jpg 630w, https:\/\/www.hoymercedes.com.ar\/principal\/wp-content\/uploads\/2019\/02\/16-foo-trukc-720x480.jpg 720w, https:\/\/www.hoymercedes.com.ar\/principal\/wp-content\/uploads\/2019\/02\/16-foo-trukc-360x240.jpg 360w\" sizes=\"auto, (max-width: 750px) 100vw, 750px\" \/><\/figure>\n\n\n\n<p>El Festival comenzar\u00e1 el s\u00e1bado desde la hora 18, y el domingo desde el mediod\u00eda con una interesante grilla de artistas. Ser\u00e1n 14 carros, cinco microcervecer\u00edas, alrededor de diez artesanos, una cantina a cargo de un club vestir\u00e1n este evento de m\u00fasica y sabores; con el soporte gastron\u00f3mico de los food trucks.<\/p>\n\n\n\n<p><strong>Grilla<\/strong><\/p>\n\n\n\n<p>S\u00e1bado 16: <br>Ale Ottolini Dj m\u00fasica \u201980 y \u201890 <br>M\u00fasica de Brasil: Mar\u00eda Luna, Eduardo Cirillo y Nano Esp\u00edndola<br>La Llave de Mandala <br>Azul Francia \u2013 Tributo a Soda Stereo <br>Salamines <br>La Torre de Babel (Chiche Scorzo)<\/p>\n\n\n\n<p>Domingo 17 <br>Ale Ottolini Dj m\u00fasica \u201980 y \u201890 <br>Revolver <br>Tanna Ramponi Country Band <br>Marcelo Moura (Interpretando canciones de Virus) <br>Show el\u00e9ctrico ac\u00fastico <br>La Torre de Babel (Chiche Scorzo)<\/p>\n\n\n\n<p><\/p>\n","protected":false},"excerpt":{"rendered":"<p>Ser\u00e1 durante el fin de semana en el Parque Municipal Independencia. Habr\u00e1 una importante cantidad de trucks gastron\u00f3micos, microcerver\u00edas, artesanos, &#8230; <a title=\"S\u00e1bado y domingo food trucks y m\u00fasica en el Parque\" class=\"read-more\" href=\"https:\/\/www.hoymercedes.com.ar\/principal\/2019\/02\/16\/sabado-y-domingo-food-trucks-y-musica-en-el-parque\/\" aria-label=\"Leer m\u00e1s sobre S\u00e1bado y domingo food trucks y m\u00fasica en el Parque\">Leer m\u00e1s<\/a><\/p>\n","protected":false},"author":1,"featured_media":88252,"comment_status":"closed","ping_status":"open","sticky":false,"template":"","format":"standard","meta":{"_monsterinsights_skip_tracking":false,"_monsterinsights_sitenote_active":false,"_monsterinsights_sitenote_note":"","_monsterinsights_sitenote_category":0,"jetpack_post_was_ever_published":false,"_jetpack_newsletter_access":"","_jetpack_dont_email_post_to_subs":false,"_jetpack_newsletter_tier_id":0,"_jetpack_memberships_contains_paywalled_content":false,"_jetpack_memberships_contains_paid_content":false,"footnotes":"","jetpack_publicize_message":"","jetpack_publicize_feature_enabled":true,"jetpack_social_post_already_shared":true,"jetpack_social_options":{"image_generator_settings":{"template":"highway","default_image_id":0,"font":"","enabled":false},"version":2},"_wpas_customize_per_network":false},"categories":[104],"tags":[13842,14413,244,8539,1428],"class_list":["post-88251","post","type-post","status-publish","format-standard","has-post-thumbnail","hentry","category-cultura","tag-food-truck","tag-gastronomia","tag-municipio-2","tag-musica","tag-turismo","generate-columns","tablet-grid-50","mobile-grid-100","grid-parent","grid-50"],"jetpack_publicize_connections":[],"jetpack_featured_media_url":"https:\/\/www.hoymercedes.com.ar\/principal\/wp-content\/uploads\/2019\/02\/16-foo-trukc.jpg","wps_subtitle":"Fin de semana","jetpack_sharing_enabled":true,"_links":{"self":[{"href":"https:\/\/www.hoymercedes.com.ar\/principal\/wp-json\/wp\/v2\/posts\/88251","targetHints":{"allow":["GET"]}}],"collection":[{"href":"https:\/\/www.hoymercedes.com.ar\/principal\/wp-json\/wp\/v2\/posts"}],"about":[{"href":"https:\/\/www.hoymercedes.com.ar\/principal\/wp-json\/wp\/v2\/types\/post"}],"author":[{"embeddable":true,"href":"https:\/\/www.hoymercedes.com.ar\/principal\/wp-json\/wp\/v2\/users\/1"}],"replies":[{"embeddable":true,"href":"https:\/\/www.hoymercedes.com.ar\/principal\/wp-json\/wp\/v2\/comments?post=88251"}],"version-history":[{"count":0,"href":"https:\/\/www.hoymercedes.com.ar\/principal\/wp-json\/wp\/v2\/posts\/88251\/revisions"}],"wp:featuredmedia":[{"embeddable":true,"href":"https:\/\/www.hoymercedes.com.ar\/principal\/wp-json\/wp\/v2\/media\/88252"}],"wp:attachment":[{"href":"https:\/\/www.hoymercedes.com.ar\/principal\/wp-json\/wp\/v2\/media?parent=88251"}],"wp:term":[{"taxonomy":"category","embeddable":true,"href":"https:\/\/www.hoymercedes.com.ar\/principal\/wp-json\/wp\/v2\/categories?post=88251"},{"taxonomy":"post_tag","embeddable":true,"href":"https:\/\/www.hoymercedes.com.ar\/principal\/wp-json\/wp\/v2\/tags?post=88251"}],"curies":[{"name":"wp","href":"https:\/\/api.w.org\/{rel}","templated":true}]}}