{"id":88266,"date":"2019-02-18T10:32:29","date_gmt":"2019-02-18T13:32:29","guid":{"rendered":"http:\/\/www.hoymercedes.com.ar\/principal\/?p=88266"},"modified":"2019-02-18T18:13:28","modified_gmt":"2019-02-18T21:13:28","slug":"rulo-godar-nacion-wiphala-en-la-cultural-dumer","status":"publish","type":"post","link":"https:\/\/www.hoymercedes.com.ar\/principal\/2019\/02\/18\/rulo-godar-nacion-wiphala-en-la-cultural-dumer\/","title":{"rendered":"Rulo Godar &#038; Naci\u00f3n Wiphala en La Cultural Dumer"},"content":{"rendered":"\n<p>Rulo Godar &amp; Naci\u00f3n Wiphala regresa a los escenarios de Argentina  luego de su gira por Europa. La banda comienza a despedir \u00abDesaparecer\u00bb su primer disco de estudio, con gira Nacional que comienza en La Cultural Dumer (Calle 10 \/ 31 y 33 Mercedes Bs As) el d\u00eda 22 de febrero a la hora 20. El show ser\u00e1 \u00fanico y estar\u00e1 cargado de emociones.\u00a0<\/p>\n\n\n\n<figure class=\"wp-block-image\"><img loading=\"lazy\" decoding=\"async\" width=\"750\" height=\"500\" data-attachment-id=\"88267\" data-permalink=\"https:\/\/www.hoymercedes.com.ar\/principal\/2019\/02\/18\/rulo-godar-nacion-wiphala-en-la-cultural-dumer\/18-rulo-dumer\/#main\" data-orig-file=\"https:\/\/www.hoymercedes.com.ar\/principal\/wp-content\/uploads\/2019\/02\/18-rulo-dumer.png\" data-orig-size=\"750,500\" data-comments-opened=\"0\" data-image-meta=\"{&quot;aperture&quot;:&quot;0&quot;,&quot;credit&quot;:&quot;&quot;,&quot;camera&quot;:&quot;&quot;,&quot;caption&quot;:&quot;&quot;,&quot;created_timestamp&quot;:&quot;0&quot;,&quot;copyright&quot;:&quot;&quot;,&quot;focal_length&quot;:&quot;0&quot;,&quot;iso&quot;:&quot;0&quot;,&quot;shutter_speed&quot;:&quot;0&quot;,&quot;title&quot;:&quot;&quot;,&quot;orientation&quot;:&quot;0&quot;}\" data-image-title=\"18 rulo dumer\" data-image-description=\"\" data-image-caption=\"\" data-large-file=\"https:\/\/www.hoymercedes.com.ar\/principal\/wp-content\/uploads\/2019\/02\/18-rulo-dumer.png\" src=\"https:\/\/www.hoymercedes.com.ar\/principal\/wp-content\/uploads\/2019\/02\/18-rulo-dumer.png\" alt=\"\" class=\"wp-image-88267\" srcset=\"https:\/\/www.hoymercedes.com.ar\/principal\/wp-content\/uploads\/2019\/02\/18-rulo-dumer.png 750w, https:\/\/www.hoymercedes.com.ar\/principal\/wp-content\/uploads\/2019\/02\/18-rulo-dumer-150x100.png 150w, https:\/\/www.hoymercedes.com.ar\/principal\/wp-content\/uploads\/2019\/02\/18-rulo-dumer-630x420.png 630w, https:\/\/www.hoymercedes.com.ar\/principal\/wp-content\/uploads\/2019\/02\/18-rulo-dumer-720x480.png 720w, https:\/\/www.hoymercedes.com.ar\/principal\/wp-content\/uploads\/2019\/02\/18-rulo-dumer-360x240.png 360w\" sizes=\"auto, (max-width: 750px) 100vw, 750px\" \/><\/figure>\n\n\n\n<p>El espect\u00e1culo del d\u00eda viernes, comenzar\u00e1 con la actuaci\u00f3n de Sebastian Cirilo y Marcelo Giorgione, para luego dar paso al cantautor Raul Huarte. Para finalizar, Rulo Godar &amp; Naci\u00f3n Wiphala suben al escenario para dar comienzo a su show producido visualmente por el artista Tano Veron. <\/p>\n\n\n\n<p>Las entradas anticipadas est\u00e1n disponibles en Casa Magadan (Calle 24 \/ 25 y 27) y en la Cultural Dumer. Entradas limitadas.<\/p>\n\n\n\n<p>Rulo Godar y Naci\u00f3n Whipala es un proyecto  musical que propone una nueva lectura e interpretaci\u00f3n de la m\u00fasica latinoamericana y se destaca por su sonido ecl\u00e9ctico, su formaci\u00f3n diversa y la voz visceral de su cantante, Rulo Godar. El trabajo musical fusiona sonidos latinoamericanos, rock y folklore  con elementos electr\u00f3nicos, instrumentos ac\u00fasticos, de cuerda y andinos. <\/p>\n\n\n\n<p>\u201cDesaparecer\u201d (2017) es el primer disco de estudio con esta formaci\u00f3n, producido de manera independiente y autogestionada, masterizado en el estudio de Tweety Gonzalez y distribuido en  Argentina por el sello Ultrapop. La obra es el resultado del viaje que Rulo Godar, creador, compositor y cantante del proyecto, realiz\u00f3 por el continente Latinoamericano durante 2015 y 2016. All\u00ed recopila historias, voces y sonidos ancestrales y folcl\u00f3ricos  logrando una obra art\u00edstica sensata y profunda a la vez. <\/p>\n\n\n\n<p>Durante 2017 y en lo que va de 2018 Rulo Godar  &amp; los Naci\u00f3n Whipala presentaron \u201cDesaparecer\u201d en diferentes ciudades de Argentina y el mundo con una gran repercusi\u00f3n y recepci\u00f3n del p\u00fablico. Entre ellos: Festival Internacional Saltos del Monday e inauguraci\u00f3n del anfiteatro Tape Aviru (Paraguay), compartiendo  escenario con la banda local Tierra Adentro; \u201cFestival d\u00eda de la Pacha Mama\u201d, obteniendo el reconocimiento de la comunidad Boliviana por su labor art\u00edstica; y otros festivales nacionales de Argentina. En Junio y Julio 2018 realizaron gira por Espa\u00f1a tocando  en mas de 10 espacios entre bares, salas y festivales. <\/p>\n","protected":false},"excerpt":{"rendered":"<p>Rulo Godar &amp; Naci\u00f3n Wiphala regresa a los escenarios de Argentina luego de su gira por Europa. La banda comienza &#8230; <a title=\"Rulo Godar &#038; Naci\u00f3n Wiphala en La Cultural Dumer\" class=\"read-more\" href=\"https:\/\/www.hoymercedes.com.ar\/principal\/2019\/02\/18\/rulo-godar-nacion-wiphala-en-la-cultural-dumer\/\" aria-label=\"Leer m\u00e1s sobre Rulo Godar &#038; Naci\u00f3n Wiphala en La Cultural Dumer\">Leer m\u00e1s<\/a><\/p>\n","protected":false},"author":1,"featured_media":88267,"comment_status":"closed","ping_status":"open","sticky":false,"template":"","format":"standard","meta":{"_monsterinsights_skip_tracking":false,"_monsterinsights_sitenote_active":false,"_monsterinsights_sitenote_note":"","_monsterinsights_sitenote_category":0,"jetpack_post_was_ever_published":false,"_jetpack_newsletter_access":"","_jetpack_dont_email_post_to_subs":false,"_jetpack_newsletter_tier_id":0,"_jetpack_memberships_contains_paywalled_content":false,"_jetpack_memberships_contains_paid_content":false,"footnotes":"","jetpack_publicize_message":"","jetpack_publicize_feature_enabled":true,"jetpack_social_post_already_shared":true,"jetpack_social_options":{"image_generator_settings":{"template":"highway","default_image_id":0,"font":"","enabled":false},"version":2},"_wpas_customize_per_network":false},"categories":[104],"tags":[7805,13704,8539],"class_list":["post-88266","post","type-post","status-publish","format-standard","has-post-thumbnail","hentry","category-cultura","tag-cultura","tag-dumer","tag-musica","generate-columns","tablet-grid-50","mobile-grid-100","grid-parent","grid-50"],"jetpack_publicize_connections":[],"jetpack_featured_media_url":"https:\/\/www.hoymercedes.com.ar\/principal\/wp-content\/uploads\/2019\/02\/18-rulo-dumer.png","wps_subtitle":"Este viernes","jetpack_sharing_enabled":true,"_links":{"self":[{"href":"https:\/\/www.hoymercedes.com.ar\/principal\/wp-json\/wp\/v2\/posts\/88266","targetHints":{"allow":["GET"]}}],"collection":[{"href":"https:\/\/www.hoymercedes.com.ar\/principal\/wp-json\/wp\/v2\/posts"}],"about":[{"href":"https:\/\/www.hoymercedes.com.ar\/principal\/wp-json\/wp\/v2\/types\/post"}],"author":[{"embeddable":true,"href":"https:\/\/www.hoymercedes.com.ar\/principal\/wp-json\/wp\/v2\/users\/1"}],"replies":[{"embeddable":true,"href":"https:\/\/www.hoymercedes.com.ar\/principal\/wp-json\/wp\/v2\/comments?post=88266"}],"version-history":[{"count":0,"href":"https:\/\/www.hoymercedes.com.ar\/principal\/wp-json\/wp\/v2\/posts\/88266\/revisions"}],"wp:featuredmedia":[{"embeddable":true,"href":"https:\/\/www.hoymercedes.com.ar\/principal\/wp-json\/wp\/v2\/media\/88267"}],"wp:attachment":[{"href":"https:\/\/www.hoymercedes.com.ar\/principal\/wp-json\/wp\/v2\/media?parent=88266"}],"wp:term":[{"taxonomy":"category","embeddable":true,"href":"https:\/\/www.hoymercedes.com.ar\/principal\/wp-json\/wp\/v2\/categories?post=88266"},{"taxonomy":"post_tag","embeddable":true,"href":"https:\/\/www.hoymercedes.com.ar\/principal\/wp-json\/wp\/v2\/tags?post=88266"}],"curies":[{"name":"wp","href":"https:\/\/api.w.org\/{rel}","templated":true}]}}