{"id":88275,"date":"2019-02-18T18:03:29","date_gmt":"2019-02-18T21:03:29","guid":{"rendered":"http:\/\/www.hoymercedes.com.ar\/principal\/?p=88275"},"modified":"2019-02-18T18:13:19","modified_gmt":"2019-02-18T21:13:19","slug":"cerro-el-festival-food-truck-a-pura-musica-en-vivo","status":"publish","type":"post","link":"https:\/\/www.hoymercedes.com.ar\/principal\/2019\/02\/18\/cerro-el-festival-food-truck-a-pura-musica-en-vivo\/","title":{"rendered":"Cerr\u00f3 el Festival Food Truck a pura m\u00fasica en vivo"},"content":{"rendered":"\n<p>El domingo a la noche cerr\u00f3 el primer festival que uni\u00f3 gastronom\u00eda en food truck y m\u00fasica. Largas colas se presentaban delante de los camiones de comida y bebida, mientras sobre el escenario pasaron bandas en vivo y  m\u00fasica de DJs. El evento lo cerr\u00f3 Marcelo Moura con su banda interpretando cl\u00e1sicos de Virus. <\/p>\n\n\n\n<figure class=\"wp-block-image\"><img loading=\"lazy\" decoding=\"async\" width=\"800\" height=\"533\" data-attachment-id=\"88276\" data-permalink=\"https:\/\/www.hoymercedes.com.ar\/principal\/2019\/02\/18\/cerro-el-festival-food-truck-a-pura-musica-en-vivo\/18-food-moura\/#main\" data-orig-file=\"https:\/\/www.hoymercedes.com.ar\/principal\/wp-content\/uploads\/2019\/02\/18-food-moura.jpg\" data-orig-size=\"800,533\" data-comments-opened=\"0\" data-image-meta=\"{&quot;aperture&quot;:&quot;6.3&quot;,&quot;credit&quot;:&quot;&quot;,&quot;camera&quot;:&quot;Canon EOS 60D&quot;,&quot;caption&quot;:&quot;&quot;,&quot;created_timestamp&quot;:&quot;1550443569&quot;,&quot;copyright&quot;:&quot;&quot;,&quot;focal_length&quot;:&quot;20&quot;,&quot;iso&quot;:&quot;3200&quot;,&quot;shutter_speed&quot;:&quot;0.016666666666667&quot;,&quot;title&quot;:&quot;&quot;,&quot;orientation&quot;:&quot;1&quot;}\" data-image-title=\"18 food moura\" data-image-description=\"\" data-image-caption=\"\" data-large-file=\"https:\/\/www.hoymercedes.com.ar\/principal\/wp-content\/uploads\/2019\/02\/18-food-moura.jpg\" src=\"https:\/\/www.hoymercedes.com.ar\/principal\/wp-content\/uploads\/2019\/02\/18-food-moura.jpg\" alt=\"\" class=\"wp-image-88276\" srcset=\"https:\/\/www.hoymercedes.com.ar\/principal\/wp-content\/uploads\/2019\/02\/18-food-moura.jpg 800w, https:\/\/www.hoymercedes.com.ar\/principal\/wp-content\/uploads\/2019\/02\/18-food-moura-150x100.jpg 150w, https:\/\/www.hoymercedes.com.ar\/principal\/wp-content\/uploads\/2019\/02\/18-food-moura-630x420.jpg 630w, https:\/\/www.hoymercedes.com.ar\/principal\/wp-content\/uploads\/2019\/02\/18-food-moura-720x480.jpg 720w, https:\/\/www.hoymercedes.com.ar\/principal\/wp-content\/uploads\/2019\/02\/18-food-moura-360x240.jpg 360w\" sizes=\"auto, (max-width: 800px) 100vw, 800px\" \/><\/figure>\n\n\n\n<p>Desde el s\u00e1bado a la tarde fue acerc\u00e1ndose el p\u00fablico al sector nuevo del parque.  Catorce carros de comidas y bebidas formaban un semic\u00edrculo con asado, shawarma, pizzas, variedades de quesos, empanadas, por su puesto los carros con las cervezas artesanales de la ciudad.\u00a0 <\/p>\n\n\n\n<p>A un costado del r\u00edo, el escenario permit\u00eda la cercan\u00eda del p\u00fablico con los m\u00fasicos. Los cl\u00e1sicos musicales de los &#8217;80 y &#8217;90 fueron los reyes de las noches. Primero de la mano del DJs Ale Ottolini y luego de La Torre de Babel (Chiche Scorzo) pero tambi\u00e9n bandas en vivo con la m\u00fasica brasilera de Mar\u00eda Luna, Eduardo Cirillo y Nano Esp\u00edndola; La Llave de Mandala, Azul Francia que hizo un tributo a Soda Stereo, y Salamines. <\/p>\n\n\n\n<p>En tanto, el domingo actuaron Revolver, Tanna Ramponi Country Band y Marcelo Moura con su banda que incluy\u00f3 temas de la formaci\u00f3n actual, cl\u00e1sicos de Los Abuelos de la Nada y GIT, y principalmente el repertorio de Virus, banda que Moura integr\u00f3 con sus hermanos en los &#8217;80. Desde \u00abIm\u00e1genes Paganas\u00bb hasta \u00abWadu Wadu\u00bb, pasando por \u00abPronta Entrega\u00bb y \u00abLuna de Miel\u00bb, haciendo que el p\u00fablico \u00abcuarent\u00f3n\u00bb bailase y corease cada tema. <\/p>\n","protected":false},"excerpt":{"rendered":"<p>El domingo a la noche cerr\u00f3 el primer festival que uni\u00f3 gastronom\u00eda en food truck y m\u00fasica. Largas colas se &#8230; <a title=\"Cerr\u00f3 el Festival Food Truck a pura m\u00fasica en vivo\" class=\"read-more\" href=\"https:\/\/www.hoymercedes.com.ar\/principal\/2019\/02\/18\/cerro-el-festival-food-truck-a-pura-musica-en-vivo\/\" aria-label=\"Leer m\u00e1s sobre Cerr\u00f3 el Festival Food Truck a pura m\u00fasica en vivo\">Leer m\u00e1s<\/a><\/p>\n","protected":false},"author":1,"featured_media":88276,"comment_status":"closed","ping_status":"open","sticky":false,"template":"","format":"standard","meta":{"_monsterinsights_skip_tracking":false,"_monsterinsights_sitenote_active":false,"_monsterinsights_sitenote_note":"","_monsterinsights_sitenote_category":0,"jetpack_post_was_ever_published":false,"_jetpack_newsletter_access":"","_jetpack_dont_email_post_to_subs":false,"_jetpack_newsletter_tier_id":0,"_jetpack_memberships_contains_paywalled_content":false,"_jetpack_memberships_contains_paid_content":false,"footnotes":"","jetpack_publicize_message":"","jetpack_publicize_feature_enabled":true,"jetpack_social_post_already_shared":true,"jetpack_social_options":{"image_generator_settings":{"template":"highway","default_image_id":0,"font":"","enabled":false},"version":2},"_wpas_customize_per_network":false},"categories":[30],"tags":[14515,14413,244,8539],"class_list":["post-88275","post","type-post","status-publish","format-standard","has-post-thumbnail","hentry","category-municipio","tag-festival-food-truck","tag-gastronomia","tag-municipio-2","tag-musica","generate-columns","tablet-grid-50","mobile-grid-100","grid-parent","grid-50"],"jetpack_publicize_connections":[],"jetpack_featured_media_url":"https:\/\/www.hoymercedes.com.ar\/principal\/wp-content\/uploads\/2019\/02\/18-food-moura.jpg","wps_subtitle":"Festival en el Parque","jetpack_sharing_enabled":true,"_links":{"self":[{"href":"https:\/\/www.hoymercedes.com.ar\/principal\/wp-json\/wp\/v2\/posts\/88275","targetHints":{"allow":["GET"]}}],"collection":[{"href":"https:\/\/www.hoymercedes.com.ar\/principal\/wp-json\/wp\/v2\/posts"}],"about":[{"href":"https:\/\/www.hoymercedes.com.ar\/principal\/wp-json\/wp\/v2\/types\/post"}],"author":[{"embeddable":true,"href":"https:\/\/www.hoymercedes.com.ar\/principal\/wp-json\/wp\/v2\/users\/1"}],"replies":[{"embeddable":true,"href":"https:\/\/www.hoymercedes.com.ar\/principal\/wp-json\/wp\/v2\/comments?post=88275"}],"version-history":[{"count":0,"href":"https:\/\/www.hoymercedes.com.ar\/principal\/wp-json\/wp\/v2\/posts\/88275\/revisions"}],"wp:featuredmedia":[{"embeddable":true,"href":"https:\/\/www.hoymercedes.com.ar\/principal\/wp-json\/wp\/v2\/media\/88276"}],"wp:attachment":[{"href":"https:\/\/www.hoymercedes.com.ar\/principal\/wp-json\/wp\/v2\/media?parent=88275"}],"wp:term":[{"taxonomy":"category","embeddable":true,"href":"https:\/\/www.hoymercedes.com.ar\/principal\/wp-json\/wp\/v2\/categories?post=88275"},{"taxonomy":"post_tag","embeddable":true,"href":"https:\/\/www.hoymercedes.com.ar\/principal\/wp-json\/wp\/v2\/tags?post=88275"}],"curies":[{"name":"wp","href":"https:\/\/api.w.org\/{rel}","templated":true}]}}