{"id":88280,"date":"2019-02-18T20:55:15","date_gmt":"2019-02-18T23:55:15","guid":{"rendered":"http:\/\/www.hoymercedes.com.ar\/principal\/?p=88280"},"modified":"2019-02-18T20:55:23","modified_gmt":"2019-02-18T23:55:23","slug":"trocha-tuvo-un-gran-primer-tiempo-pero-no-lo-pudo-sostener-y-el-fronton-se-lo-dio-vuelta","status":"publish","type":"post","link":"https:\/\/www.hoymercedes.com.ar\/principal\/2019\/02\/18\/trocha-tuvo-un-gran-primer-tiempo-pero-no-lo-pudo-sostener-y-el-fronton-se-lo-dio-vuelta\/","title":{"rendered":"Trocha tuvo un gran primer tiempo, pero no lo pudo sostener y El Front\u00f3n se lo dio vuelta"},"content":{"rendered":"\n<p>En el \u00abTito Crosetti\u00bb de San Andr\u00e9s de Giles, El Front\u00f3n recibi\u00f3 a Trocha en un duelo clave por la clasificaci\u00f3n, teniendo en cuenta que el que no sumara iba a quedar complicado de cara al futuro, m\u00e1s teniendo en cuenta que a la misma hora jugaban Mercedes y Bragado y cualquiera de los dos se le pod\u00eda escapar.<\/p>\n\n\n\n<figure class=\"wp-block-image\"><img loading=\"lazy\" decoding=\"async\" width=\"701\" height=\"451\" data-attachment-id=\"88282\" data-permalink=\"https:\/\/www.hoymercedes.com.ar\/principal\/2019\/02\/18\/trocha-tuvo-un-gran-primer-tiempo-pero-no-lo-pudo-sostener-y-el-fronton-se-lo-dio-vuelta\/el-fronton-4-trocha-2\/#main\" data-orig-file=\"https:\/\/www.hoymercedes.com.ar\/principal\/wp-content\/uploads\/2019\/02\/El-Front\u00f3n-4-Trocha-2.jpg\" data-orig-size=\"701,451\" data-comments-opened=\"0\" data-image-meta=\"{&quot;aperture&quot;:&quot;0&quot;,&quot;credit&quot;:&quot;&quot;,&quot;camera&quot;:&quot;&quot;,&quot;caption&quot;:&quot;&quot;,&quot;created_timestamp&quot;:&quot;0&quot;,&quot;copyright&quot;:&quot;&quot;,&quot;focal_length&quot;:&quot;0&quot;,&quot;iso&quot;:&quot;0&quot;,&quot;shutter_speed&quot;:&quot;0&quot;,&quot;title&quot;:&quot;&quot;,&quot;orientation&quot;:&quot;0&quot;}\" data-image-title=\"El Front\u00f3n 4 Trocha 2\" data-image-description=\"\" data-image-caption=\"\" data-large-file=\"https:\/\/www.hoymercedes.com.ar\/principal\/wp-content\/uploads\/2019\/02\/El-Front\u00f3n-4-Trocha-2.jpg\" src=\"https:\/\/www.hoymercedes.com.ar\/principal\/wp-content\/uploads\/2019\/02\/El-Front\u00f3n-4-Trocha-2.jpg\" alt=\"\" class=\"wp-image-88282\" srcset=\"https:\/\/www.hoymercedes.com.ar\/principal\/wp-content\/uploads\/2019\/02\/El-Front\u00f3n-4-Trocha-2.jpg 701w, https:\/\/www.hoymercedes.com.ar\/principal\/wp-content\/uploads\/2019\/02\/El-Front\u00f3n-4-Trocha-2-150x97.jpg 150w, https:\/\/www.hoymercedes.com.ar\/principal\/wp-content\/uploads\/2019\/02\/El-Front\u00f3n-4-Trocha-2-630x405.jpg 630w\" sizes=\"auto, (max-width: 701px) 100vw, 701px\" \/><\/figure>\n\n\n\n<p>Ante un buen marco de p\u00fablico, Trocha tuvo un buen primer tiempo y de ello sali\u00f3 la buena ventaja a favor de 2 a 0, cuando un tiro libre a favor de la Carbonilla, ejecutado desde el costado izquierdo, cay\u00f3 cerca del \u00e1rea chica, \u00a0Caputto dud\u00f3 y no sali\u00f3, a\u00a0Di Zeo\u00a0nadie lo marc\u00f3 y solo cabece\u00f3 a tres pasos del arco.<\/p>\n\n\n\n<p>Dos minutos despu\u00e9s, con un cuadro local que sinti\u00f3 el golpe, tras un rebote en la puerta del \u00e1rea, Gianaschi pate\u00f3 al \u00e1ngulo de un Caputto que no pudo evitar el gol y el 2 a 0 se consumaba.<\/p>\n\n\n\n<p>Sabiendo de la importancia del resultado, Stopiello hizo un cambio pasada la media hora de juego. Gussoni entr\u00f3 por Vivas y al inicio del complemento, sali\u00f3 T\u00e1mparo por Zapata. De esta manera, los locales iban por todo, y lo consiguieron. <\/p>\n\n\n\n<p>A los 7 minutos, Grosso dio un rebote tras un cabezazo de Randazzo, la pelota le qued\u00f3 a Rold\u00e1n que puso el descuento. A los 9, Scheffer de palomita puso el empate y a los once, Grosso dio otro rebote tras un tiro libre, Zapata encontr\u00f3 la pelota y remat\u00f3 violento para dar vuelta la historia.<\/p>\n\n\n\n<p>Con el 3 a 2, El Front\u00f3n sali\u00f3 del 3 &#8211; 4 &#8211; 1 &#8211; 2 con el que consigui\u00f3 los goles y volvi\u00f3 al cl\u00e1sico 4 &#8211; 4 &#8211; 2 y a diez del final, Mansilla asisti\u00f3 a Alarc\u00f3n para que el goleador cierre el partido con el 4 a 2. <\/p>\n\n\n\n<p><strong>El Front\u00f3n 4:<\/strong>\u00a0Mat\u00edas Caputto, Nicol\u00e1s Randazzo, Nicol\u00e1s Rold\u00e1n, Franco Vivas, Federico Grosso, Ezequiel T\u00e1mparo, Carlos Schefer, Blas Tallarico, Juli\u00e1n Alarc\u00f3n, Marcelo Gonz\u00e1lez y Gabriel Barrientos.\u00a0<strong>DT:<\/strong>\u00a0Germ\u00e1n Stopiello.\u00a0<strong>Suplentes:<\/strong>\u00a0Mateo Valli, Mateo Casas, Daniel Busca y Ramiro Soria.<\/p>\n\n\n\n<p><strong>Trocha 2:<\/strong>\u00a0Federico Grosso, Iv\u00e1n Portillo, Ignacio Brazuna, Pablo Giacoy, Leandro Dizeo, Facundo Quiroga, Dar\u00edo Ginaschi, Lautaro Torre, Marcos Camargo, Cristopher Torres y Juan Pablo Montuori.\u00a0<strong>DT:<\/strong>\u00a0Juan Ignacio Men\u00e9ndez.\u00a0<strong>Suplentes:<\/strong>\u00a0Pablo Fontana, Sebasti\u00e1n Biaggini, Santiago Yasky y Pablo Gorosito.<br><\/p>\n\n\n\n<p><strong>Goles en el PT:<\/strong>\u00a0A los 19\u2032 Leandro Di Zeo y 21\u2032 Dar\u00edo Gianaschi para Trocha<br><strong>Goles en el ST:<\/strong>\u00a0A los 7\u2019 Nicol\u00e1s Rold\u00e1n, 9\u2032 Carlos Schefer, 11\u2032 Oscar Zapata ya los 36\u2032 Juli\u00e1n Alarc\u00f3n para El Front\u00f3n.<br><strong>Cambios:<\/strong>\u00a0Osca Zapata por Ezequiel T\u00e1mparo, Pedro Gussoni por Franco Vivas y Jos\u00e9 Mansilla por Carlos Schefer en El Front\u00f3n. Santiago Romagnoli por Marcos Camargo, Gustavo Latessa por Pablo Giacoy y Solano Bonamino por Dar\u00edo Gianaschi en Trocha.\u00a0<strong>Arbitro:<\/strong>\u00a0Javier Mihura (SADRA). <\/p>\n","protected":false},"excerpt":{"rendered":"<p>En el \u00abTito Crosetti\u00bb de San Andr\u00e9s de Giles, El Front\u00f3n recibi\u00f3 a Trocha en un duelo clave por la &#8230; <a title=\"Trocha tuvo un gran primer tiempo, pero no lo pudo sostener y El Front\u00f3n se lo dio vuelta\" class=\"read-more\" href=\"https:\/\/www.hoymercedes.com.ar\/principal\/2019\/02\/18\/trocha-tuvo-un-gran-primer-tiempo-pero-no-lo-pudo-sostener-y-el-fronton-se-lo-dio-vuelta\/\" aria-label=\"Leer m\u00e1s sobre Trocha tuvo un gran primer tiempo, pero no lo pudo sostener y El Front\u00f3n se lo dio vuelta\">Leer m\u00e1s<\/a><\/p>\n","protected":false},"author":1,"featured_media":88282,"comment_status":"closed","ping_status":"open","sticky":false,"template":"","format":"standard","meta":{"_monsterinsights_skip_tracking":false,"_monsterinsights_sitenote_active":false,"_monsterinsights_sitenote_note":"","_monsterinsights_sitenote_category":0,"jetpack_post_was_ever_published":false,"_jetpack_newsletter_access":"","_jetpack_dont_email_post_to_subs":false,"_jetpack_newsletter_tier_id":0,"_jetpack_memberships_contains_paywalled_content":false,"_jetpack_memberships_contains_paid_content":false,"footnotes":"","jetpack_publicize_message":"","jetpack_publicize_feature_enabled":true,"jetpack_social_post_already_shared":true,"jetpack_social_options":{"image_generator_settings":{"template":"highway","default_image_id":0,"font":"","enabled":false},"version":2},"_wpas_customize_per_network":false},"categories":[21],"tags":[1812,1003],"class_list":["post-88280","post","type-post","status-publish","format-standard","has-post-thumbnail","hentry","category-deportes","tag-el-fronton","tag-futbol","generate-columns","tablet-grid-50","mobile-grid-100","grid-parent","grid-50"],"jetpack_publicize_connections":[],"jetpack_featured_media_url":"https:\/\/www.hoymercedes.com.ar\/principal\/wp-content\/uploads\/2019\/02\/El-Front\u00f3n-4-Trocha-2.jpg","wps_subtitle":"Regional Amateur","jetpack_sharing_enabled":true,"_links":{"self":[{"href":"https:\/\/www.hoymercedes.com.ar\/principal\/wp-json\/wp\/v2\/posts\/88280","targetHints":{"allow":["GET"]}}],"collection":[{"href":"https:\/\/www.hoymercedes.com.ar\/principal\/wp-json\/wp\/v2\/posts"}],"about":[{"href":"https:\/\/www.hoymercedes.com.ar\/principal\/wp-json\/wp\/v2\/types\/post"}],"author":[{"embeddable":true,"href":"https:\/\/www.hoymercedes.com.ar\/principal\/wp-json\/wp\/v2\/users\/1"}],"replies":[{"embeddable":true,"href":"https:\/\/www.hoymercedes.com.ar\/principal\/wp-json\/wp\/v2\/comments?post=88280"}],"version-history":[{"count":0,"href":"https:\/\/www.hoymercedes.com.ar\/principal\/wp-json\/wp\/v2\/posts\/88280\/revisions"}],"wp:featuredmedia":[{"embeddable":true,"href":"https:\/\/www.hoymercedes.com.ar\/principal\/wp-json\/wp\/v2\/media\/88282"}],"wp:attachment":[{"href":"https:\/\/www.hoymercedes.com.ar\/principal\/wp-json\/wp\/v2\/media?parent=88280"}],"wp:term":[{"taxonomy":"category","embeddable":true,"href":"https:\/\/www.hoymercedes.com.ar\/principal\/wp-json\/wp\/v2\/categories?post=88280"},{"taxonomy":"post_tag","embeddable":true,"href":"https:\/\/www.hoymercedes.com.ar\/principal\/wp-json\/wp\/v2\/tags?post=88280"}],"curies":[{"name":"wp","href":"https:\/\/api.w.org\/{rel}","templated":true}]}}