{"id":88289,"date":"2019-02-18T22:37:09","date_gmt":"2019-02-19T01:37:09","guid":{"rendered":"http:\/\/www.hoymercedes.com.ar\/principal\/?p=88289"},"modified":"2019-02-19T17:38:18","modified_gmt":"2019-02-19T20:38:18","slug":"dos-minutos-de-distraccion-le-costaron-el-triunfo-a-club-mercedes-ante-bragado-club","status":"publish","type":"post","link":"https:\/\/www.hoymercedes.com.ar\/principal\/2019\/02\/18\/dos-minutos-de-distraccion-le-costaron-el-triunfo-a-club-mercedes-ante-bragado-club\/","title":{"rendered":"Dos minutos de distracci\u00f3n le costaron el triunfo a Club Mercedes ante Bragado Club"},"content":{"rendered":"\n<p>En cancha de la Liga Mercedina se enfrentaron Club Mercedes ante Bragado Club en un duelo de cuadros que presentan buen juego y donde el espect\u00e1culo estaba garantizado. El Blanquinegro comenz\u00f3 ganando con un gol de Luis Lawler, pero en los dos primeros minutos del segundo tiempo se lo dieron vuelta y luego de penal, Franco Gatti puso el empate con el que los de Walter D\u00edaz contin\u00faan como l\u00edderes de la Zona 1 de la Regi\u00f3n Pampeana Norte.<\/p>\n\n\n\n<figure class=\"wp-block-image\"><img loading=\"lazy\" decoding=\"async\" width=\"750\" height=\"562\" data-attachment-id=\"88298\" data-permalink=\"https:\/\/www.hoymercedes.com.ar\/principal\/2019\/02\/18\/dos-minutos-de-distraccion-le-costaron-el-triunfo-a-club-mercedes-ante-bragado-club\/20190217_174845\/#main\" data-orig-file=\"https:\/\/www.hoymercedes.com.ar\/principal\/wp-content\/uploads\/2019\/02\/20190217_174845.jpg\" data-orig-size=\"750,562\" data-comments-opened=\"0\" data-image-meta=\"{&quot;aperture&quot;:&quot;1.9&quot;,&quot;credit&quot;:&quot;&quot;,&quot;camera&quot;:&quot;SM-A520F&quot;,&quot;caption&quot;:&quot;&quot;,&quot;created_timestamp&quot;:&quot;1550425725&quot;,&quot;copyright&quot;:&quot;&quot;,&quot;focal_length&quot;:&quot;3.6&quot;,&quot;iso&quot;:&quot;40&quot;,&quot;shutter_speed&quot;:&quot;0.00042194092827004&quot;,&quot;title&quot;:&quot;&quot;,&quot;orientation&quot;:&quot;1&quot;}\" data-image-title=\"20190217_174845\" data-image-description=\"\" data-image-caption=\"\" data-large-file=\"https:\/\/www.hoymercedes.com.ar\/principal\/wp-content\/uploads\/2019\/02\/20190217_174845.jpg\" src=\"https:\/\/www.hoymercedes.com.ar\/principal\/wp-content\/uploads\/2019\/02\/20190217_174845.jpg\" alt=\"\" class=\"wp-image-88298\" srcset=\"https:\/\/www.hoymercedes.com.ar\/principal\/wp-content\/uploads\/2019\/02\/20190217_174845.jpg 750w, https:\/\/www.hoymercedes.com.ar\/principal\/wp-content\/uploads\/2019\/02\/20190217_174845-150x112.jpg 150w, https:\/\/www.hoymercedes.com.ar\/principal\/wp-content\/uploads\/2019\/02\/20190217_174845-630x472.jpg 630w, https:\/\/www.hoymercedes.com.ar\/principal\/wp-content\/uploads\/2019\/02\/20190217_174845-320x240.jpg 320w, https:\/\/www.hoymercedes.com.ar\/principal\/wp-content\/uploads\/2019\/02\/20190217_174845-100x75.jpg 100w\" sizes=\"auto, (max-width: 750px) 100vw, 750px\" \/><\/figure>\n\n\n\n<p>Si bien no inquietaba a Ben\u00edtez, Bragado comenz\u00f3 mejor el partido que el Mercedes y todo esto era producto de que la visita hab\u00eda ganado la mitad de la cancha. Las pol\u00e9micas no tardaron en llegar cuando el juez Matoccio no cobr\u00f3 primero un penal de Rodr\u00edguez a Lousa a favor de Bragado y luego de Abetti a Lawler, minutos despu\u00e9s, para el local.<\/p>\n\n\n\n<p>Fue Leandro Filippini otra vez el que tom\u00f3 las riendas de Mercedes y lo supo llevar contra el arco de Ramos. Cuando iban 38 minutos, un tiro de esquina del ex Sansinena de General Cerri lleg\u00f3 a los pies de Lawler quien con la cara interna de su pie derecho envi\u00f3 la pelota al segundo palo para poner el 1 a 0. Luego, Franco Gatti tuvo la chance de aumentar el marcador, pero qued\u00f3 muy encimado con la pelota y no pudo convertir. La \u00faltima del primer tiempo la tuvo Bragado, cuando un tiro libre de Lousa que iba al \u00e1ngulo fue enviada al corner por Ben\u00edtez.<\/p>\n\n\n\n<p>En el inicio del segundo tiempo Bragado Club sali\u00f3 a presionar y le dio r\u00e9dito, porque al minuto Coronel puso el empate y a los dos otra vez Coronel, con un remate cruzado, puso el 2 a 1. Luego, otra vez Mercedes volvi\u00f3 a predominar en el juego pero cada vez que la visita ten\u00eda la pelota, creaba peligro. <\/p>\n\n\n\n<p>A los 24 minutos, Franco Gatti ingres\u00f3 con pelota dominada al \u00e1rea y Abetti lo baj\u00f3 en el \u00e1rea. Matoccio cobr\u00f3 penal y el propio delantero se encarg\u00f3 de convertirlo. La \u00faltima del partido fue para Mercedes, cuando a los 48 minutos Lawler eludi\u00f3 al arquero pero su remate dio en el palo en lo que pudo haber sido el 3 a 2. <\/p>\n\n\n\n<p>Ninguno de los dos pudo seguir en la senda del triunfo, sin embargo, sabiendo que son rivales directos en la pelea por la clasificaci\u00f3n, se conformaron con un empate que los mantiene expectantes.<\/p>\n\n\n\n<p><strong>Club Mercedes 2:<\/strong>&nbsp;Gast\u00f3n Ben\u00edtez, Juan Gatti, Gast\u00f3n Godoy, Mat\u00edas Pineda, Nicol\u00e1s Contardi, Franco Rodr\u00edguez, Franco Gatti, Joaqu\u00edn Parra, Luis Lawler, Leandro Filipini y Francisco Bomaggio.&nbsp;<strong>DT:<\/strong>&nbsp;Walter D\u00edaz.&nbsp;<strong>Suplentes:<\/strong>&nbsp;Juan Bidone, Lucas Picone, Santiago Selva, Germ\u00e1n Puliti y Mauro Sigona.<\/p>\n\n\n\n<p><strong>Bragado Club 2:<\/strong>&nbsp;Claudio Ramos,&nbsp; Lucas Abetti, N\u00e9stor Peracca, Diego Andersen, Facundo Tessoro, Agust\u00edn Raban, Ra\u00fal Orellano, Ramiro Disario, Manuel Montiel, Gerardo Lousa y albano Coronel.&nbsp;<strong>DT:<\/strong>&nbsp;Guillermo P\u00e9rez.&nbsp;<strong>Suplentes:<\/strong>&nbsp;Yamil Acis, Gerardo Sosa, Ariel Reyes e Ignacio Alvarez.<\/p>\n\n\n\n<p><strong>Gol en el PT:<\/strong>&nbsp;A los 38\u2019\u2019 Luis Lawler para Club Mercedes.<br><strong>Goles en el ST:<\/strong>&nbsp;Al 1 y 2\u2019 Albano Coronel para Bragado Club. A los 24\u2019 Franco Gatti de penal para Club Mercedes.<br><strong>Cambios:<\/strong>&nbsp;Cristian Barrientos por Francisco Bomaggio y Nicol\u00e1s Minetti por Leandro Filipini en Club Mercedes.<br>Juan Cicate por Albano Coronel, Mart\u00edn Precelle por Ra\u00fal Orellano y Dardo Sosa por Gerardo Luosa en Bragado Club.<br><strong>Arbitro:<\/strong>&nbsp;Nicol\u00e1s Mattocio (Chivilcoy).<\/p>\n\n\n\n<p><strong>Pr\u00f3xima fecha<\/strong><br>Trocha vs. Club Mercedes.<br>Bragado Club vs. Sportsman.<br><strong>Libre:&nbsp;<\/strong>El Front\u00f3n.<\/p>\n\n\n\n<div class=\"wp-block-image\"><figure class=\"aligncenter\"><img loading=\"lazy\" decoding=\"async\" width=\"527\" height=\"153\" data-attachment-id=\"88294\" data-permalink=\"https:\/\/www.hoymercedes.com.ar\/principal\/2019\/02\/18\/dos-minutos-de-distraccion-le-costaron-el-triunfo-a-club-mercedes-ante-bragado-club\/merce-trocha-3\/#main\" data-orig-file=\"https:\/\/www.hoymercedes.com.ar\/principal\/wp-content\/uploads\/2019\/02\/MERCE-TROCHA-1.png\" data-orig-size=\"527,153\" data-comments-opened=\"0\" data-image-meta=\"{&quot;aperture&quot;:&quot;0&quot;,&quot;credit&quot;:&quot;&quot;,&quot;camera&quot;:&quot;&quot;,&quot;caption&quot;:&quot;&quot;,&quot;created_timestamp&quot;:&quot;0&quot;,&quot;copyright&quot;:&quot;&quot;,&quot;focal_length&quot;:&quot;0&quot;,&quot;iso&quot;:&quot;0&quot;,&quot;shutter_speed&quot;:&quot;0&quot;,&quot;title&quot;:&quot;&quot;,&quot;orientation&quot;:&quot;0&quot;}\" data-image-title=\"MERCE TROCHA\" data-image-description=\"\" data-image-caption=\"\" data-large-file=\"https:\/\/www.hoymercedes.com.ar\/principal\/wp-content\/uploads\/2019\/02\/MERCE-TROCHA-1.png\" src=\"https:\/\/www.hoymercedes.com.ar\/principal\/wp-content\/uploads\/2019\/02\/MERCE-TROCHA-1.png\" alt=\"\" class=\"wp-image-88294\" srcset=\"https:\/\/www.hoymercedes.com.ar\/principal\/wp-content\/uploads\/2019\/02\/MERCE-TROCHA-1.png 527w, https:\/\/www.hoymercedes.com.ar\/principal\/wp-content\/uploads\/2019\/02\/MERCE-TROCHA-1-150x44.png 150w\" sizes=\"auto, (max-width: 527px) 100vw, 527px\" \/><\/figure><\/div>\n","protected":false},"excerpt":{"rendered":"<p>En cancha de la Liga Mercedina se enfrentaron Club Mercedes ante Bragado Club en un duelo de cuadros que presentan &#8230; <a title=\"Dos minutos de distracci\u00f3n le costaron el triunfo a Club Mercedes ante Bragado Club\" class=\"read-more\" href=\"https:\/\/www.hoymercedes.com.ar\/principal\/2019\/02\/18\/dos-minutos-de-distraccion-le-costaron-el-triunfo-a-club-mercedes-ante-bragado-club\/\" aria-label=\"Leer m\u00e1s sobre Dos minutos de distracci\u00f3n le costaron el triunfo a Club Mercedes ante Bragado Club\">Leer m\u00e1s<\/a><\/p>\n","protected":false},"author":1,"featured_media":88298,"comment_status":"closed","ping_status":"open","sticky":false,"template":"","format":"standard","meta":{"_monsterinsights_skip_tracking":false,"_monsterinsights_sitenote_active":false,"_monsterinsights_sitenote_note":"","_monsterinsights_sitenote_category":0,"jetpack_post_was_ever_published":false,"_jetpack_newsletter_access":"","_jetpack_dont_email_post_to_subs":false,"_jetpack_newsletter_tier_id":0,"_jetpack_memberships_contains_paywalled_content":false,"_jetpack_memberships_contains_paid_content":false,"footnotes":"","jetpack_publicize_message":"","jetpack_publicize_feature_enabled":true,"jetpack_social_post_already_shared":true,"jetpack_social_options":{"image_generator_settings":{"template":"highway","default_image_id":0,"font":"","enabled":false},"version":2},"_wpas_customize_per_network":false},"categories":[21],"tags":[11591,1003],"class_list":["post-88289","post","type-post","status-publish","format-standard","has-post-thumbnail","hentry","category-deportes","tag-bragado-club","tag-futbol","generate-columns","tablet-grid-50","mobile-grid-100","grid-parent","grid-50"],"jetpack_publicize_connections":[],"jetpack_featured_media_url":"https:\/\/www.hoymercedes.com.ar\/principal\/wp-content\/uploads\/2019\/02\/20190217_174845.jpg","wps_subtitle":"Regional Amateur","jetpack_sharing_enabled":true,"_links":{"self":[{"href":"https:\/\/www.hoymercedes.com.ar\/principal\/wp-json\/wp\/v2\/posts\/88289","targetHints":{"allow":["GET"]}}],"collection":[{"href":"https:\/\/www.hoymercedes.com.ar\/principal\/wp-json\/wp\/v2\/posts"}],"about":[{"href":"https:\/\/www.hoymercedes.com.ar\/principal\/wp-json\/wp\/v2\/types\/post"}],"author":[{"embeddable":true,"href":"https:\/\/www.hoymercedes.com.ar\/principal\/wp-json\/wp\/v2\/users\/1"}],"replies":[{"embeddable":true,"href":"https:\/\/www.hoymercedes.com.ar\/principal\/wp-json\/wp\/v2\/comments?post=88289"}],"version-history":[{"count":0,"href":"https:\/\/www.hoymercedes.com.ar\/principal\/wp-json\/wp\/v2\/posts\/88289\/revisions"}],"wp:featuredmedia":[{"embeddable":true,"href":"https:\/\/www.hoymercedes.com.ar\/principal\/wp-json\/wp\/v2\/media\/88298"}],"wp:attachment":[{"href":"https:\/\/www.hoymercedes.com.ar\/principal\/wp-json\/wp\/v2\/media?parent=88289"}],"wp:term":[{"taxonomy":"category","embeddable":true,"href":"https:\/\/www.hoymercedes.com.ar\/principal\/wp-json\/wp\/v2\/categories?post=88289"},{"taxonomy":"post_tag","embeddable":true,"href":"https:\/\/www.hoymercedes.com.ar\/principal\/wp-json\/wp\/v2\/tags?post=88289"}],"curies":[{"name":"wp","href":"https:\/\/api.w.org\/{rel}","templated":true}]}}