{"id":88290,"date":"2019-02-18T23:00:02","date_gmt":"2019-02-19T02:00:02","guid":{"rendered":"http:\/\/www.hoymercedes.com.ar\/principal\/?p=88290"},"modified":"2019-02-19T09:06:38","modified_gmt":"2019-02-19T12:06:38","slug":"entregan-libros-y-manuales-a-docentes-desde-el-programa-mercedes-aprende","status":"publish","type":"post","link":"https:\/\/www.hoymercedes.com.ar\/principal\/2019\/02\/18\/entregan-libros-y-manuales-a-docentes-desde-el-programa-mercedes-aprende\/","title":{"rendered":"Entregan libros y manuales a docentes desde el programa \u00abMercedes Aprende\u00bb"},"content":{"rendered":"\n<figure class=\"wp-block-image\"><img loading=\"lazy\" decoding=\"async\" width=\"981\" height=\"654\" data-attachment-id=\"88291\" data-permalink=\"https:\/\/www.hoymercedes.com.ar\/principal\/2019\/02\/18\/entregan-libros-y-manuales-a-docentes-desde-el-programa-mercedes-aprende\/mercedes-aprende-3\/#main\" data-orig-file=\"https:\/\/www.hoymercedes.com.ar\/principal\/wp-content\/uploads\/2019\/02\/Mercedes-Aprende-3.jpg\" data-orig-size=\"981,654\" data-comments-opened=\"0\" data-image-meta=\"{&quot;aperture&quot;:&quot;0&quot;,&quot;credit&quot;:&quot;&quot;,&quot;camera&quot;:&quot;&quot;,&quot;caption&quot;:&quot;&quot;,&quot;created_timestamp&quot;:&quot;0&quot;,&quot;copyright&quot;:&quot;&quot;,&quot;focal_length&quot;:&quot;0&quot;,&quot;iso&quot;:&quot;0&quot;,&quot;shutter_speed&quot;:&quot;0&quot;,&quot;title&quot;:&quot;&quot;,&quot;orientation&quot;:&quot;0&quot;}\" data-image-title=\"Mercedes-Aprende-3\" data-image-description=\"\" data-image-caption=\"\" data-large-file=\"https:\/\/www.hoymercedes.com.ar\/principal\/wp-content\/uploads\/2019\/02\/Mercedes-Aprende-3.jpg\" src=\"https:\/\/www.hoymercedes.com.ar\/principal\/wp-content\/uploads\/2019\/02\/Mercedes-Aprende-3.jpg\" alt=\"\" class=\"wp-image-88291\" srcset=\"https:\/\/www.hoymercedes.com.ar\/principal\/wp-content\/uploads\/2019\/02\/Mercedes-Aprende-3.jpg 981w, https:\/\/www.hoymercedes.com.ar\/principal\/wp-content\/uploads\/2019\/02\/Mercedes-Aprende-3-150x100.jpg 150w, https:\/\/www.hoymercedes.com.ar\/principal\/wp-content\/uploads\/2019\/02\/Mercedes-Aprende-3-630x420.jpg 630w, https:\/\/www.hoymercedes.com.ar\/principal\/wp-content\/uploads\/2019\/02\/Mercedes-Aprende-3-720x480.jpg 720w, https:\/\/www.hoymercedes.com.ar\/principal\/wp-content\/uploads\/2019\/02\/Mercedes-Aprende-3-360x240.jpg 360w\" sizes=\"auto, (max-width: 981px) 100vw, 981px\" \/><figcaption>Encuentro en el Teatro Argentino<\/figcaption><\/figure>\n\n\n\n<p>El intendente municipal el Dr. Juan Ignacio Ustarroz junto a representantes de diferentes \u00e1reas municipales relacionados con la Educaci\u00f3n y la Ni\u00f1ez entregaron libros y manuales a docentes de Mercedes a trav\u00e9s del Programa \u00abMercedes Aprende\u00bb. El mismo comenz\u00f3 a desandarse en la tarde del viernes en el Centro Cultural Dr. julio c\u00e9sar Gioscio (ex teatro argentino). All\u00ed el jefe comunal Ustarroz expres\u00f3 \u201cquiero agradecer a todos los presentes que est\u00e1n hoy acompa\u00f1\u00e1ndonos en este lanzamiento formal de un programa que para nosotros es uno de los m\u00e1s importantes que la Municipalidad de Mercedes llevar\u00e1 adelante\u201d. <\/p>\n\n\n\n<figure class=\"wp-block-image\"><img loading=\"lazy\" decoding=\"async\" width=\"981\" height=\"654\" data-attachment-id=\"88292\" data-permalink=\"https:\/\/www.hoymercedes.com.ar\/principal\/2019\/02\/18\/entregan-libros-y-manuales-a-docentes-desde-el-programa-mercedes-aprende\/mercedes-aprende-4\/#main\" data-orig-file=\"https:\/\/www.hoymercedes.com.ar\/principal\/wp-content\/uploads\/2019\/02\/Mercedes-Aprende-4.jpg\" data-orig-size=\"981,654\" data-comments-opened=\"0\" data-image-meta=\"{&quot;aperture&quot;:&quot;0&quot;,&quot;credit&quot;:&quot;&quot;,&quot;camera&quot;:&quot;&quot;,&quot;caption&quot;:&quot;&quot;,&quot;created_timestamp&quot;:&quot;0&quot;,&quot;copyright&quot;:&quot;&quot;,&quot;focal_length&quot;:&quot;0&quot;,&quot;iso&quot;:&quot;0&quot;,&quot;shutter_speed&quot;:&quot;0&quot;,&quot;title&quot;:&quot;&quot;,&quot;orientation&quot;:&quot;0&quot;}\" data-image-title=\"Mercedes-Aprende-4\" data-image-description=\"\" data-image-caption=\"\" data-large-file=\"https:\/\/www.hoymercedes.com.ar\/principal\/wp-content\/uploads\/2019\/02\/Mercedes-Aprende-4.jpg\" src=\"https:\/\/www.hoymercedes.com.ar\/principal\/wp-content\/uploads\/2019\/02\/Mercedes-Aprende-4.jpg\" alt=\"\" class=\"wp-image-88292\" srcset=\"https:\/\/www.hoymercedes.com.ar\/principal\/wp-content\/uploads\/2019\/02\/Mercedes-Aprende-4.jpg 981w, https:\/\/www.hoymercedes.com.ar\/principal\/wp-content\/uploads\/2019\/02\/Mercedes-Aprende-4-150x100.jpg 150w, https:\/\/www.hoymercedes.com.ar\/principal\/wp-content\/uploads\/2019\/02\/Mercedes-Aprende-4-630x420.jpg 630w, https:\/\/www.hoymercedes.com.ar\/principal\/wp-content\/uploads\/2019\/02\/Mercedes-Aprende-4-720x480.jpg 720w, https:\/\/www.hoymercedes.com.ar\/principal\/wp-content\/uploads\/2019\/02\/Mercedes-Aprende-4-360x240.jpg 360w\" sizes=\"auto, (max-width: 981px) 100vw, 981px\" \/><figcaption>Entrega de materiales a los docentes  <\/figcaption><\/figure>\n\n\n\n<p> Andrea Pereyra Palacios, directora de la EP N\u00b037, sostuvo que \u201cel sistema educativo bonaerense hoy est\u00e1 carente de recursos y esta es una posibilidad que brinda materiales important\u00edsimos para que cada ni\u00f1o cuente con las herramientas necesarias para llevar a delante los diferentes ciclos lectivos, d\u00e1ndoles la oportunidad que necesitan y merecen\u201d y&nbsp; subrayaron \u201ceste es un momento significativo para la educaci\u00f3n en la ciudad de Mercedes, por ello queremos agradecer a todos los que trabajaron en este proyecto, y en especial al Dr. Ustarroz que siempre recorre, est\u00e1 al tanto de todos los pormenores que se suscitan en los diferentes establecimientos educativos y aporta -en la medida de lo posible- soluciones concretas\u201d coment\u00f3 acompa\u00f1ada de Anabella Gandolfi, docente de 3 a\u00f1o y Patricia Lambiasse, docente de 1 y 2 a\u00f1o quienes  adem\u00e1s remarcaron la importancia de que todos los nenes y nenas cuenten con materiales educativos.  <\/p>\n\n\n\n<figure class=\"wp-block-image\"><img loading=\"lazy\" decoding=\"async\" width=\"1024\" height=\"486\" data-attachment-id=\"88293\" data-permalink=\"https:\/\/www.hoymercedes.com.ar\/principal\/2019\/02\/18\/entregan-libros-y-manuales-a-docentes-desde-el-programa-mercedes-aprende\/mercedes-aprende-1\/#main\" data-orig-file=\"https:\/\/www.hoymercedes.com.ar\/principal\/wp-content\/uploads\/2019\/02\/Mercedes-Aprende-1.jpg\" data-orig-size=\"1366,648\" data-comments-opened=\"0\" data-image-meta=\"{&quot;aperture&quot;:&quot;0&quot;,&quot;credit&quot;:&quot;&quot;,&quot;camera&quot;:&quot;&quot;,&quot;caption&quot;:&quot;&quot;,&quot;created_timestamp&quot;:&quot;0&quot;,&quot;copyright&quot;:&quot;&quot;,&quot;focal_length&quot;:&quot;0&quot;,&quot;iso&quot;:&quot;0&quot;,&quot;shutter_speed&quot;:&quot;0&quot;,&quot;title&quot;:&quot;&quot;,&quot;orientation&quot;:&quot;0&quot;}\" data-image-title=\"Mercedes-Aprende-1\" data-image-description=\"\" data-image-caption=\"\" data-large-file=\"https:\/\/www.hoymercedes.com.ar\/principal\/wp-content\/uploads\/2019\/02\/Mercedes-Aprende-1-1024x486.jpg\" src=\"https:\/\/www.hoymercedes.com.ar\/principal\/wp-content\/uploads\/2019\/02\/Mercedes-Aprende-1-1024x486.jpg\" alt=\"\" class=\"wp-image-88293\" srcset=\"https:\/\/www.hoymercedes.com.ar\/principal\/wp-content\/uploads\/2019\/02\/Mercedes-Aprende-1-1024x486.jpg 1024w, https:\/\/www.hoymercedes.com.ar\/principal\/wp-content\/uploads\/2019\/02\/Mercedes-Aprende-1-150x71.jpg 150w, https:\/\/www.hoymercedes.com.ar\/principal\/wp-content\/uploads\/2019\/02\/Mercedes-Aprende-1-630x299.jpg 630w, https:\/\/www.hoymercedes.com.ar\/principal\/wp-content\/uploads\/2019\/02\/Mercedes-Aprende-1.jpg 1366w\" sizes=\"auto, (max-width: 1024px) 100vw, 1024px\" \/><\/figure>\n\n\n\n<p>Con respecto a\nlos libros se van a entregar 2500 libros a los jardines, al primer ciclo\nescolar (1\u00b0, 2\u00b0 y 3\u00b0) elegidos previamente mediante un trabajo con los\ndirectivos e inspectores durante el transcurso del a\u00f1o 2018. En una primera\ninstancia se le envi\u00f3 un comunicado del proyecto que se iba a realizar en la\nciudad a la C\u00e1mara Argentina del Libro, de esa manera, todas las editoriales de\ntodo el pa\u00eds nos enviaron sus ejemplares y a partir de all\u00ed se gener\u00f3 esta\nselecci\u00f3n\u201d indic\u00f3 Comalini.&nbsp; <\/p>\n\n\n\n<p>En el programa\n\u201cMercedes Aprende\u201d el municipio ha invertido m\u00e1s de 5 millones de pesos, lo que\nimplica casi 10 mil libros, miles de delantales y \u00fatiles, distribuidos en 2500\nkits para jardines, 2.500 para secundaria y 5.000 para escuelas primarias,\ndemostrando una vez m\u00e1s que la educaci\u00f3n para la actual gesti\u00f3n es una\nprioridad. &nbsp;<\/p>\n\n\n\n<p>\u201cEntregar libros de manera universal representa un claro compromiso y una clara inversi\u00f3n por la educaci\u00f3n, m\u00e1s teniendo en cuenta lo dif\u00edcil que result\u00f3 el a\u00f1o 2018\u201d sostuvo Ustarroz y se\u00f1al\u00f3 \u201cpor ese motivo decidimos realizar un esfuerzo mayor para poder llegar a todos los hogares donde haya ni\u00f1os y ni\u00f1as en la escuela p\u00fablica\u201d. Es importante enfatizar que el municipio entregaba ayudas escolares a vecinos, pero esta es la primera vez que se tratar\u00e1 de llegar a la mayor cantidad de hogares de la ciudad.&nbsp;  <\/p>\n","protected":false},"excerpt":{"rendered":"<p>El intendente municipal el Dr. Juan Ignacio Ustarroz junto a representantes de diferentes \u00e1reas municipales relacionados con la Educaci\u00f3n y &#8230; <a title=\"Entregan libros y manuales a docentes desde el programa \u00abMercedes Aprende\u00bb\" class=\"read-more\" href=\"https:\/\/www.hoymercedes.com.ar\/principal\/2019\/02\/18\/entregan-libros-y-manuales-a-docentes-desde-el-programa-mercedes-aprende\/\" aria-label=\"Leer m\u00e1s sobre Entregan libros y manuales a docentes desde el programa \u00abMercedes Aprende\u00bb\">Leer m\u00e1s<\/a><\/p>\n","protected":false},"author":1,"featured_media":88293,"comment_status":"closed","ping_status":"open","sticky":false,"template":"","format":"standard","meta":{"_monsterinsights_skip_tracking":false,"_monsterinsights_sitenote_active":false,"_monsterinsights_sitenote_note":"","_monsterinsights_sitenote_category":0,"jetpack_post_was_ever_published":false,"_jetpack_newsletter_access":"","_jetpack_dont_email_post_to_subs":false,"_jetpack_newsletter_tier_id":0,"_jetpack_memberships_contains_paywalled_content":false,"_jetpack_memberships_contains_paid_content":false,"footnotes":"","jetpack_publicize_message":"","jetpack_publicize_feature_enabled":true,"jetpack_social_post_already_shared":true,"jetpack_social_options":{"image_generator_settings":{"template":"highway","default_image_id":0,"font":"","enabled":false},"version":2},"_wpas_customize_per_network":false},"categories":[30],"tags":[47,14518,244],"class_list":["post-88290","post","type-post","status-publish","format-standard","has-post-thumbnail","hentry","category-municipio","tag-educacion-2","tag-libros-y-guardapolvos","tag-municipio-2","generate-columns","tablet-grid-50","mobile-grid-100","grid-parent","grid-50"],"jetpack_publicize_connections":[],"jetpack_featured_media_url":"https:\/\/www.hoymercedes.com.ar\/principal\/wp-content\/uploads\/2019\/02\/Mercedes-Aprende-1.jpg","wps_subtitle":"Cronograma de entrega","jetpack_sharing_enabled":true,"_links":{"self":[{"href":"https:\/\/www.hoymercedes.com.ar\/principal\/wp-json\/wp\/v2\/posts\/88290","targetHints":{"allow":["GET"]}}],"collection":[{"href":"https:\/\/www.hoymercedes.com.ar\/principal\/wp-json\/wp\/v2\/posts"}],"about":[{"href":"https:\/\/www.hoymercedes.com.ar\/principal\/wp-json\/wp\/v2\/types\/post"}],"author":[{"embeddable":true,"href":"https:\/\/www.hoymercedes.com.ar\/principal\/wp-json\/wp\/v2\/users\/1"}],"replies":[{"embeddable":true,"href":"https:\/\/www.hoymercedes.com.ar\/principal\/wp-json\/wp\/v2\/comments?post=88290"}],"version-history":[{"count":0,"href":"https:\/\/www.hoymercedes.com.ar\/principal\/wp-json\/wp\/v2\/posts\/88290\/revisions"}],"wp:featuredmedia":[{"embeddable":true,"href":"https:\/\/www.hoymercedes.com.ar\/principal\/wp-json\/wp\/v2\/media\/88293"}],"wp:attachment":[{"href":"https:\/\/www.hoymercedes.com.ar\/principal\/wp-json\/wp\/v2\/media?parent=88290"}],"wp:term":[{"taxonomy":"category","embeddable":true,"href":"https:\/\/www.hoymercedes.com.ar\/principal\/wp-json\/wp\/v2\/categories?post=88290"},{"taxonomy":"post_tag","embeddable":true,"href":"https:\/\/www.hoymercedes.com.ar\/principal\/wp-json\/wp\/v2\/tags?post=88290"}],"curies":[{"name":"wp","href":"https:\/\/api.w.org\/{rel}","templated":true}]}}