{"id":8830,"date":"2011-11-03T02:40:23","date_gmt":"2011-11-03T02:40:23","guid":{"rendered":"http:\/\/www.hoymercedes.com.ar\/principal\/?p=8830"},"modified":"2011-11-03T02:40:23","modified_gmt":"2011-11-03T02:40:23","slug":"dia-trabajador-municipal-confirman-que-el-feriado-sera-el-dia-martes","status":"publish","type":"post","link":"https:\/\/www.hoymercedes.com.ar\/principal\/2011\/11\/03\/dia-trabajador-municipal-confirman-que-el-feriado-sera-el-dia-martes\/","title":{"rendered":"D\u00eda trabajador municipal: Confirman que el feriado ser\u00e1 el d\u00eda martes"},"content":{"rendered":"<p>Desde el \u00e1rea de Recursos Humanos de la Municipalidad de Mercedes se\u00f1alaron que ser\u00e1 en la fecha que establece el calendario como no laborable con motivo de celebrarse el D\u00eda del Empleado Municipal (8 DE NOVIEMBRE). Al mismo tiempo comentaron que todos los agentes recibir\u00e1n una suma de dinero, seg\u00fan lo establecido por Ley.<\/p>\n<p>\u201cEs una fecha importante para todas las personas que llevamos adelante diferentes tareas dentro de la Municipalidad\u201d reflexion\u00f3 el Intendente, Carlos Selva y agreg\u00f3 que \u201cen los pr\u00f3ximos d\u00edas llevaremos adelante la correspondiente entrega de medallas y diplomas a los empleados con 25 a\u00f1os de servicio\u201d.<\/p>\n<p><span style=\"color: #888888;\">Fuente: MM<\/span><\/p>\n","protected":false},"excerpt":{"rendered":"<p>Desde el \u00e1rea de Recursos Humanos de la Municipalidad de Mercedes se\u00f1alaron que ser\u00e1 en la fecha que establece el &#8230; <a title=\"D\u00eda trabajador municipal: Confirman que el feriado ser\u00e1 el d\u00eda martes\" class=\"read-more\" href=\"https:\/\/www.hoymercedes.com.ar\/principal\/2011\/11\/03\/dia-trabajador-municipal-confirman-que-el-feriado-sera-el-dia-martes\/\" aria-label=\"Leer m\u00e1s sobre D\u00eda trabajador municipal: Confirman que el feriado ser\u00e1 el d\u00eda martes\">Leer m\u00e1s<\/a><\/p>\n","protected":false},"author":1,"featured_media":0,"comment_status":"open","ping_status":"open","sticky":false,"template":"","format":"standard","meta":{"_monsterinsights_skip_tracking":false,"_monsterinsights_sitenote_active":false,"_monsterinsights_sitenote_note":"","_monsterinsights_sitenote_category":0,"jetpack_post_was_ever_published":false,"_jetpack_newsletter_access":"","_jetpack_dont_email_post_to_subs":false,"_jetpack_newsletter_tier_id":0,"_jetpack_memberships_contains_paywalled_content":false,"_jetpack_memberships_contains_paid_content":false,"footnotes":"","jetpack_publicize_message":"","jetpack_publicize_feature_enabled":true,"jetpack_social_post_already_shared":false,"jetpack_social_options":{"image_generator_settings":{"template":"highway","default_image_id":0,"font":"","enabled":false},"version":2},"_wpas_customize_per_network":false},"categories":[8],"tags":[1542],"class_list":["post-8830","post","type-post","status-publish","format-standard","hentry","category-sociedad","tag-dia-trabajador-municipal","generate-columns","tablet-grid-50","mobile-grid-100","grid-parent","grid-50"],"jetpack_publicize_connections":[],"jetpack_featured_media_url":"","wps_subtitle":"","jetpack_sharing_enabled":true,"_links":{"self":[{"href":"https:\/\/www.hoymercedes.com.ar\/principal\/wp-json\/wp\/v2\/posts\/8830","targetHints":{"allow":["GET"]}}],"collection":[{"href":"https:\/\/www.hoymercedes.com.ar\/principal\/wp-json\/wp\/v2\/posts"}],"about":[{"href":"https:\/\/www.hoymercedes.com.ar\/principal\/wp-json\/wp\/v2\/types\/post"}],"author":[{"embeddable":true,"href":"https:\/\/www.hoymercedes.com.ar\/principal\/wp-json\/wp\/v2\/users\/1"}],"replies":[{"embeddable":true,"href":"https:\/\/www.hoymercedes.com.ar\/principal\/wp-json\/wp\/v2\/comments?post=8830"}],"version-history":[{"count":0,"href":"https:\/\/www.hoymercedes.com.ar\/principal\/wp-json\/wp\/v2\/posts\/8830\/revisions"}],"wp:attachment":[{"href":"https:\/\/www.hoymercedes.com.ar\/principal\/wp-json\/wp\/v2\/media?parent=8830"}],"wp:term":[{"taxonomy":"category","embeddable":true,"href":"https:\/\/www.hoymercedes.com.ar\/principal\/wp-json\/wp\/v2\/categories?post=8830"},{"taxonomy":"post_tag","embeddable":true,"href":"https:\/\/www.hoymercedes.com.ar\/principal\/wp-json\/wp\/v2\/tags?post=8830"}],"curies":[{"name":"wp","href":"https:\/\/api.w.org\/{rel}","templated":true}]}}