{"id":88313,"date":"2019-02-19T10:09:40","date_gmt":"2019-02-19T13:09:40","guid":{"rendered":"http:\/\/www.hoymercedes.com.ar\/principal\/?p=88313"},"modified":"2019-02-19T09:45:51","modified_gmt":"2019-02-19T12:45:51","slug":"adultos-mayores-capacitacion-para-renovar-licencia-de-conducir","status":"publish","type":"post","link":"https:\/\/www.hoymercedes.com.ar\/principal\/2019\/02\/19\/adultos-mayores-capacitacion-para-renovar-licencia-de-conducir\/","title":{"rendered":"Adultos Mayores: capacitaci\u00f3n para renovar licencia de conducir"},"content":{"rendered":"\n<p>En esta semana la Municipalidad de Mercedes llevar\u00e1 adelante capacitaciones destinadas a adultos mayores para que puedan rendir el examen  y renovar su licencia de conducir. En esta oportunidad se llevar\u00e1 a cabo los d\u00edas mi\u00e9rcoles 20 y viernes 22 febrero, desde la hora 9, de ambos d\u00edas,  en el Centro de Jubilados \u201cRenacer\u201d (calle 31 y 26). <\/p>\n\n\n\n<p>Las capacitaciones est\u00e1n organizadas por la direcci\u00f3n de adultos mayores municipal y la Secretar\u00eda de Control Urbano, y tiene como objetivo, adem\u00e1s de facilitar y acercar este tipo de tr\u00e1mites a los vecinos, dar cumplimiento de las leyes 24.449 (Ley Nacional de Tr\u00e1nsito) y 13.927 (Ley Provincial), que exigen el examen te\u00f3rico anual a partir de los 70 a\u00f1os.<\/p>\n\n\n\n<p>La Licencia Nacional de Conducir otorgada por municipalidades u organismos provinciales autorizadas por la Agencia Nacional de Seguridad Vial habilitar\u00e1 a conducir en todas las calles y caminos de la Rep\u00fablica, como as\u00ed tambi\u00e9n en territorios extranjeros, en los casos en que se hubiera suscripto el correspondiente convenio.<br><\/p>\n","protected":false},"excerpt":{"rendered":"<p>En esta semana la Municipalidad de Mercedes llevar\u00e1 adelante capacitaciones destinadas a adultos mayores para que puedan rendir el examen &#8230; <a title=\"Adultos Mayores: capacitaci\u00f3n para renovar licencia de conducir\" class=\"read-more\" href=\"https:\/\/www.hoymercedes.com.ar\/principal\/2019\/02\/19\/adultos-mayores-capacitacion-para-renovar-licencia-de-conducir\/\" aria-label=\"Leer m\u00e1s sobre Adultos Mayores: capacitaci\u00f3n para renovar licencia de conducir\">Leer m\u00e1s<\/a><\/p>\n","protected":false},"author":1,"featured_media":88314,"comment_status":"closed","ping_status":"open","sticky":false,"template":"","format":"standard","meta":{"_monsterinsights_skip_tracking":false,"_monsterinsights_sitenote_active":false,"_monsterinsights_sitenote_note":"","_monsterinsights_sitenote_category":0,"jetpack_post_was_ever_published":false,"_jetpack_newsletter_access":"","_jetpack_dont_email_post_to_subs":false,"_jetpack_newsletter_tier_id":0,"_jetpack_memberships_contains_paywalled_content":false,"_jetpack_memberships_contains_paid_content":false,"footnotes":"","jetpack_publicize_message":"","jetpack_publicize_feature_enabled":true,"jetpack_social_post_already_shared":true,"jetpack_social_options":{"image_generator_settings":{"template":"highway","default_image_id":0,"font":"","enabled":false},"version":2},"_wpas_customize_per_network":false},"categories":[30],"tags":[8752,10048,244],"class_list":["post-88313","post","type-post","status-publish","format-standard","has-post-thumbnail","hentry","category-municipio","tag-adultos-mayores","tag-licencia-de-conducir","tag-municipio-2","generate-columns","tablet-grid-50","mobile-grid-100","grid-parent","grid-50"],"jetpack_publicize_connections":[],"jetpack_featured_media_url":"https:\/\/www.hoymercedes.com.ar\/principal\/wp-content\/uploads\/2019\/02\/19-licencia.jpg","wps_subtitle":"Mi\u00e9rcoles y Viernes","jetpack_sharing_enabled":true,"_links":{"self":[{"href":"https:\/\/www.hoymercedes.com.ar\/principal\/wp-json\/wp\/v2\/posts\/88313","targetHints":{"allow":["GET"]}}],"collection":[{"href":"https:\/\/www.hoymercedes.com.ar\/principal\/wp-json\/wp\/v2\/posts"}],"about":[{"href":"https:\/\/www.hoymercedes.com.ar\/principal\/wp-json\/wp\/v2\/types\/post"}],"author":[{"embeddable":true,"href":"https:\/\/www.hoymercedes.com.ar\/principal\/wp-json\/wp\/v2\/users\/1"}],"replies":[{"embeddable":true,"href":"https:\/\/www.hoymercedes.com.ar\/principal\/wp-json\/wp\/v2\/comments?post=88313"}],"version-history":[{"count":0,"href":"https:\/\/www.hoymercedes.com.ar\/principal\/wp-json\/wp\/v2\/posts\/88313\/revisions"}],"wp:featuredmedia":[{"embeddable":true,"href":"https:\/\/www.hoymercedes.com.ar\/principal\/wp-json\/wp\/v2\/media\/88314"}],"wp:attachment":[{"href":"https:\/\/www.hoymercedes.com.ar\/principal\/wp-json\/wp\/v2\/media?parent=88313"}],"wp:term":[{"taxonomy":"category","embeddable":true,"href":"https:\/\/www.hoymercedes.com.ar\/principal\/wp-json\/wp\/v2\/categories?post=88313"},{"taxonomy":"post_tag","embeddable":true,"href":"https:\/\/www.hoymercedes.com.ar\/principal\/wp-json\/wp\/v2\/tags?post=88313"}],"curies":[{"name":"wp","href":"https:\/\/api.w.org\/{rel}","templated":true}]}}