{"id":8833,"date":"2011-11-03T03:06:46","date_gmt":"2011-11-03T03:06:46","guid":{"rendered":"http:\/\/www.hoymercedes.com.ar\/principal\/?p=8833"},"modified":"2011-11-03T03:56:00","modified_gmt":"2011-11-03T03:56:00","slug":"artista-local-en-festejos-del-147-aniversario-de-suipacha","status":"publish","type":"post","link":"https:\/\/www.hoymercedes.com.ar\/principal\/2011\/11\/03\/artista-local-en-festejos-del-147-aniversario-de-suipacha\/","title":{"rendered":"Artista local en festejos del 147 aniversario de Suipacha"},"content":{"rendered":"<p><a href=\"https:\/\/www.hoymercedes.com.ar\/principal\/wp-content\/uploads\/2011\/11\/Fernanda-Ottolini-II.jpg\"><img loading=\"lazy\" decoding=\"async\" data-attachment-id=\"8835\" data-permalink=\"https:\/\/www.hoymercedes.com.ar\/principal\/2011\/11\/03\/artista-local-en-festejos-del-147-aniversario-de-suipacha\/fernanda-ottolini-ii\/#main\" data-orig-file=\"https:\/\/www.hoymercedes.com.ar\/principal\/wp-content\/uploads\/2011\/11\/Fernanda-Ottolini-II.jpg\" data-orig-size=\"612,459\" data-comments-opened=\"1\" data-image-meta=\"{&quot;aperture&quot;:&quot;3.1&quot;,&quot;credit&quot;:&quot;&quot;,&quot;camera&quot;:&quot;DSC-S2000&quot;,&quot;caption&quot;:&quot;&quot;,&quot;created_timestamp&quot;:&quot;1320017125&quot;,&quot;copyright&quot;:&quot;&quot;,&quot;focal_length&quot;:&quot;6.2&quot;,&quot;iso&quot;:&quot;1600&quot;,&quot;shutter_speed&quot;:&quot;0.0125&quot;,&quot;title&quot;:&quot;&quot;}\" data-image-title=\"Fernanda Ottolini II\" data-image-description=\"\" data-image-caption=\"\" data-large-file=\"https:\/\/www.hoymercedes.com.ar\/principal\/wp-content\/uploads\/2011\/11\/Fernanda-Ottolini-II.jpg\" class=\"aligncenter size-full wp-image-8835\" title=\"Fernanda Ottolini II\" src=\"https:\/\/www.hoymercedes.com.ar\/principal\/wp-content\/uploads\/2011\/11\/Fernanda-Ottolini-II.jpg\" alt=\"\" width=\"612\" height=\"459\" \/><\/a><\/p>\n<p>La artista local Fernanda Ottolini fue parte de los festejos por el 147 aniversario de la creaci\u00f3n de la vecina ciudad.<\/p>\n<p>Suipacha festej\u00f3 durante el fin de semana un nuevo cumplea\u00f1os como ciudad y lo celebr\u00f3 con distintas ofertas a la comunidad entre las que se encontraban paseos de ventas artesanales y de diversos productor en la plaza principal, tambi\u00e9n pe\u00f1a folkl\u00f3rica, cenas de camarader\u00eda, recitales, gran baile frente al Palacio Municipal y un desfile de modas como cierre.<\/p>\n<p>Dentro de la jornada final, en el desfile organizado por Jos\u00e9 Lu\u00eds Colombo y Silvina Lemos, m\u00e1ximos responsables del Staff Colombo-Lemos. La participaci\u00f3n de Fernanda Ottolini permiti\u00f3 amenizar la denominada<em> \u201cpasada de noche\u201d<\/em> donde las j\u00f3venes participantes vest\u00edan de gala.<\/p>\n<p>Suipachenses, y una joven mercedina, \u00a0fueron modelos de las que dieron un toque distinto a la celebraci\u00f3n.<\/p>\n<p><a href=\"https:\/\/www.hoymercedes.com.ar\/principal\/wp-content\/uploads\/2011\/11\/FernandaOttolini.jpg\"><img loading=\"lazy\" decoding=\"async\" data-attachment-id=\"8836\" data-permalink=\"https:\/\/www.hoymercedes.com.ar\/principal\/2011\/11\/03\/artista-local-en-festejos-del-147-aniversario-de-suipacha\/fernandaottolini\/#main\" data-orig-file=\"https:\/\/www.hoymercedes.com.ar\/principal\/wp-content\/uploads\/2011\/11\/FernandaOttolini.jpg\" data-orig-size=\"612,459\" data-comments-opened=\"1\" data-image-meta=\"{&quot;aperture&quot;:&quot;3.1&quot;,&quot;credit&quot;:&quot;&quot;,&quot;camera&quot;:&quot;DSC-S2000&quot;,&quot;caption&quot;:&quot;&quot;,&quot;created_timestamp&quot;:&quot;1320017097&quot;,&quot;copyright&quot;:&quot;&quot;,&quot;focal_length&quot;:&quot;6.2&quot;,&quot;iso&quot;:&quot;1600&quot;,&quot;shutter_speed&quot;:&quot;0.01&quot;,&quot;title&quot;:&quot;&quot;}\" data-image-title=\"FernandaOttolini\" data-image-description=\"\" data-image-caption=\"\" data-large-file=\"https:\/\/www.hoymercedes.com.ar\/principal\/wp-content\/uploads\/2011\/11\/FernandaOttolini.jpg\" class=\"aligncenter size-full wp-image-8836\" title=\"FernandaOttolini\" src=\"https:\/\/www.hoymercedes.com.ar\/principal\/wp-content\/uploads\/2011\/11\/FernandaOttolini.jpg\" alt=\"\" width=\"612\" height=\"459\" srcset=\"https:\/\/www.hoymercedes.com.ar\/principal\/wp-content\/uploads\/2011\/11\/FernandaOttolini.jpg 612w, https:\/\/www.hoymercedes.com.ar\/principal\/wp-content\/uploads\/2011\/11\/FernandaOttolini-300x225.jpg 300w\" sizes=\"auto, (max-width: 612px) 100vw, 612px\" \/><\/a><\/p>\n<p><a href=\"https:\/\/www.hoymercedes.com.ar\/principal\/wp-content\/uploads\/2011\/11\/Colombo-Lemos.jpg\"><img loading=\"lazy\" decoding=\"async\" data-attachment-id=\"8837\" data-permalink=\"https:\/\/www.hoymercedes.com.ar\/principal\/2011\/11\/03\/artista-local-en-festejos-del-147-aniversario-de-suipacha\/colombo-lemos\/#main\" data-orig-file=\"https:\/\/www.hoymercedes.com.ar\/principal\/wp-content\/uploads\/2011\/11\/Colombo-Lemos.jpg\" data-orig-size=\"612,459\" data-comments-opened=\"1\" data-image-meta=\"{&quot;aperture&quot;:&quot;5.2&quot;,&quot;credit&quot;:&quot;&quot;,&quot;camera&quot;:&quot;DSC-S2000&quot;,&quot;caption&quot;:&quot;&quot;,&quot;created_timestamp&quot;:&quot;1320017803&quot;,&quot;copyright&quot;:&quot;&quot;,&quot;focal_length&quot;:&quot;15.5&quot;,&quot;iso&quot;:&quot;1600&quot;,&quot;shutter_speed&quot;:&quot;0.0125&quot;,&quot;title&quot;:&quot;&quot;}\" data-image-title=\"Colombo-Lemos\" data-image-description=\"\" data-image-caption=\"\" data-large-file=\"https:\/\/www.hoymercedes.com.ar\/principal\/wp-content\/uploads\/2011\/11\/Colombo-Lemos.jpg\" class=\"aligncenter size-full wp-image-8837\" title=\"Colombo-Lemos\" src=\"https:\/\/www.hoymercedes.com.ar\/principal\/wp-content\/uploads\/2011\/11\/Colombo-Lemos.jpg\" alt=\"\" width=\"612\" height=\"459\" srcset=\"https:\/\/www.hoymercedes.com.ar\/principal\/wp-content\/uploads\/2011\/11\/Colombo-Lemos.jpg 612w, https:\/\/www.hoymercedes.com.ar\/principal\/wp-content\/uploads\/2011\/11\/Colombo-Lemos-300x225.jpg 300w\" sizes=\"auto, (max-width: 612px) 100vw, 612px\" \/><\/a><\/p>\n","protected":false},"excerpt":{"rendered":"<p>La artista local Fernanda Ottolini fue parte de los festejos por el 147 aniversario de la creaci\u00f3n de la vecina &#8230; <a title=\"Artista local en festejos del 147 aniversario de Suipacha\" class=\"read-more\" href=\"https:\/\/www.hoymercedes.com.ar\/principal\/2011\/11\/03\/artista-local-en-festejos-del-147-aniversario-de-suipacha\/\" aria-label=\"Leer m\u00e1s sobre Artista local en festejos del 147 aniversario de Suipacha\">Leer m\u00e1s<\/a><\/p>\n","protected":false},"author":1,"featured_media":0,"comment_status":"open","ping_status":"open","sticky":false,"template":"","format":"standard","meta":{"_monsterinsights_skip_tracking":false,"_monsterinsights_sitenote_active":false,"_monsterinsights_sitenote_note":"","_monsterinsights_sitenote_category":0,"jetpack_post_was_ever_published":false,"_jetpack_newsletter_access":"","_jetpack_dont_email_post_to_subs":false,"_jetpack_newsletter_tier_id":0,"_jetpack_memberships_contains_paywalled_content":false,"_jetpack_memberships_contains_paid_content":false,"footnotes":"","jetpack_publicize_message":"","jetpack_publicize_feature_enabled":true,"jetpack_social_post_already_shared":false,"jetpack_social_options":{"image_generator_settings":{"template":"highway","default_image_id":0,"font":"","enabled":false},"version":2},"_wpas_customize_per_network":false},"categories":[8],"tags":[1544,272],"class_list":["post-8833","post","type-post","status-publish","format-standard","hentry","category-sociedad","tag-colombo-lemos","tag-fernanda-ottolini","generate-columns","tablet-grid-50","mobile-grid-100","grid-parent","grid-50"],"jetpack_publicize_connections":[],"jetpack_featured_media_url":"","wps_subtitle":"","jetpack_sharing_enabled":true,"_links":{"self":[{"href":"https:\/\/www.hoymercedes.com.ar\/principal\/wp-json\/wp\/v2\/posts\/8833","targetHints":{"allow":["GET"]}}],"collection":[{"href":"https:\/\/www.hoymercedes.com.ar\/principal\/wp-json\/wp\/v2\/posts"}],"about":[{"href":"https:\/\/www.hoymercedes.com.ar\/principal\/wp-json\/wp\/v2\/types\/post"}],"author":[{"embeddable":true,"href":"https:\/\/www.hoymercedes.com.ar\/principal\/wp-json\/wp\/v2\/users\/1"}],"replies":[{"embeddable":true,"href":"https:\/\/www.hoymercedes.com.ar\/principal\/wp-json\/wp\/v2\/comments?post=8833"}],"version-history":[{"count":0,"href":"https:\/\/www.hoymercedes.com.ar\/principal\/wp-json\/wp\/v2\/posts\/8833\/revisions"}],"wp:attachment":[{"href":"https:\/\/www.hoymercedes.com.ar\/principal\/wp-json\/wp\/v2\/media?parent=8833"}],"wp:term":[{"taxonomy":"category","embeddable":true,"href":"https:\/\/www.hoymercedes.com.ar\/principal\/wp-json\/wp\/v2\/categories?post=8833"},{"taxonomy":"post_tag","embeddable":true,"href":"https:\/\/www.hoymercedes.com.ar\/principal\/wp-json\/wp\/v2\/tags?post=8833"}],"curies":[{"name":"wp","href":"https:\/\/api.w.org\/{rel}","templated":true}]}}