{"id":88334,"date":"2019-02-19T19:28:45","date_gmt":"2019-02-19T22:28:45","guid":{"rendered":"http:\/\/www.hoymercedes.com.ar\/principal\/?p=88334"},"modified":"2019-02-19T19:28:48","modified_gmt":"2019-02-19T22:28:48","slug":"la-liga-mercedina-tendra-un-nuevo-equipo-en-primera-y-reserva-y-otro-en-inferiores","status":"publish","type":"post","link":"https:\/\/www.hoymercedes.com.ar\/principal\/2019\/02\/19\/la-liga-mercedina-tendra-un-nuevo-equipo-en-primera-y-reserva-y-otro-en-inferiores\/","title":{"rendered":"La Liga Mercedina tendr\u00e1 un nuevo equipo en Primera y Reserva y otro en Inferiores"},"content":{"rendered":"\n<p>Termin\u00f3 la temporada de presentaci\u00f3n de afiliaciones y reafiliaciones en la Liga Mercedina y la novedad es que de las tres postulaciones de nuevos integrantes, dos fueron aprobadas y una rechazada. Con esto, la Primera Divisi\u00f3n y la Reserva tendr\u00e1n 21 equipos, mientras que en Inferiores ser\u00e1n 16, aunque no en todas las categor\u00edas.<\/p>\n\n\n\n<figure class=\"wp-block-image\"><img loading=\"lazy\" decoding=\"async\" width=\"750\" height=\"562\" data-attachment-id=\"88355\" data-permalink=\"https:\/\/www.hoymercedes.com.ar\/principal\/2019\/02\/19\/la-liga-mercedina-tendra-un-nuevo-equipo-en-primera-y-reserva-y-otro-en-inferiores\/dscn0449-2\/#main\" data-orig-file=\"https:\/\/www.hoymercedes.com.ar\/principal\/wp-content\/uploads\/2019\/02\/DSCN0449.jpg\" data-orig-size=\"750,562\" data-comments-opened=\"0\" data-image-meta=\"{&quot;aperture&quot;:&quot;4.7&quot;,&quot;credit&quot;:&quot;&quot;,&quot;camera&quot;:&quot;COOLPIX L310&quot;,&quot;caption&quot;:&quot;&quot;,&quot;created_timestamp&quot;:&quot;1542564421&quot;,&quot;copyright&quot;:&quot;&quot;,&quot;focal_length&quot;:&quot;23.2&quot;,&quot;iso&quot;:&quot;80&quot;,&quot;shutter_speed&quot;:&quot;0.0015625&quot;,&quot;title&quot;:&quot;&quot;,&quot;orientation&quot;:&quot;1&quot;}\" data-image-title=\"DSCN0449\" data-image-description=\"\" data-image-caption=\"\" data-large-file=\"https:\/\/www.hoymercedes.com.ar\/principal\/wp-content\/uploads\/2019\/02\/DSCN0449.jpg\" src=\"https:\/\/www.hoymercedes.com.ar\/principal\/wp-content\/uploads\/2019\/02\/DSCN0449.jpg\" alt=\"\" class=\"wp-image-88355\" srcset=\"https:\/\/www.hoymercedes.com.ar\/principal\/wp-content\/uploads\/2019\/02\/DSCN0449.jpg 750w, https:\/\/www.hoymercedes.com.ar\/principal\/wp-content\/uploads\/2019\/02\/DSCN0449-150x112.jpg 150w, https:\/\/www.hoymercedes.com.ar\/principal\/wp-content\/uploads\/2019\/02\/DSCN0449-630x472.jpg 630w, https:\/\/www.hoymercedes.com.ar\/principal\/wp-content\/uploads\/2019\/02\/DSCN0449-320x240.jpg 320w, https:\/\/www.hoymercedes.com.ar\/principal\/wp-content\/uploads\/2019\/02\/DSCN0449-100x75.jpg 100w\" sizes=\"auto, (max-width: 750px) 100vw, 750px\" \/><\/figure>\n\n\n\n<p>En la sede de la Liga Mercedina se reunieron los delegados de los clubes y se aprob\u00f3 por unanimidad que Talleres Payr\u00f3 se sume con Primera Divisi\u00f3n y Reserva, mientras que Deportivo Gowland ser\u00e1 el nuevo en Inferiores.<\/p>\n\n\n\n<p>El conjunto de calle 39 entre 16 y 18 estar\u00e1 dirigida por Javier \u00abToro\u00bb De Biase, quien en el \u00faltimo a\u00f1o estuvo a cargo de Uni\u00f3n y anteriormente lo hab\u00eda hecho en Comunicaciones, sus \u00faltimos pasos y ser\u00e1 el vig\u00e9simo primer equipo de la m\u00e1xima categor\u00eda, volviendo a tener f\u00fatbol luego de la \u00e9poca de la Asociaci\u00f3n Mercedina de F\u00fatbol Infantil, cuando particip\u00f3 con inferiores. Por su parte, el nuevo Club Deportivo Gowland, fundado en 2018, se sumar\u00e1 a las categor\u00edas de canchas de 9 y ser\u00e1 local en su propia cancha.<\/p>\n\n\n\n<p>En el caso de \u00c1ngeles Unidos, que jug\u00f3 hasta el invierno pasado en la Liga de Luj\u00e1n, s\u00f3lo Quilmes y Pabell\u00f3n de Marcos Paz fueron los \u00fanicos dos votos positivos, mientras que el resto rechaz\u00f3 que se sume a la LMF.<\/p>\n\n\n\n<p>Ahora falta saber c\u00f3mo se jugar\u00e1 el campeonato, ya que ser\u00e1n 21 equipos en Primera y Reserva. Hay una propuesta de la Liga y otra del Club Palometas y este viernes se resolver\u00e1 la manera. <\/p>\n\n\n\n<p>Con s\u00f3lo Primera Divisi\u00f3n y Reserva jugar\u00e1n AMEFIP Barrio San Mart\u00edn, Trocha, Pe\u00f1a Diego Armando, Talleres Payr\u00f3, Costa Brava, Col\u00f3n de Luj\u00e1n y El Tim\u00f3n de J\u00e1uregui. Con todas las categor\u00edas jugar\u00e1n V\u00e9lez, Estudiantes, Ateneo, Palometas, Quilmes, Mercedes, Uni\u00f3n, Comunicaciones, El Front\u00f3n de San Andr\u00e9s de Giles y Juventud de Suipacha. Pabell\u00f3n Argentino y Atl\u00e9tico Marcos Paz, adem\u00e1s de las dos mayores, seguir\u00e1n con las categor\u00edas Juveniles de cancha de once. Holanda ser\u00e1 igual, aunque con las de 9, pero no tendr\u00e1 2004 y 2006 y Defensores tendr\u00e1 tira completa, pero no sumar\u00e1 la 2005 y Mercedes A no tendr\u00e1 Promocional.<\/p>\n","protected":false},"excerpt":{"rendered":"<p>Termin\u00f3 la temporada de presentaci\u00f3n de afiliaciones y reafiliaciones en la Liga Mercedina y la novedad es que de las &#8230; <a title=\"La Liga Mercedina tendr\u00e1 un nuevo equipo en Primera y Reserva y otro en Inferiores\" class=\"read-more\" href=\"https:\/\/www.hoymercedes.com.ar\/principal\/2019\/02\/19\/la-liga-mercedina-tendra-un-nuevo-equipo-en-primera-y-reserva-y-otro-en-inferiores\/\" aria-label=\"Leer m\u00e1s sobre La Liga Mercedina tendr\u00e1 un nuevo equipo en Primera y Reserva y otro en Inferiores\">Leer m\u00e1s<\/a><\/p>\n","protected":false},"author":1,"featured_media":88355,"comment_status":"closed","ping_status":"open","sticky":false,"template":"","format":"standard","meta":{"_monsterinsights_skip_tracking":false,"_monsterinsights_sitenote_active":false,"_monsterinsights_sitenote_note":"","_monsterinsights_sitenote_category":0,"jetpack_post_was_ever_published":false,"_jetpack_newsletter_access":"","_jetpack_dont_email_post_to_subs":false,"_jetpack_newsletter_tier_id":0,"_jetpack_memberships_contains_paywalled_content":false,"_jetpack_memberships_contains_paid_content":false,"footnotes":"","jetpack_publicize_message":"","jetpack_publicize_feature_enabled":true,"jetpack_social_post_already_shared":true,"jetpack_social_options":{"image_generator_settings":{"template":"highway","default_image_id":0,"font":"","enabled":false},"version":2},"_wpas_customize_per_network":false},"categories":[21],"tags":[1003,1901],"class_list":["post-88334","post","type-post","status-publish","format-standard","has-post-thumbnail","hentry","category-deportes","tag-futbol","tag-liga-mercedina","generate-columns","tablet-grid-50","mobile-grid-100","grid-parent","grid-50"],"jetpack_publicize_connections":[],"jetpack_featured_media_url":"https:\/\/www.hoymercedes.com.ar\/principal\/wp-content\/uploads\/2019\/02\/DSCN0449.jpg","wps_subtitle":"Liga Mercedina","jetpack_sharing_enabled":true,"_links":{"self":[{"href":"https:\/\/www.hoymercedes.com.ar\/principal\/wp-json\/wp\/v2\/posts\/88334","targetHints":{"allow":["GET"]}}],"collection":[{"href":"https:\/\/www.hoymercedes.com.ar\/principal\/wp-json\/wp\/v2\/posts"}],"about":[{"href":"https:\/\/www.hoymercedes.com.ar\/principal\/wp-json\/wp\/v2\/types\/post"}],"author":[{"embeddable":true,"href":"https:\/\/www.hoymercedes.com.ar\/principal\/wp-json\/wp\/v2\/users\/1"}],"replies":[{"embeddable":true,"href":"https:\/\/www.hoymercedes.com.ar\/principal\/wp-json\/wp\/v2\/comments?post=88334"}],"version-history":[{"count":0,"href":"https:\/\/www.hoymercedes.com.ar\/principal\/wp-json\/wp\/v2\/posts\/88334\/revisions"}],"wp:featuredmedia":[{"embeddable":true,"href":"https:\/\/www.hoymercedes.com.ar\/principal\/wp-json\/wp\/v2\/media\/88355"}],"wp:attachment":[{"href":"https:\/\/www.hoymercedes.com.ar\/principal\/wp-json\/wp\/v2\/media?parent=88334"}],"wp:term":[{"taxonomy":"category","embeddable":true,"href":"https:\/\/www.hoymercedes.com.ar\/principal\/wp-json\/wp\/v2\/categories?post=88334"},{"taxonomy":"post_tag","embeddable":true,"href":"https:\/\/www.hoymercedes.com.ar\/principal\/wp-json\/wp\/v2\/tags?post=88334"}],"curies":[{"name":"wp","href":"https:\/\/api.w.org\/{rel}","templated":true}]}}