{"id":88358,"date":"2019-02-19T19:50:24","date_gmt":"2019-02-19T22:50:24","guid":{"rendered":"http:\/\/www.hoymercedes.com.ar\/principal\/?p=88358"},"modified":"2019-02-19T19:55:14","modified_gmt":"2019-02-19T22:55:14","slug":"leandro-vesco-presento-en-la-pulperia-las-historias-desconocidas-de-la-provincia","status":"publish","type":"post","link":"https:\/\/www.hoymercedes.com.ar\/principal\/2019\/02\/19\/leandro-vesco-presento-en-la-pulperia-las-historias-desconocidas-de-la-provincia\/","title":{"rendered":"Leandro Vesco present\u00f3 en La Pulper\u00eda las historias desconocidas de la provincia"},"content":{"rendered":"\n<p>Por\nTeCleArte &#8211; La fachada de La Pulper\u00eda de Cacho ilustra \u201cDesconocida Buenos\nAires\u201d un libro del escritor y periodista Leandro Vesco que recorre los\nsecretos de la provincia, entre ellos, los secretos guardados del sitio\nhist\u00f3rico de Mercedes que llevan adelante la familia de Cacho Dicatarina, con\nsu hermana Aida a la cabeza acompa\u00f1ada de su marido Oscar Pozzi e hijas\nFernanda y Paola. <\/p>\n\n\n\n<figure class=\"wp-block-image\"><img loading=\"lazy\" decoding=\"async\" width=\"750\" height=\"500\" data-attachment-id=\"88372\" data-permalink=\"https:\/\/www.hoymercedes.com.ar\/principal\/2019\/02\/19\/leandro-vesco-presento-en-la-pulperia-las-historias-desconocidas-de-la-provincia\/19-pulperia2\/#main\" data-orig-file=\"https:\/\/www.hoymercedes.com.ar\/principal\/wp-content\/uploads\/2019\/02\/19-pulper\u00eda2.jpg\" data-orig-size=\"750,500\" data-comments-opened=\"0\" data-image-meta=\"{&quot;aperture&quot;:&quot;2&quot;,&quot;credit&quot;:&quot;&quot;,&quot;camera&quot;:&quot;Moto G (5S) Plus&quot;,&quot;caption&quot;:&quot;&quot;,&quot;created_timestamp&quot;:&quot;1550266425&quot;,&quot;copyright&quot;:&quot;&quot;,&quot;focal_length&quot;:&quot;3.59&quot;,&quot;iso&quot;:&quot;3096&quot;,&quot;shutter_speed&quot;:&quot;0.066666666666667&quot;,&quot;title&quot;:&quot;&quot;,&quot;orientation&quot;:&quot;1&quot;}\" data-image-title=\"19 pulper\u00eda2\" data-image-description=\"\" data-image-caption=\"\" data-large-file=\"https:\/\/www.hoymercedes.com.ar\/principal\/wp-content\/uploads\/2019\/02\/19-pulper\u00eda2.jpg\" src=\"https:\/\/www.hoymercedes.com.ar\/principal\/wp-content\/uploads\/2019\/02\/19-pulper\u00eda2.jpg\" alt=\"\" class=\"wp-image-88372\" srcset=\"https:\/\/www.hoymercedes.com.ar\/principal\/wp-content\/uploads\/2019\/02\/19-pulper\u00eda2.jpg 750w, https:\/\/www.hoymercedes.com.ar\/principal\/wp-content\/uploads\/2019\/02\/19-pulper\u00eda2-150x100.jpg 150w, https:\/\/www.hoymercedes.com.ar\/principal\/wp-content\/uploads\/2019\/02\/19-pulper\u00eda2-630x420.jpg 630w, https:\/\/www.hoymercedes.com.ar\/principal\/wp-content\/uploads\/2019\/02\/19-pulper\u00eda2-720x480.jpg 720w, https:\/\/www.hoymercedes.com.ar\/principal\/wp-content\/uploads\/2019\/02\/19-pulper\u00eda2-360x240.jpg 360w\" sizes=\"auto, (max-width: 750px) 100vw, 750px\" \/><\/figure>\n\n\n\n<p>En esa\nvieja Pulper\u00eda y en sus charlas con Cacho, fue donde Vesco germin\u00f3 la idea del\nlibro que el viernes pasado present\u00f3 en Mercedes. \u201cEl libro resume los trece\na\u00f1os de viajes por los caminos rurales de la provincia de Buenos Aires. Pero\nantes, en el 2006, tuve mi primer encuentro con Cacho Dicatarina. \u00c9l me cuenta\nlas historias de las Pulper\u00edas y an\u00e9cdotas de ac\u00e1. Ah\u00ed encuentro un motivo y el\nobjetivo para seguir con mi carrera period\u00edstica. A partir de esa visita a\nMercedes, empiezo a tener un orden en mi b\u00fasqueda profesional en cuanto a\nhistorias\u201d, evoca el periodista que lleg\u00f3 a La Pulper\u00eda de Cacho como turista y\nse qued\u00f3 charlando hasta la madrugada con Cacho en una de las mesas del viejo\nalmac\u00e9n de ramos generales lindero al r\u00edo Luj\u00e1n. <\/p>\n\n\n\n<figure class=\"wp-block-image\"><img loading=\"lazy\" decoding=\"async\" width=\"750\" height=\"500\" data-attachment-id=\"88371\" data-permalink=\"https:\/\/www.hoymercedes.com.ar\/principal\/2019\/02\/19\/leandro-vesco-presento-en-la-pulperia-las-historias-desconocidas-de-la-provincia\/19-pulperia1\/#main\" data-orig-file=\"https:\/\/www.hoymercedes.com.ar\/principal\/wp-content\/uploads\/2019\/02\/19-pulper\u00eda1.jpg\" data-orig-size=\"750,500\" data-comments-opened=\"0\" data-image-meta=\"{&quot;aperture&quot;:&quot;2&quot;,&quot;credit&quot;:&quot;&quot;,&quot;camera&quot;:&quot;Moto G (5S) Plus&quot;,&quot;caption&quot;:&quot;&quot;,&quot;created_timestamp&quot;:&quot;1550265747&quot;,&quot;copyright&quot;:&quot;&quot;,&quot;focal_length&quot;:&quot;3.59&quot;,&quot;iso&quot;:&quot;1691&quot;,&quot;shutter_speed&quot;:&quot;0.058823529411765&quot;,&quot;title&quot;:&quot;&quot;,&quot;orientation&quot;:&quot;1&quot;}\" data-image-title=\"19 pulper\u00eda1\" data-image-description=\"\" data-image-caption=\"\" data-large-file=\"https:\/\/www.hoymercedes.com.ar\/principal\/wp-content\/uploads\/2019\/02\/19-pulper\u00eda1.jpg\" src=\"https:\/\/www.hoymercedes.com.ar\/principal\/wp-content\/uploads\/2019\/02\/19-pulper\u00eda1.jpg\" alt=\"\" class=\"wp-image-88371\" srcset=\"https:\/\/www.hoymercedes.com.ar\/principal\/wp-content\/uploads\/2019\/02\/19-pulper\u00eda1.jpg 750w, https:\/\/www.hoymercedes.com.ar\/principal\/wp-content\/uploads\/2019\/02\/19-pulper\u00eda1-150x100.jpg 150w, https:\/\/www.hoymercedes.com.ar\/principal\/wp-content\/uploads\/2019\/02\/19-pulper\u00eda1-630x420.jpg 630w, https:\/\/www.hoymercedes.com.ar\/principal\/wp-content\/uploads\/2019\/02\/19-pulper\u00eda1-720x480.jpg 720w, https:\/\/www.hoymercedes.com.ar\/principal\/wp-content\/uploads\/2019\/02\/19-pulper\u00eda1-360x240.jpg 360w\" sizes=\"auto, (max-width: 750px) 100vw, 750px\" \/><\/figure>\n\n\n\n<p>Por trabajo y por curiosidad innata, fue recorriendo la provincia de Buenos Aires. Conociendo lugares, personajes, historias, y an\u00e9cdotas. Varias fueron las visitas a La Pulper\u00eda de Mercedes. Tanto que una foto del frente del sitio hist\u00f3rico de Mercedes ilustra la tapa del libro. \u201cLa Pulper\u00eda de Cacho resume el esp\u00edritu criollo. El libro tiene sesenta historias dividas en seis cap\u00edtulos titulados: la ruta de las pulper\u00edas, aldeas mar\u00edtimas, comedores criollos, personajes de la provincia, pueblos con turismo rural y pueblos que se quedaron solos. Es una radiograf\u00eda de la provincia con notas reversionadas y textos originales. Hay personajes y lugares entra\u00f1ables como Pedro Meyer en Qui\u00f1ihual de Coronel Su\u00e1rez\u201d, expres\u00f3 Vesco en el di\u00e1logo con los medios previo a la presentaci\u00f3n del libro acompa\u00f1ado por Aida Dicatarina y Oscar Pozzi. <\/p>\n\n\n\n<p>Vesco resumi\u00f3 el esp\u00edritu del libro y resumi\u00f3 algunas de las historias ante los presentes para luego darle pie al Soco Larralde y compa\u00f1\u00eda para interpretar algunos temas dentro de La Pulper\u00eda. Segundos despu\u00e9s, la pe\u00f1a que todos los viernes se lleva adelante en el patio del sitio hist\u00f3rico comenz\u00f3 con Virginia Altube y su grupo de m\u00fasicos acompa\u00f1antes. <\/p>\n\n\n\n<figure class=\"wp-block-image\"><img loading=\"lazy\" decoding=\"async\" width=\"750\" height=\"500\" data-attachment-id=\"88370\" data-permalink=\"https:\/\/www.hoymercedes.com.ar\/principal\/2019\/02\/19\/leandro-vesco-presento-en-la-pulperia-las-historias-desconocidas-de-la-provincia\/19-pulperia\/#main\" data-orig-file=\"https:\/\/www.hoymercedes.com.ar\/principal\/wp-content\/uploads\/2019\/02\/19-pulper\u00eda.jpg\" data-orig-size=\"750,500\" data-comments-opened=\"0\" data-image-meta=\"{&quot;aperture&quot;:&quot;2&quot;,&quot;credit&quot;:&quot;&quot;,&quot;camera&quot;:&quot;Moto G (5S) Plus&quot;,&quot;caption&quot;:&quot;&quot;,&quot;created_timestamp&quot;:&quot;1550268129&quot;,&quot;copyright&quot;:&quot;&quot;,&quot;focal_length&quot;:&quot;3.59&quot;,&quot;iso&quot;:&quot;214&quot;,&quot;shutter_speed&quot;:&quot;0.058823529411765&quot;,&quot;title&quot;:&quot;&quot;,&quot;orientation&quot;:&quot;1&quot;}\" data-image-title=\"19 pulper\u00eda\" data-image-description=\"\" data-image-caption=\"\" data-large-file=\"https:\/\/www.hoymercedes.com.ar\/principal\/wp-content\/uploads\/2019\/02\/19-pulper\u00eda.jpg\" src=\"https:\/\/www.hoymercedes.com.ar\/principal\/wp-content\/uploads\/2019\/02\/19-pulper\u00eda.jpg\" alt=\"\" class=\"wp-image-88370\" srcset=\"https:\/\/www.hoymercedes.com.ar\/principal\/wp-content\/uploads\/2019\/02\/19-pulper\u00eda.jpg 750w, https:\/\/www.hoymercedes.com.ar\/principal\/wp-content\/uploads\/2019\/02\/19-pulper\u00eda-150x100.jpg 150w, https:\/\/www.hoymercedes.com.ar\/principal\/wp-content\/uploads\/2019\/02\/19-pulper\u00eda-630x420.jpg 630w, https:\/\/www.hoymercedes.com.ar\/principal\/wp-content\/uploads\/2019\/02\/19-pulper\u00eda-720x480.jpg 720w, https:\/\/www.hoymercedes.com.ar\/principal\/wp-content\/uploads\/2019\/02\/19-pulper\u00eda-360x240.jpg 360w\" sizes=\"auto, (max-width: 750px) 100vw, 750px\" \/><\/figure>\n","protected":false},"excerpt":{"rendered":"<p>Por TeCleArte &#8211; La fachada de La Pulper\u00eda de Cacho ilustra \u201cDesconocida Buenos Aires\u201d un libro del escritor y periodista &#8230; <a title=\"Leandro Vesco present\u00f3 en La Pulper\u00eda las historias desconocidas de la provincia\" class=\"read-more\" href=\"https:\/\/www.hoymercedes.com.ar\/principal\/2019\/02\/19\/leandro-vesco-presento-en-la-pulperia-las-historias-desconocidas-de-la-provincia\/\" aria-label=\"Leer m\u00e1s sobre Leandro Vesco present\u00f3 en La Pulper\u00eda las historias desconocidas de la provincia\">Leer m\u00e1s<\/a><\/p>\n","protected":false},"author":1,"featured_media":88371,"comment_status":"closed","ping_status":"open","sticky":false,"template":"","format":"standard","meta":{"_monsterinsights_skip_tracking":false,"_monsterinsights_sitenote_active":false,"_monsterinsights_sitenote_note":"","_monsterinsights_sitenote_category":0,"jetpack_post_was_ever_published":false,"_jetpack_newsletter_access":"","_jetpack_dont_email_post_to_subs":false,"_jetpack_newsletter_tier_id":0,"_jetpack_memberships_contains_paywalled_content":false,"_jetpack_memberships_contains_paid_content":false,"footnotes":"","jetpack_publicize_message":"","jetpack_publicize_feature_enabled":true,"jetpack_social_post_already_shared":true,"jetpack_social_options":{"image_generator_settings":{"template":"highway","default_image_id":0,"font":"","enabled":false},"version":2},"_wpas_customize_per_network":false},"categories":[104],"tags":[7805,11028,869],"class_list":["post-88358","post","type-post","status-publish","format-standard","has-post-thumbnail","hentry","category-cultura","tag-cultura","tag-la-pulperia","tag-libro","generate-columns","tablet-grid-50","mobile-grid-100","grid-parent","grid-50"],"jetpack_publicize_connections":[],"jetpack_featured_media_url":"https:\/\/www.hoymercedes.com.ar\/principal\/wp-content\/uploads\/2019\/02\/19-pulper\u00eda1.jpg","wps_subtitle":"El viernes pasado","jetpack_sharing_enabled":true,"_links":{"self":[{"href":"https:\/\/www.hoymercedes.com.ar\/principal\/wp-json\/wp\/v2\/posts\/88358","targetHints":{"allow":["GET"]}}],"collection":[{"href":"https:\/\/www.hoymercedes.com.ar\/principal\/wp-json\/wp\/v2\/posts"}],"about":[{"href":"https:\/\/www.hoymercedes.com.ar\/principal\/wp-json\/wp\/v2\/types\/post"}],"author":[{"embeddable":true,"href":"https:\/\/www.hoymercedes.com.ar\/principal\/wp-json\/wp\/v2\/users\/1"}],"replies":[{"embeddable":true,"href":"https:\/\/www.hoymercedes.com.ar\/principal\/wp-json\/wp\/v2\/comments?post=88358"}],"version-history":[{"count":0,"href":"https:\/\/www.hoymercedes.com.ar\/principal\/wp-json\/wp\/v2\/posts\/88358\/revisions"}],"wp:featuredmedia":[{"embeddable":true,"href":"https:\/\/www.hoymercedes.com.ar\/principal\/wp-json\/wp\/v2\/media\/88371"}],"wp:attachment":[{"href":"https:\/\/www.hoymercedes.com.ar\/principal\/wp-json\/wp\/v2\/media?parent=88358"}],"wp:term":[{"taxonomy":"category","embeddable":true,"href":"https:\/\/www.hoymercedes.com.ar\/principal\/wp-json\/wp\/v2\/categories?post=88358"},{"taxonomy":"post_tag","embeddable":true,"href":"https:\/\/www.hoymercedes.com.ar\/principal\/wp-json\/wp\/v2\/tags?post=88358"}],"curies":[{"name":"wp","href":"https:\/\/api.w.org\/{rel}","templated":true}]}}