{"id":88379,"date":"2019-02-20T15:26:32","date_gmt":"2019-02-20T18:26:32","guid":{"rendered":"http:\/\/www.hoymercedes.com.ar\/principal\/?p=88379"},"modified":"2019-02-20T12:48:27","modified_gmt":"2019-02-20T15:48:27","slug":"gol-de-gonzalo-perez-en-la-victoria-de-lujan-a-lamadrid-video","status":"publish","type":"post","link":"https:\/\/www.hoymercedes.com.ar\/principal\/2019\/02\/20\/gol-de-gonzalo-perez-en-la-victoria-de-lujan-a-lamadrid-video\/","title":{"rendered":"Gol de Gonzalo P\u00e9rez en la victoria de Luj\u00e1n a Lamadrid (video)"},"content":{"rendered":"\n<p>El Civismo. Se siente cada vez m\u00e1s cerca del octogonal. Se ilusiona. Y con argumentos. No s\u00f3lo porque matem\u00e1ticamente es posible (hoy est\u00e1 a apenas 5 puntos) sino porque -y sobre todo- recuper\u00f3 la frescura futbol\u00edstica. De a poco va perdiendo los miedos y parece convencerse de que puede ganar frente a cualquier rival.<\/p>\n\n\n\n<figure class=\"wp-block-image\"><img loading=\"lazy\" decoding=\"async\" width=\"650\" height=\"362\" data-attachment-id=\"88383\" data-permalink=\"https:\/\/www.hoymercedes.com.ar\/principal\/2019\/02\/20\/gol-de-gonzalo-perez-en-la-victoria-de-lujan-a-lamadrid-video\/gonzalo-perez-lujan-3-2\/#main\" data-orig-file=\"https:\/\/www.hoymercedes.com.ar\/principal\/wp-content\/uploads\/2019\/02\/Gonzalo-Perez-Lujan-3.jpg\" data-orig-size=\"650,362\" data-comments-opened=\"0\" data-image-meta=\"{&quot;aperture&quot;:&quot;0&quot;,&quot;credit&quot;:&quot;&quot;,&quot;camera&quot;:&quot;&quot;,&quot;caption&quot;:&quot;&quot;,&quot;created_timestamp&quot;:&quot;0&quot;,&quot;copyright&quot;:&quot;&quot;,&quot;focal_length&quot;:&quot;0&quot;,&quot;iso&quot;:&quot;0&quot;,&quot;shutter_speed&quot;:&quot;0&quot;,&quot;title&quot;:&quot;&quot;,&quot;orientation&quot;:&quot;0&quot;}\" data-image-title=\"Gonzalo Perez Lujan 3\" data-image-description=\"\" data-image-caption=\"\" data-large-file=\"https:\/\/www.hoymercedes.com.ar\/principal\/wp-content\/uploads\/2019\/02\/Gonzalo-Perez-Lujan-3.jpg\" src=\"https:\/\/www.hoymercedes.com.ar\/principal\/wp-content\/uploads\/2019\/02\/Gonzalo-Perez-Lujan-3.jpg\" alt=\"\" class=\"wp-image-88383\" srcset=\"https:\/\/www.hoymercedes.com.ar\/principal\/wp-content\/uploads\/2019\/02\/Gonzalo-Perez-Lujan-3.jpg 650w, https:\/\/www.hoymercedes.com.ar\/principal\/wp-content\/uploads\/2019\/02\/Gonzalo-Perez-Lujan-3-150x84.jpg 150w, https:\/\/www.hoymercedes.com.ar\/principal\/wp-content\/uploads\/2019\/02\/Gonzalo-Perez-Lujan-3-630x351.jpg 630w\" sizes=\"auto, (max-width: 650px) 100vw, 650px\" \/><\/figure>\n\n\n\n<p>Este s\u00e1bado, en el Municipal, apabull\u00f3 a un Lamadrid que lleg\u00f3 a Luj\u00e1n con m\u00e1s puntos que su rival y se fue mir\u00e1ndolo desde abajo. Por eso el triunfo vale doble.<\/p>\n\n\n\n<p>El equipo de Orona jug\u00f3 casi un primer tiempo perfecto. No termin\u00f3 si\u00e9ndolo porque desperdici\u00f3 por lo menos tres chances claras de gol. Pero con goles del Chino P\u00e9rez (de gran partido) y del nuevo goleador Alan Seguel (ya acumula cinco y su titularidad es indiscutible) le alcanz\u00f3 para ganar tranquilidad y lucirse.<\/p>\n\n\n\n<p>El Carcelero, en cambio, padeci\u00f3 los 90 minutos. Defensivamente fue un caos. Con una l\u00ednea de 3 en el fondo nunca pudo controlar la din\u00e1mica e intensidad del Lujanero.<\/p>\n\n\n\n<p>En el segundo tiempo Luj\u00e1n desaceler\u00f3. Control\u00f3 el bal\u00f3n, horizontaliz\u00f3 demasiado el juego y por momentos pasivamente prefiri\u00f3 que su rival realice el esfuerzo. Pero el visitante nunca tuvo herramientas para revertir la historia. Incluso cuando el local aceleraba un poco generaba nuevos problemas y amenazaba con otro gol.<\/p>\n\n\n\n<p>El pr\u00f3ximo jueves deber\u00e1 viajar al sur para enfrentar a uno de los protagonistas del certamen: Dock Sud.<\/p>\n\n\n\n<figure class=\"wp-block-embed-youtube wp-block-embed is-type-video is-provider-youtube wp-embed-aspect-4-3 wp-has-aspect-ratio\"><div class=\"wp-block-embed__wrapper\">\n<span class=\"embed-youtube\" style=\"text-align:center; display: block;\"><iframe loading=\"lazy\" class=\"youtube-player\" width=\"1200\" height=\"675\" src=\"https:\/\/www.youtube.com\/embed\/ueWnumbRfKc?version=3&#038;rel=1&#038;showsearch=0&#038;showinfo=1&#038;iv_load_policy=1&#038;fs=1&#038;hl=es-ES&#038;autohide=2&#038;wmode=transparent\" allowfullscreen=\"true\" style=\"border:0;\" sandbox=\"allow-scripts allow-same-origin allow-popups allow-presentation allow-popups-to-escape-sandbox\"><\/iframe><\/span>\n<\/div><\/figure>\n\n\n\n<p><strong>LUJAN 2<\/strong>: Ruhl (6)A; Minervino (5)A, Monasterio (6)A, Mateo Pigh\u00edn (6) y Santagati (5)A(59\u00b4 Portesi 5);&nbsp;<strong>Gast\u00f3n S\u00e1nchez (7<\/strong>), De Tomaso (6), Marcos (6)(73&#8242; Carneiro) y Duche (6); Gonzalo P\u00e9rez (6)A(66\u00b4 Chambi) y Seguel (6). DT: Abel Oron\u00e1. Suplentes: Quir\u00f3s, Z\u00faccaro y Varela<\/p>\n\n\n\n<p><strong>GENERAL LAMADRID 0:<\/strong>&nbsp;Acosta (6); Aritto (4)(67&#8242; P\u00e9rez Grassi), Carpintero (4)A y Vera (5); Regules (5), Penela (5), Pereira (5)(73\u00b4 Billordo)&nbsp;y Barab\u00e1s (6)(60\u00b4 Troncoso 6); Serrano (6); Pavone (5) y Selpa (5). DT: Horacio Montemurro. Suplentes: Monz\u00f3n, Alan S\u00e1nchez, Fassi y Sarandeses<\/p>\n\n\n\n<p><strong>(Jugado el 16\/2) Goles<\/strong>: 11\u00b4 P\u00e9rez y 19\u00b4 Seguel&nbsp;<strong>Cancha:<\/strong>&nbsp;Municipal (muy buena)&nbsp;<strong>Arbitro<\/strong>: Sebasti\u00e1n Mart\u00ednez (6)&nbsp;<strong>P\u00fablico:<\/strong>&nbsp;1100&nbsp;<strong>Moral:<\/strong>&nbsp;2-0<\/p>\n","protected":false},"excerpt":{"rendered":"<p>El Civismo. Se siente cada vez m\u00e1s cerca del octogonal. Se ilusiona. Y con argumentos. No s\u00f3lo porque matem\u00e1ticamente es &#8230; <a title=\"Gol de Gonzalo P\u00e9rez en la victoria de Luj\u00e1n a Lamadrid (video)\" class=\"read-more\" href=\"https:\/\/www.hoymercedes.com.ar\/principal\/2019\/02\/20\/gol-de-gonzalo-perez-en-la-victoria-de-lujan-a-lamadrid-video\/\" aria-label=\"Leer m\u00e1s sobre Gol de Gonzalo P\u00e9rez en la victoria de Luj\u00e1n a Lamadrid (video)\">Leer m\u00e1s<\/a><\/p>\n","protected":false},"author":1,"featured_media":88383,"comment_status":"closed","ping_status":"open","sticky":false,"template":"","format":"standard","meta":{"_monsterinsights_skip_tracking":false,"_monsterinsights_sitenote_active":false,"_monsterinsights_sitenote_note":"","_monsterinsights_sitenote_category":0,"jetpack_post_was_ever_published":false,"_jetpack_newsletter_access":"","_jetpack_dont_email_post_to_subs":false,"_jetpack_newsletter_tier_id":0,"_jetpack_memberships_contains_paywalled_content":false,"_jetpack_memberships_contains_paid_content":false,"footnotes":"","jetpack_publicize_message":"","jetpack_publicize_feature_enabled":true,"jetpack_social_post_already_shared":true,"jetpack_social_options":{"image_generator_settings":{"template":"highway","default_image_id":0,"font":"","enabled":false},"version":2},"_wpas_customize_per_network":false},"categories":[21],"tags":[12575,86,10725],"class_list":["post-88379","post","type-post","status-publish","format-standard","has-post-thumbnail","hentry","category-deportes","tag-gonzalo-perez","tag-lujan","tag-primera-c","generate-columns","tablet-grid-50","mobile-grid-100","grid-parent","grid-50"],"jetpack_publicize_connections":[],"jetpack_featured_media_url":"https:\/\/www.hoymercedes.com.ar\/principal\/wp-content\/uploads\/2019\/02\/Gonzalo-Perez-Lujan-3.jpg","wps_subtitle":"La Legi\u00f3n","jetpack_sharing_enabled":true,"_links":{"self":[{"href":"https:\/\/www.hoymercedes.com.ar\/principal\/wp-json\/wp\/v2\/posts\/88379","targetHints":{"allow":["GET"]}}],"collection":[{"href":"https:\/\/www.hoymercedes.com.ar\/principal\/wp-json\/wp\/v2\/posts"}],"about":[{"href":"https:\/\/www.hoymercedes.com.ar\/principal\/wp-json\/wp\/v2\/types\/post"}],"author":[{"embeddable":true,"href":"https:\/\/www.hoymercedes.com.ar\/principal\/wp-json\/wp\/v2\/users\/1"}],"replies":[{"embeddable":true,"href":"https:\/\/www.hoymercedes.com.ar\/principal\/wp-json\/wp\/v2\/comments?post=88379"}],"version-history":[{"count":0,"href":"https:\/\/www.hoymercedes.com.ar\/principal\/wp-json\/wp\/v2\/posts\/88379\/revisions"}],"wp:featuredmedia":[{"embeddable":true,"href":"https:\/\/www.hoymercedes.com.ar\/principal\/wp-json\/wp\/v2\/media\/88383"}],"wp:attachment":[{"href":"https:\/\/www.hoymercedes.com.ar\/principal\/wp-json\/wp\/v2\/media?parent=88379"}],"wp:term":[{"taxonomy":"category","embeddable":true,"href":"https:\/\/www.hoymercedes.com.ar\/principal\/wp-json\/wp\/v2\/categories?post=88379"},{"taxonomy":"post_tag","embeddable":true,"href":"https:\/\/www.hoymercedes.com.ar\/principal\/wp-json\/wp\/v2\/tags?post=88379"}],"curies":[{"name":"wp","href":"https:\/\/api.w.org\/{rel}","templated":true}]}}