{"id":88402,"date":"2019-02-21T20:00:40","date_gmt":"2019-02-21T23:00:40","guid":{"rendered":"http:\/\/www.hoymercedes.com.ar\/principal\/?p=88402"},"modified":"2019-02-21T16:51:29","modified_gmt":"2019-02-21T19:51:29","slug":"victoria-ponton-y-manuela-cejas-comenzaron-a-entrenar-en-lujan-rugby-club","status":"publish","type":"post","link":"https:\/\/www.hoymercedes.com.ar\/principal\/2019\/02\/21\/victoria-ponton-y-manuela-cejas-comenzaron-a-entrenar-en-lujan-rugby-club\/","title":{"rendered":"Victoria Pont\u00f3n y Manuela Cejas comenzaron a entrenar en Lujan Rugby Club"},"content":{"rendered":"\n<p>Las mercedinas Victoria Pont\u00f3n y Manuela Cejas dejaron Ateneo de la Juventud para ser parte de Lujan Rugby Club, equipo de hockey que milita en la Asociaci\u00f3n Amateur de Hockey de Buenos Aires cuya temporada 2019 comenzar\u00e1 el 9 de marzo.<\/p>\n\n\n\n<figure class=\"wp-block-image\"><img loading=\"lazy\" decoding=\"async\" width=\"540\" height=\"675\" data-attachment-id=\"88403\" data-permalink=\"https:\/\/www.hoymercedes.com.ar\/principal\/2019\/02\/21\/victoria-ponton-y-manuela-cejas-comenzaron-a-entrenar-en-lujan-rugby-club\/manuela-cejas-victoria-ponton\/#main\" data-orig-file=\"https:\/\/www.hoymercedes.com.ar\/principal\/wp-content\/uploads\/2019\/02\/Manuela-Cejas-Victoria-Ponton.jpg\" data-orig-size=\"540,675\" data-comments-opened=\"0\" data-image-meta=\"{&quot;aperture&quot;:&quot;0&quot;,&quot;credit&quot;:&quot;&quot;,&quot;camera&quot;:&quot;&quot;,&quot;caption&quot;:&quot;&quot;,&quot;created_timestamp&quot;:&quot;0&quot;,&quot;copyright&quot;:&quot;&quot;,&quot;focal_length&quot;:&quot;0&quot;,&quot;iso&quot;:&quot;0&quot;,&quot;shutter_speed&quot;:&quot;0&quot;,&quot;title&quot;:&quot;&quot;,&quot;orientation&quot;:&quot;0&quot;}\" data-image-title=\"Manuela Cejas Victoria Ponton\" data-image-description=\"\" data-image-caption=\"\" data-large-file=\"https:\/\/www.hoymercedes.com.ar\/principal\/wp-content\/uploads\/2019\/02\/Manuela-Cejas-Victoria-Ponton.jpg\" src=\"https:\/\/www.hoymercedes.com.ar\/principal\/wp-content\/uploads\/2019\/02\/Manuela-Cejas-Victoria-Ponton.jpg\" alt=\"\" class=\"wp-image-88403\" srcset=\"https:\/\/www.hoymercedes.com.ar\/principal\/wp-content\/uploads\/2019\/02\/Manuela-Cejas-Victoria-Ponton.jpg 540w, https:\/\/www.hoymercedes.com.ar\/principal\/wp-content\/uploads\/2019\/02\/Manuela-Cejas-Victoria-Ponton-120x150.jpg 120w, https:\/\/www.hoymercedes.com.ar\/principal\/wp-content\/uploads\/2019\/02\/Manuela-Cejas-Victoria-Ponton-496x620.jpg 496w\" sizes=\"auto, (max-width: 540px) 100vw, 540px\" \/><\/figure>\n\n\n\n<p>Las dos jugadoras ya est\u00e1n realizando la pretemporada y con ello jugando sus primeros encuentros amistosos. Ambas vienen de ser figuras en las categor\u00edas de Ateneo, equipo que participa de la Liga del Noroeste de Bonaerense de Hockey.<\/p>\n\n\n\n<p>El primer partido fue ante Regatas de Bella Vista, que termin\u00f3 empatado en uno y Pont\u00f3n y Cejas fueron parte del mismo en Sexta Divisi\u00f3n.<br><\/p>\n","protected":false},"excerpt":{"rendered":"<p>Las mercedinas Victoria Pont\u00f3n y Manuela Cejas dejaron Ateneo de la Juventud para ser parte de Lujan Rugby Club, equipo &#8230; <a title=\"Victoria Pont\u00f3n y Manuela Cejas comenzaron a entrenar en Lujan Rugby Club\" class=\"read-more\" href=\"https:\/\/www.hoymercedes.com.ar\/principal\/2019\/02\/21\/victoria-ponton-y-manuela-cejas-comenzaron-a-entrenar-en-lujan-rugby-club\/\" aria-label=\"Leer m\u00e1s sobre Victoria Pont\u00f3n y Manuela Cejas comenzaron a entrenar en Lujan Rugby Club\">Leer m\u00e1s<\/a><\/p>\n","protected":false},"author":1,"featured_media":88403,"comment_status":"closed","ping_status":"open","sticky":false,"template":"","format":"standard","meta":{"_monsterinsights_skip_tracking":false,"_monsterinsights_sitenote_active":false,"_monsterinsights_sitenote_note":"","_monsterinsights_sitenote_category":0,"jetpack_post_was_ever_published":false,"_jetpack_newsletter_access":"","_jetpack_dont_email_post_to_subs":false,"_jetpack_newsletter_tier_id":0,"_jetpack_memberships_contains_paywalled_content":false,"_jetpack_memberships_contains_paid_content":false,"footnotes":"","jetpack_publicize_message":"","jetpack_publicize_feature_enabled":true,"jetpack_social_post_already_shared":true,"jetpack_social_options":{"image_generator_settings":{"template":"highway","default_image_id":0,"font":"","enabled":false},"version":2},"_wpas_customize_per_network":false},"categories":[21],"tags":[2254,8522,14528,14527],"class_list":["post-88402","post","type-post","status-publish","format-standard","has-post-thumbnail","hentry","category-deportes","tag-ateneo","tag-hockey","tag-manuela-cejas","tag-victoria-ponton","generate-columns","tablet-grid-50","mobile-grid-100","grid-parent","grid-50"],"jetpack_publicize_connections":[],"jetpack_featured_media_url":"https:\/\/www.hoymercedes.com.ar\/principal\/wp-content\/uploads\/2019\/02\/Manuela-Cejas-Victoria-Ponton.jpg","wps_subtitle":"Hockey","jetpack_sharing_enabled":true,"_links":{"self":[{"href":"https:\/\/www.hoymercedes.com.ar\/principal\/wp-json\/wp\/v2\/posts\/88402","targetHints":{"allow":["GET"]}}],"collection":[{"href":"https:\/\/www.hoymercedes.com.ar\/principal\/wp-json\/wp\/v2\/posts"}],"about":[{"href":"https:\/\/www.hoymercedes.com.ar\/principal\/wp-json\/wp\/v2\/types\/post"}],"author":[{"embeddable":true,"href":"https:\/\/www.hoymercedes.com.ar\/principal\/wp-json\/wp\/v2\/users\/1"}],"replies":[{"embeddable":true,"href":"https:\/\/www.hoymercedes.com.ar\/principal\/wp-json\/wp\/v2\/comments?post=88402"}],"version-history":[{"count":0,"href":"https:\/\/www.hoymercedes.com.ar\/principal\/wp-json\/wp\/v2\/posts\/88402\/revisions"}],"wp:featuredmedia":[{"embeddable":true,"href":"https:\/\/www.hoymercedes.com.ar\/principal\/wp-json\/wp\/v2\/media\/88403"}],"wp:attachment":[{"href":"https:\/\/www.hoymercedes.com.ar\/principal\/wp-json\/wp\/v2\/media?parent=88402"}],"wp:term":[{"taxonomy":"category","embeddable":true,"href":"https:\/\/www.hoymercedes.com.ar\/principal\/wp-json\/wp\/v2\/categories?post=88402"},{"taxonomy":"post_tag","embeddable":true,"href":"https:\/\/www.hoymercedes.com.ar\/principal\/wp-json\/wp\/v2\/tags?post=88402"}],"curies":[{"name":"wp","href":"https:\/\/api.w.org\/{rel}","templated":true}]}}