{"id":88410,"date":"2019-02-22T11:35:28","date_gmt":"2019-02-22T14:35:28","guid":{"rendered":"http:\/\/www.hoymercedes.com.ar\/principal\/?p=88410"},"modified":"2019-02-22T09:52:47","modified_gmt":"2019-02-22T12:52:47","slug":"club-mercedes-realizo-una-capacitacion-en-san-lorenzo-de-almagro","status":"publish","type":"post","link":"https:\/\/www.hoymercedes.com.ar\/principal\/2019\/02\/22\/club-mercedes-realizo-una-capacitacion-en-san-lorenzo-de-almagro\/","title":{"rendered":"Club Mercedes realiz\u00f3 una capacitaci\u00f3n en San Lorenzo de Almagro"},"content":{"rendered":"\n<p>La t\u00e9cnica Nacional Mar\u00eda laura Brunello, junto a algunas de sus alumnas federadas por el Club Mercedes, como son Lola Montenegro, Catalina Ocampo, Serena Silva Pasos, Camila Caram, Sof\u00eda Sanchez y Luc\u00eda Alvarez participaron de una jornada de perfeccionamiento tanto para t\u00e9cnicos como para patinadores federados<\/p>\n\n\n\n<figure class=\"wp-block-image\"><img loading=\"lazy\" decoding=\"async\" width=\"1024\" height=\"768\" data-attachment-id=\"88411\" data-permalink=\"https:\/\/www.hoymercedes.com.ar\/principal\/2019\/02\/22\/club-mercedes-realizo-una-capacitacion-en-san-lorenzo-de-almagro\/52668806_575891716217999_4307546172878225408_n\/#main\" data-orig-file=\"https:\/\/www.hoymercedes.com.ar\/principal\/wp-content\/uploads\/2019\/02\/52668806_575891716217999_4307546172878225408_n.jpg\" data-orig-size=\"1440,1080\" data-comments-opened=\"0\" data-image-meta=\"{&quot;aperture&quot;:&quot;0&quot;,&quot;credit&quot;:&quot;&quot;,&quot;camera&quot;:&quot;&quot;,&quot;caption&quot;:&quot;&quot;,&quot;created_timestamp&quot;:&quot;0&quot;,&quot;copyright&quot;:&quot;&quot;,&quot;focal_length&quot;:&quot;0&quot;,&quot;iso&quot;:&quot;0&quot;,&quot;shutter_speed&quot;:&quot;0&quot;,&quot;title&quot;:&quot;&quot;,&quot;orientation&quot;:&quot;0&quot;}\" data-image-title=\"52668806_575891716217999_4307546172878225408_n\" data-image-description=\"\" data-image-caption=\"\" data-large-file=\"https:\/\/www.hoymercedes.com.ar\/principal\/wp-content\/uploads\/2019\/02\/52668806_575891716217999_4307546172878225408_n-1024x768.jpg\" src=\"https:\/\/www.hoymercedes.com.ar\/principal\/wp-content\/uploads\/2019\/02\/52668806_575891716217999_4307546172878225408_n-1024x768.jpg\" alt=\"\" class=\"wp-image-88411\" srcset=\"https:\/\/www.hoymercedes.com.ar\/principal\/wp-content\/uploads\/2019\/02\/52668806_575891716217999_4307546172878225408_n-1024x768.jpg 1024w, https:\/\/www.hoymercedes.com.ar\/principal\/wp-content\/uploads\/2019\/02\/52668806_575891716217999_4307546172878225408_n-150x113.jpg 150w, https:\/\/www.hoymercedes.com.ar\/principal\/wp-content\/uploads\/2019\/02\/52668806_575891716217999_4307546172878225408_n-630x473.jpg 630w, https:\/\/www.hoymercedes.com.ar\/principal\/wp-content\/uploads\/2019\/02\/52668806_575891716217999_4307546172878225408_n-320x240.jpg 320w, https:\/\/www.hoymercedes.com.ar\/principal\/wp-content\/uploads\/2019\/02\/52668806_575891716217999_4307546172878225408_n-100x75.jpg 100w, https:\/\/www.hoymercedes.com.ar\/principal\/wp-content\/uploads\/2019\/02\/52668806_575891716217999_4307546172878225408_n.jpg 1440w\" sizes=\"auto, (max-width: 1024px) 100vw, 1024px\" \/><\/figure>\n\n\n\n<p>Dicho evento, organizado por la Federaci\u00f3n Porte\u00f1a de Patin junto al Colegio de \u00c1rbitros se realiz\u00f3 en las instalaciones del club Sab Lorenzo de Almagro, donde en la primera parte se debati\u00f3 el nuevo sistema de juzgamiento, similar al de hielo, que se comienza a usar a partir de este a\u00f1o y luego una segunda parte practica. <\/p>\n\n\n\n<figure class=\"wp-block-image\"><img loading=\"lazy\" decoding=\"async\" width=\"1024\" height=\"768\" data-attachment-id=\"88412\" data-permalink=\"https:\/\/www.hoymercedes.com.ar\/principal\/2019\/02\/22\/club-mercedes-realizo-una-capacitacion-en-san-lorenzo-de-almagro\/52326944_3043608168998285_5206169492886913024_n\/#main\" data-orig-file=\"https:\/\/www.hoymercedes.com.ar\/principal\/wp-content\/uploads\/2019\/02\/52326944_3043608168998285_5206169492886913024_n.jpg\" data-orig-size=\"1280,960\" data-comments-opened=\"0\" data-image-meta=\"{&quot;aperture&quot;:&quot;0&quot;,&quot;credit&quot;:&quot;&quot;,&quot;camera&quot;:&quot;&quot;,&quot;caption&quot;:&quot;&quot;,&quot;created_timestamp&quot;:&quot;0&quot;,&quot;copyright&quot;:&quot;&quot;,&quot;focal_length&quot;:&quot;0&quot;,&quot;iso&quot;:&quot;0&quot;,&quot;shutter_speed&quot;:&quot;0&quot;,&quot;title&quot;:&quot;&quot;,&quot;orientation&quot;:&quot;0&quot;}\" data-image-title=\"52326944_3043608168998285_5206169492886913024_n\" data-image-description=\"\" data-image-caption=\"\" data-large-file=\"https:\/\/www.hoymercedes.com.ar\/principal\/wp-content\/uploads\/2019\/02\/52326944_3043608168998285_5206169492886913024_n-1024x768.jpg\" src=\"https:\/\/www.hoymercedes.com.ar\/principal\/wp-content\/uploads\/2019\/02\/52326944_3043608168998285_5206169492886913024_n-1024x768.jpg\" alt=\"\" class=\"wp-image-88412\" srcset=\"https:\/\/www.hoymercedes.com.ar\/principal\/wp-content\/uploads\/2019\/02\/52326944_3043608168998285_5206169492886913024_n-1024x768.jpg 1024w, https:\/\/www.hoymercedes.com.ar\/principal\/wp-content\/uploads\/2019\/02\/52326944_3043608168998285_5206169492886913024_n-150x113.jpg 150w, https:\/\/www.hoymercedes.com.ar\/principal\/wp-content\/uploads\/2019\/02\/52326944_3043608168998285_5206169492886913024_n-630x473.jpg 630w, https:\/\/www.hoymercedes.com.ar\/principal\/wp-content\/uploads\/2019\/02\/52326944_3043608168998285_5206169492886913024_n-320x240.jpg 320w, https:\/\/www.hoymercedes.com.ar\/principal\/wp-content\/uploads\/2019\/02\/52326944_3043608168998285_5206169492886913024_n-100x75.jpg 100w, https:\/\/www.hoymercedes.com.ar\/principal\/wp-content\/uploads\/2019\/02\/52326944_3043608168998285_5206169492886913024_n.jpg 1280w\" sizes=\"auto, (max-width: 1024px) 100vw, 1024px\" \/><\/figure>\n","protected":false},"excerpt":{"rendered":"<p>La t\u00e9cnica Nacional Mar\u00eda laura Brunello, junto a algunas de sus alumnas federadas por el Club Mercedes, como son Lola &#8230; <a title=\"Club Mercedes realiz\u00f3 una capacitaci\u00f3n en San Lorenzo de Almagro\" class=\"read-more\" href=\"https:\/\/www.hoymercedes.com.ar\/principal\/2019\/02\/22\/club-mercedes-realizo-una-capacitacion-en-san-lorenzo-de-almagro\/\" aria-label=\"Leer m\u00e1s sobre Club Mercedes realiz\u00f3 una capacitaci\u00f3n en San Lorenzo de Almagro\">Leer m\u00e1s<\/a><\/p>\n","protected":false},"author":1,"featured_media":88411,"comment_status":"closed","ping_status":"open","sticky":false,"template":"","format":"standard","meta":{"_monsterinsights_skip_tracking":false,"_monsterinsights_sitenote_active":false,"_monsterinsights_sitenote_note":"","_monsterinsights_sitenote_category":0,"jetpack_post_was_ever_published":false,"_jetpack_newsletter_access":"","_jetpack_dont_email_post_to_subs":false,"_jetpack_newsletter_tier_id":0,"_jetpack_memberships_contains_paywalled_content":false,"_jetpack_memberships_contains_paid_content":false,"footnotes":"","jetpack_publicize_message":"","jetpack_publicize_feature_enabled":true,"jetpack_social_post_already_shared":true,"jetpack_social_options":{"image_generator_settings":{"template":"highway","default_image_id":0,"font":"","enabled":false},"version":2},"_wpas_customize_per_network":false},"categories":[21],"tags":[6702,14532],"class_list":["post-88410","post","type-post","status-publish","format-standard","has-post-thumbnail","hentry","category-deportes","tag-patin","tag-san-lorenzo-de-almagro","generate-columns","tablet-grid-50","mobile-grid-100","grid-parent","grid-50"],"jetpack_publicize_connections":[],"jetpack_featured_media_url":"https:\/\/www.hoymercedes.com.ar\/principal\/wp-content\/uploads\/2019\/02\/52668806_575891716217999_4307546172878225408_n.jpg","wps_subtitle":"Pat\u00edn","jetpack_sharing_enabled":true,"_links":{"self":[{"href":"https:\/\/www.hoymercedes.com.ar\/principal\/wp-json\/wp\/v2\/posts\/88410","targetHints":{"allow":["GET"]}}],"collection":[{"href":"https:\/\/www.hoymercedes.com.ar\/principal\/wp-json\/wp\/v2\/posts"}],"about":[{"href":"https:\/\/www.hoymercedes.com.ar\/principal\/wp-json\/wp\/v2\/types\/post"}],"author":[{"embeddable":true,"href":"https:\/\/www.hoymercedes.com.ar\/principal\/wp-json\/wp\/v2\/users\/1"}],"replies":[{"embeddable":true,"href":"https:\/\/www.hoymercedes.com.ar\/principal\/wp-json\/wp\/v2\/comments?post=88410"}],"version-history":[{"count":0,"href":"https:\/\/www.hoymercedes.com.ar\/principal\/wp-json\/wp\/v2\/posts\/88410\/revisions"}],"wp:featuredmedia":[{"embeddable":true,"href":"https:\/\/www.hoymercedes.com.ar\/principal\/wp-json\/wp\/v2\/media\/88411"}],"wp:attachment":[{"href":"https:\/\/www.hoymercedes.com.ar\/principal\/wp-json\/wp\/v2\/media?parent=88410"}],"wp:term":[{"taxonomy":"category","embeddable":true,"href":"https:\/\/www.hoymercedes.com.ar\/principal\/wp-json\/wp\/v2\/categories?post=88410"},{"taxonomy":"post_tag","embeddable":true,"href":"https:\/\/www.hoymercedes.com.ar\/principal\/wp-json\/wp\/v2\/tags?post=88410"}],"curies":[{"name":"wp","href":"https:\/\/api.w.org\/{rel}","templated":true}]}}