{"id":88428,"date":"2019-02-20T10:17:29","date_gmt":"2019-02-20T13:17:29","guid":{"rendered":"http:\/\/www.hoymercedes.com.ar\/principal\/?p=88428"},"modified":"2019-02-20T10:21:55","modified_gmt":"2019-02-20T13:21:55","slug":"la-asamblea-de-mujeres-se-sumo-al-panuelazo","status":"publish","type":"post","link":"https:\/\/www.hoymercedes.com.ar\/principal\/2019\/02\/20\/la-asamblea-de-mujeres-se-sumo-al-panuelazo\/","title":{"rendered":"La Asamblea de Mujeres se sum\u00f3 al pa\u00f1uelazo"},"content":{"rendered":"\n<p>El \u201c19F\u201d se realiz\u00f3 en la tarde desde martes en todo el pa\u00eds. La Asamblea de Mujeres Mercedinas se sum\u00f3 a la movida que congreg\u00f3 a miles de personas en el Congreso y en capitales de provincias del pa\u00eds para conmemorar el primer aniversario del pa\u00f1uelazo federal que se realiz\u00f3 el 19 de febrero del a\u00f1o pasado con la propuesta de que ese d\u00eda sea considerado como el D\u00eda de Acci\u00f3n Verde por el Derecho al Aborto. <\/p>\n\n\n\n<figure class=\"wp-block-image\"><img loading=\"lazy\" decoding=\"async\" width=\"750\" height=\"444\" data-attachment-id=\"88429\" data-permalink=\"https:\/\/www.hoymercedes.com.ar\/principal\/2019\/02\/20\/la-asamblea-de-mujeres-se-sumo-al-panuelazo\/20-panuelazo\/#main\" data-orig-file=\"https:\/\/www.hoymercedes.com.ar\/principal\/wp-content\/uploads\/2019\/02\/20-pa\u00f1uelazo.jpg\" data-orig-size=\"750,444\" data-comments-opened=\"0\" data-image-meta=\"{&quot;aperture&quot;:&quot;0&quot;,&quot;credit&quot;:&quot;&quot;,&quot;camera&quot;:&quot;&quot;,&quot;caption&quot;:&quot;&quot;,&quot;created_timestamp&quot;:&quot;0&quot;,&quot;copyright&quot;:&quot;&quot;,&quot;focal_length&quot;:&quot;0&quot;,&quot;iso&quot;:&quot;0&quot;,&quot;shutter_speed&quot;:&quot;0&quot;,&quot;title&quot;:&quot;&quot;,&quot;orientation&quot;:&quot;0&quot;}\" data-image-title=\"20 pa\u00f1uelazo\" data-image-description=\"\" data-image-caption=\"\" data-large-file=\"https:\/\/www.hoymercedes.com.ar\/principal\/wp-content\/uploads\/2019\/02\/20-pa\u00f1uelazo.jpg\" src=\"https:\/\/www.hoymercedes.com.ar\/principal\/wp-content\/uploads\/2019\/02\/20-pa\u00f1uelazo.jpg\" alt=\"\" class=\"wp-image-88429\" srcset=\"https:\/\/www.hoymercedes.com.ar\/principal\/wp-content\/uploads\/2019\/02\/20-pa\u00f1uelazo.jpg 750w, https:\/\/www.hoymercedes.com.ar\/principal\/wp-content\/uploads\/2019\/02\/20-pa\u00f1uelazo-150x89.jpg 150w, https:\/\/www.hoymercedes.com.ar\/principal\/wp-content\/uploads\/2019\/02\/20-pa\u00f1uelazo-630x373.jpg 630w\" sizes=\"auto, (max-width: 750px) 100vw, 750px\" \/><\/figure>\n\n\n\n<p>El pedido se repite: que el Congreso apruebe la Ley IVE (Interrupci\u00f3n Voluntaria del Embarazo). Tambi\u00e9n se exigi\u00f3 la implementaci\u00f3n de la Ley de Educaci\u00f3n Sexual Integral (ESI) en las escuelas, el \u201cPrograma nacional de salud sexual y procreaci\u00f3n responsable\u201d y el \u201cProtocolo para la atenci\u00f3n integral de las personas con derecho a la interrupci\u00f3n legal del embarazo\u201d. <\/p>\n\n\n\n<p>Pasado el encuentro del martes, la Asamblea de Mujeres Mercedinas convocan para el d\u00eda viernes 22 de febrero, 19 horas, en la Casa del Pueblo (calle 35 entre 22 y 24) y continuar con la organizaci\u00f3n del #8M, el Paro Internacional de Mujeres para el d\u00eda 8 de marzo, d\u00eda internacional de la mujer. <\/p>\n\n\n\n<p><\/p>\n","protected":false},"excerpt":{"rendered":"<p>El \u201c19F\u201d se realiz\u00f3 en la tarde desde martes en todo el pa\u00eds. La Asamblea de Mujeres Mercedinas se sum\u00f3 &#8230; <a title=\"La Asamblea de Mujeres se sum\u00f3 al pa\u00f1uelazo\" class=\"read-more\" href=\"https:\/\/www.hoymercedes.com.ar\/principal\/2019\/02\/20\/la-asamblea-de-mujeres-se-sumo-al-panuelazo\/\" aria-label=\"Leer m\u00e1s sobre La Asamblea de Mujeres se sum\u00f3 al pa\u00f1uelazo\">Leer m\u00e1s<\/a><\/p>\n","protected":false},"author":1,"featured_media":88429,"comment_status":"closed","ping_status":"open","sticky":false,"template":"","format":"standard","meta":{"_monsterinsights_skip_tracking":false,"_monsterinsights_sitenote_active":false,"_monsterinsights_sitenote_note":"","_monsterinsights_sitenote_category":0,"jetpack_post_was_ever_published":false,"_jetpack_newsletter_access":"","_jetpack_dont_email_post_to_subs":false,"_jetpack_newsletter_tier_id":0,"_jetpack_memberships_contains_paywalled_content":false,"_jetpack_memberships_contains_paid_content":false,"footnotes":"","jetpack_publicize_message":"","jetpack_publicize_feature_enabled":true,"jetpack_social_post_already_shared":true,"jetpack_social_options":{"image_generator_settings":{"template":"highway","default_image_id":0,"font":"","enabled":false},"version":2},"_wpas_customize_per_network":false},"categories":[8],"tags":[14450,12569,14535],"class_list":["post-88428","post","type-post","status-publish","format-standard","has-post-thumbnail","hentry","category-sociedad","tag-8m-2","tag-asamblea-de-mujeres-mercedinas","tag-panuelazo-verde","generate-columns","tablet-grid-50","mobile-grid-100","grid-parent","grid-50"],"jetpack_publicize_connections":[],"jetpack_featured_media_url":"https:\/\/www.hoymercedes.com.ar\/principal\/wp-content\/uploads\/2019\/02\/20-pa\u00f1uelazo.jpg","wps_subtitle":"Lucha para que se apruebe la Ley IVE","jetpack_sharing_enabled":true,"_links":{"self":[{"href":"https:\/\/www.hoymercedes.com.ar\/principal\/wp-json\/wp\/v2\/posts\/88428","targetHints":{"allow":["GET"]}}],"collection":[{"href":"https:\/\/www.hoymercedes.com.ar\/principal\/wp-json\/wp\/v2\/posts"}],"about":[{"href":"https:\/\/www.hoymercedes.com.ar\/principal\/wp-json\/wp\/v2\/types\/post"}],"author":[{"embeddable":true,"href":"https:\/\/www.hoymercedes.com.ar\/principal\/wp-json\/wp\/v2\/users\/1"}],"replies":[{"embeddable":true,"href":"https:\/\/www.hoymercedes.com.ar\/principal\/wp-json\/wp\/v2\/comments?post=88428"}],"version-history":[{"count":0,"href":"https:\/\/www.hoymercedes.com.ar\/principal\/wp-json\/wp\/v2\/posts\/88428\/revisions"}],"wp:featuredmedia":[{"embeddable":true,"href":"https:\/\/www.hoymercedes.com.ar\/principal\/wp-json\/wp\/v2\/media\/88429"}],"wp:attachment":[{"href":"https:\/\/www.hoymercedes.com.ar\/principal\/wp-json\/wp\/v2\/media?parent=88428"}],"wp:term":[{"taxonomy":"category","embeddable":true,"href":"https:\/\/www.hoymercedes.com.ar\/principal\/wp-json\/wp\/v2\/categories?post=88428"},{"taxonomy":"post_tag","embeddable":true,"href":"https:\/\/www.hoymercedes.com.ar\/principal\/wp-json\/wp\/v2\/tags?post=88428"}],"curies":[{"name":"wp","href":"https:\/\/api.w.org\/{rel}","templated":true}]}}